{"id":5572,"date":"2026-04-28T16:18:30","date_gmt":"2026-04-28T22:18:30","guid":{"rendered":"https:\/\/vocesdeveracruz.com.mx\/?p=5572"},"modified":"2026-04-28T16:18:30","modified_gmt":"2026-04-28T22:18:30","slug":"compromiso-cumplido-rocio-nahle-entrega-primer-tramo-de-isla-santiago-tuxtla","status":"publish","type":"post","link":"https:\/\/vocesdeveracruz.com.mx\/?p=5572","title":{"rendered":"Compromiso cumplido: Roc\u00edo Nahle entrega primer tramo de Isla\u2013Santiago Tuxtla"},"content":{"rendered":"\n<p>&gt;Supervisa avance del puente El Mostal, obra ejecutada por la SIOP.<\/p>\n\n\n\n<p>&gt;Veracruz avanza con hechos, alejado de la simulaci\u00f3n y enfocado en el bienestar.<\/p>\n\n\n\n<p><strong>Isla, Ver.\u2013<\/strong>\u00a0La gobernadora Roc\u00edo Nahle Garc\u00eda inaugur\u00f3 la reconstrucci\u00f3n de los primeros 15 kil\u00f3metros del tramo carretero Isla\u2013entronque con la autopista 145D, obra que forma parte del proyecto integral de 60 kil\u00f3metros que conectar\u00e1 a Isla con Santiago Tuxtla.<\/p>\n\n\n\n<p>\u201cHoy decimos compromiso cumplido. En nuestro movimiento transformador, la palabra se honra con hechos, sin distinci\u00f3n alguna\u201d, expres\u00f3.<\/p>\n\n\n\n<p>Destac\u00f3 que esta obra responde a un compromiso de campa\u00f1a y atiende una demanda hist\u00f3rica, tras m\u00e1s de 20 a\u00f1os sin intervenci\u00f3n mayor en la v\u00eda, la cual ahora cuenta con reconstrucci\u00f3n total de base y carpeta asf\u00e1ltica.<\/p>\n\n\n\n<div class=\"wp-block-columns is-layout-flex wp-container-core-columns-is-layout-9d6595d7 wp-block-columns-is-layout-flex\">\n<div class=\"wp-block-column is-layout-flow wp-block-column-is-layout-flow\">\n<figure class=\"wp-block-image size-large\"><img loading=\"lazy\" decoding=\"async\" width=\"1024\" height=\"576\" src=\"https:\/\/vocesdeveracruz.com.mx\/wp-content\/uploads\/2026\/04\/683699425_1372428891587009_6635128727575709029_n-1024x576.jpg\" alt=\"\" class=\"wp-image-5574\" srcset=\"https:\/\/vocesdeveracruz.com.mx\/wp-content\/uploads\/2026\/04\/683699425_1372428891587009_6635128727575709029_n-1024x576.jpg 1024w, https:\/\/vocesdeveracruz.com.mx\/wp-content\/uploads\/2026\/04\/683699425_1372428891587009_6635128727575709029_n-300x169.jpg 300w, https:\/\/vocesdeveracruz.com.mx\/wp-content\/uploads\/2026\/04\/683699425_1372428891587009_6635128727575709029_n-768x432.jpg 768w, https:\/\/vocesdeveracruz.com.mx\/wp-content\/uploads\/2026\/04\/683699425_1372428891587009_6635128727575709029_n.jpg 1280w\" sizes=\"auto, (max-width: 1024px) 100vw, 1024px\" \/><\/figure>\n<\/div>\n\n\n\n<div class=\"wp-block-column is-layout-flow wp-block-column-is-layout-flow\">\n<figure class=\"wp-block-image size-large\"><img loading=\"lazy\" decoding=\"async\" width=\"1024\" height=\"684\" src=\"https:\/\/vocesdeveracruz.com.mx\/wp-content\/uploads\/2026\/04\/682502036_1372429131586985_7103227315154084973_n-1024x684.jpg\" alt=\"\" class=\"wp-image-5575\" srcset=\"https:\/\/vocesdeveracruz.com.mx\/wp-content\/uploads\/2026\/04\/682502036_1372429131586985_7103227315154084973_n-1024x684.jpg 1024w, https:\/\/vocesdeveracruz.com.mx\/wp-content\/uploads\/2026\/04\/682502036_1372429131586985_7103227315154084973_n-300x200.jpg 300w, https:\/\/vocesdeveracruz.com.mx\/wp-content\/uploads\/2026\/04\/682502036_1372429131586985_7103227315154084973_n-768x513.jpg 768w, https:\/\/vocesdeveracruz.com.mx\/wp-content\/uploads\/2026\/04\/682502036_1372429131586985_7103227315154084973_n-1536x1026.jpg 1536w, https:\/\/vocesdeveracruz.com.mx\/wp-content\/uploads\/2026\/04\/682502036_1372429131586985_7103227315154084973_n.jpg 2048w\" sizes=\"auto, (max-width: 1024px) 100vw, 1024px\" \/><\/figure>\n<\/div>\n\n\n\n<div class=\"wp-block-column is-layout-flow wp-block-column-is-layout-flow\">\n<figure class=\"wp-block-image size-large\"><img loading=\"lazy\" decoding=\"async\" width=\"1024\" height=\"576\" src=\"https:\/\/vocesdeveracruz.com.mx\/wp-content\/uploads\/2026\/04\/684270803_1372429171586981_1180475056490008403_n-1024x576.jpg\" alt=\"\" class=\"wp-image-5576\" srcset=\"https:\/\/vocesdeveracruz.com.mx\/wp-content\/uploads\/2026\/04\/684270803_1372429171586981_1180475056490008403_n-1024x576.jpg 1024w, https:\/\/vocesdeveracruz.com.mx\/wp-content\/uploads\/2026\/04\/684270803_1372429171586981_1180475056490008403_n-300x169.jpg 300w, https:\/\/vocesdeveracruz.com.mx\/wp-content\/uploads\/2026\/04\/684270803_1372429171586981_1180475056490008403_n-768x432.jpg 768w, https:\/\/vocesdeveracruz.com.mx\/wp-content\/uploads\/2026\/04\/684270803_1372429171586981_1180475056490008403_n-1536x864.jpg 1536w, https:\/\/vocesdeveracruz.com.mx\/wp-content\/uploads\/2026\/04\/684270803_1372429171586981_1180475056490008403_n.jpg 2048w\" sizes=\"auto, (max-width: 1024px) 100vw, 1024px\" \/><\/figure>\n<\/div>\n<\/div>\n\n\n\n<p>Este tramo carretero es estrat\u00e9gico para la movilidad y el desarrollo regional, al facilitar el traslado de productos, estudiantes y familias, fortaleciendo la conectividad entre municipios y el acceso a la regi\u00f3n de Los Tuxtlas.<\/p>\n\n\n\n<p>\u201cIsla y esta regi\u00f3n no son m\u00e1s, pero tampoco menos que nadie. Aqu\u00ed hay trabajo, aqu\u00ed hay producci\u00f3n y aqu\u00ed hay futuro\u201d, afirm\u00f3.<\/p>\n\n\n\n<p>En este contexto, subray\u00f3 que, en coordinaci\u00f3n con la presidenta Claudia Sheinbaum Pardo, su administraci\u00f3n avanza en la construcci\u00f3n del segundo piso de la Cuarta Transformaci\u00f3n, basada en resultados tangibles y en una pol\u00edtica p\u00fablica que prioriza el bienestar colectivo.<\/p>\n\n\n\n<p>En el marco de su jornada de trabajo, supervis\u00f3 el avance en la construcci\u00f3n del puente El Mostal, proyecto a cargo de la Secretar\u00eda de Infraestructura y Obras P\u00fablicas (SIOP), que fortalecer\u00e1 la seguridad y la conectividad en la zona.<\/p>\n\n\n\n<p>Acompa\u00f1aron a la Gobernadora el secretario de Infraestructura y Obras P\u00fablicas, Leonardo Cornejo Serrano; la subsecretaria de Educaci\u00f3n B\u00e1sica, Maritza Ram\u00edrez Aguilar; la diputada federal Paola Tenorio Adame; la diputada local Janix Liliana Castro Mu\u00f1oz, y el presidente municipal de Santiago Tuxtla, No\u00e9 Dom\u00ednguez Cadena.<\/p>\n\n\n\n<p>\u2014000\u2014<\/p>\n","protected":false},"excerpt":{"rendered":"<p>&gt;Supervisa avance del puente El Mostal, obra ejecutada por la SIOP. &gt;Veracruz avanza con hechos, alejado de la simulaci\u00f3n y enfocado en el bienestar. Isla, Ver.\u2013\u00a0La gobernadora Roc\u00edo Nahle Garc\u00eda&hellip;<\/p>\n","protected":false},"author":1,"featured_media":5573,"comment_status":"open","ping_status":"closed","sticky":false,"template":"","format":"standard","meta":{"footnotes":""},"categories":[71],"tags":[],"class_list":["post-5572","post","type-post","status-publish","format-standard","has-post-thumbnail","hentry","category-estatal"],"magazineBlocksPostFeaturedMedia":{"thumbnail":"https:\/\/vocesdeveracruz.com.mx\/wp-content\/uploads\/2026\/04\/682774386_1372428794920352_8089978402134067741_n-150x150.jpg","medium":"https:\/\/vocesdeveracruz.com.mx\/wp-content\/uploads\/2026\/04\/682774386_1372428794920352_8089978402134067741_n-300x200.jpg","medium_large":"https:\/\/vocesdeveracruz.com.mx\/wp-content\/uploads\/2026\/04\/682774386_1372428794920352_8089978402134067741_n-768x512.jpg","large":"https:\/\/vocesdeveracruz.com.mx\/wp-content\/uploads\/2026\/04\/682774386_1372428794920352_8089978402134067741_n-1024x683.jpg","1536x1536":"https:\/\/vocesdeveracruz.com.mx\/wp-content\/uploads\/2026\/04\/682774386_1372428794920352_8089978402134067741_n-1536x1025.jpg","2048x2048":"https:\/\/vocesdeveracruz.com.mx\/wp-content\/uploads\/2026\/04\/682774386_1372428794920352_8089978402134067741_n.jpg"},"magazineBlocksPostAuthor":{"name":"admin","avatar":"https:\/\/secure.gravatar.com\/avatar\/9d5013f9042ef2dfeb4122e9609da41e1858252ad644b84f2ec3a64ab59cceaf?s=96&d=mm&r=g"},"magazineBlocksPostCommentsNumber":"0","magazineBlocksPostExcerpt":"&gt;Supervisa avance del puente El Mostal, obra ejecutada por la SIOP. &gt;Veracruz avanza con hechos, alejado de la simulaci\u00f3n y enfocado en el bienestar. Isla, Ver.\u2013\u00a0La gobernadora Roc\u00edo Nahle Garc\u00eda&hellip;","magazineBlocksPostCategories":["ESTATAL"],"magazineBlocksPostViewCount":33,"magazineBlocksPostReadTime":2,"magazine_blocks_featured_image_url":{"full":["https:\/\/vocesdeveracruz.com.mx\/wp-content\/uploads\/2026\/04\/682774386_1372428794920352_8089978402134067741_n.jpg",2048,1366,false],"medium":["https:\/\/vocesdeveracruz.com.mx\/wp-content\/uploads\/2026\/04\/682774386_1372428794920352_8089978402134067741_n-300x200.jpg",300,200,true],"thumbnail":["https:\/\/vocesdeveracruz.com.mx\/wp-content\/uploads\/2026\/04\/682774386_1372428794920352_8089978402134067741_n-150x150.jpg",150,150,true]},"magazine_blocks_author":{"display_name":"admin","author_link":"https:\/\/vocesdeveracruz.com.mx\/?author=1"},"magazine_blocks_comment":0,"magazine_blocks_author_image":"https:\/\/secure.gravatar.com\/avatar\/9d5013f9042ef2dfeb4122e9609da41e1858252ad644b84f2ec3a64ab59cceaf?s=96&d=mm&r=g","magazine_blocks_category":"<a href=\"https:\/\/vocesdeveracruz.com.mx\/?cat=71\" rel=\"category\">ESTATAL<\/a>","_links":{"self":[{"href":"https:\/\/vocesdeveracruz.com.mx\/index.php?rest_route=\/wp\/v2\/posts\/5572","targetHints":{"allow":["GET"]}}],"collection":[{"href":"https:\/\/vocesdeveracruz.com.mx\/index.php?rest_route=\/wp\/v2\/posts"}],"about":[{"href":"https:\/\/vocesdeveracruz.com.mx\/index.php?rest_route=\/wp\/v2\/types\/post"}],"author":[{"embeddable":true,"href":"https:\/\/vocesdeveracruz.com.mx\/index.php?rest_route=\/wp\/v2\/users\/1"}],"replies":[{"embeddable":true,"href":"https:\/\/vocesdeveracruz.com.mx\/index.php?rest_route=%2Fwp%2Fv2%2Fcomments&post=5572"}],"version-history":[{"count":1,"href":"https:\/\/vocesdeveracruz.com.mx\/index.php?rest_route=\/wp\/v2\/posts\/5572\/revisions"}],"predecessor-version":[{"id":5577,"href":"https:\/\/vocesdeveracruz.com.mx\/index.php?rest_route=\/wp\/v2\/posts\/5572\/revisions\/5577"}],"wp:featuredmedia":[{"embeddable":true,"href":"https:\/\/vocesdeveracruz.com.mx\/index.php?rest_route=\/wp\/v2\/media\/5573"}],"wp:attachment":[{"href":"https:\/\/vocesdeveracruz.com.mx\/index.php?rest_route=%2Fwp%2Fv2%2Fmedia&parent=5572"}],"wp:term":[{"taxonomy":"category","embeddable":true,"href":"https:\/\/vocesdeveracruz.com.mx\/index.php?rest_route=%2Fwp%2Fv2%2Fcategories&post=5572"},{"taxonomy":"post_tag","embeddable":true,"href":"https:\/\/vocesdeveracruz.com.mx\/index.php?rest_route=%2Fwp%2Fv2%2Ftags&post=5572"}],"curies":[{"name":"wp","href":"https:\/\/api.w.org\/{rel}","templated":true}]}}