{"id":5569,"date":"2026-04-28T16:16:06","date_gmt":"2026-04-28T22:16:06","guid":{"rendered":"https:\/\/vocesdeveracruz.com.mx\/?p=5569"},"modified":"2026-04-28T16:16:06","modified_gmt":"2026-04-28T22:16:06","slug":"piden-inclusion-total-de-pueblos-y-comunidades-indigenas-en-la-ley","status":"publish","type":"post","link":"https:\/\/vocesdeveracruz.com.mx\/?p=5569","title":{"rendered":"Piden inclusi\u00f3n total de pueblos y comunidades ind\u00edgenas en la ley"},"content":{"rendered":"\n<p>El Grupo Legislativo del Partido Verde Ecologista de M\u00e9xico (PVEM) present\u00f3 una Iniciativa que tiene como objetivo reconocer, proteger y garantizar la inclusi\u00f3n de todos los pueblos y comunidades ind\u00edgenas u originarios asentados o residentes, temporal o permanentemente, en el territorio veracruzano, de acuerdo con el Cat\u00e1logo Nacional de Pueblos y Comunidades Ind\u00edgenas y Afromexicanas.<\/p>\n\n\n\n<p>Correspondi\u00f3 al diputado Urbano Bautista Mart\u00ednez presentar dicha propuesta durante la Sexta Sesi\u00f3n del Segundo Periodo Ordinario del segundo a\u00f1o de labores. Desde la tribuna, se\u00f1al\u00f3 que el actual Art\u00edculo 6 de la Ley de Derechos y Culturas Ind\u00edgenas del estado de Veracruz enumera 13 pueblos ind\u00edgenas: n\u00e1huatl, huasteco, tepehua, otom\u00ed, totonaca, zapoteco, popoluca, mixe, chinanteco, mazateco, maya, zoque y mixteco.<\/p>\n\n\n\n<p>En continuidad con las recientes reformas a los art\u00edculos 2\u00ba de la Constituci\u00f3n Pol\u00edtica de los Estados Unidos Mexicanos y 5\u00ba de la Constituci\u00f3n Pol\u00edtica del Estado de Veracruz, la actualizaci\u00f3n propuesta precisa que el Estado deber\u00e1 garantizar que no exista exclusi\u00f3n alguna por motivos de denominaci\u00f3n o falta de enumeraci\u00f3n taxativa.<\/p>\n\n\n\n<p>Fundamentada en los estudios y datos t\u00e9cnicos proporcionados por la Direcci\u00f3n General de la Academia Veracruzana de las Lenguas Ind\u00edgenas (Aveli) y la Subdirecci\u00f3n de Investigaci\u00f3n de las Lenguas Ind\u00edgenas, la Iniciativa con Proyecto de Decreto por el que se reforma el mencionado Art\u00edculo 6 fue turnada a la Comisi\u00f3n Permanente de Asuntos Ind\u00edgenas y de las Comunidades Afrodescendientes.<\/p>\n","protected":false},"excerpt":{"rendered":"<p>El Grupo Legislativo del Partido Verde Ecologista de M\u00e9xico (PVEM) present\u00f3 una Iniciativa que tiene como objetivo reconocer, proteger y garantizar la inclusi\u00f3n de todos los pueblos y comunidades ind\u00edgenas&hellip;<\/p>\n","protected":false},"author":1,"featured_media":5570,"comment_status":"open","ping_status":"closed","sticky":false,"template":"","format":"standard","meta":{"footnotes":""},"categories":[71],"tags":[],"class_list":["post-5569","post","type-post","status-publish","format-standard","has-post-thumbnail","hentry","category-estatal"],"magazineBlocksPostFeaturedMedia":{"thumbnail":"https:\/\/vocesdeveracruz.com.mx\/wp-content\/uploads\/2026\/04\/NOV28ABRIL2026URBANO1-150x150.jpg","medium":"https:\/\/vocesdeveracruz.com.mx\/wp-content\/uploads\/2026\/04\/NOV28ABRIL2026URBANO1-300x200.jpg","medium_large":"https:\/\/vocesdeveracruz.com.mx\/wp-content\/uploads\/2026\/04\/NOV28ABRIL2026URBANO1-768x513.jpg","large":"https:\/\/vocesdeveracruz.com.mx\/wp-content\/uploads\/2026\/04\/NOV28ABRIL2026URBANO1-1024x684.jpg","1536x1536":"https:\/\/vocesdeveracruz.com.mx\/wp-content\/uploads\/2026\/04\/NOV28ABRIL2026URBANO1-1536x1025.jpg","2048x2048":"https:\/\/vocesdeveracruz.com.mx\/wp-content\/uploads\/2026\/04\/NOV28ABRIL2026URBANO1.jpg"},"magazineBlocksPostAuthor":{"name":"admin","avatar":"https:\/\/secure.gravatar.com\/avatar\/9d5013f9042ef2dfeb4122e9609da41e1858252ad644b84f2ec3a64ab59cceaf?s=96&d=mm&r=g"},"magazineBlocksPostCommentsNumber":"0","magazineBlocksPostExcerpt":"El Grupo Legislativo del Partido Verde Ecologista de M\u00e9xico (PVEM) present\u00f3 una Iniciativa que tiene como objetivo reconocer, proteger y garantizar la inclusi\u00f3n de todos los pueblos y comunidades ind\u00edgenas&hellip;","magazineBlocksPostCategories":["ESTATAL"],"magazineBlocksPostViewCount":3,"magazineBlocksPostReadTime":2,"magazine_blocks_featured_image_url":{"full":["https:\/\/vocesdeveracruz.com.mx\/wp-content\/uploads\/2026\/04\/NOV28ABRIL2026URBANO1.jpg",1600,1068,false],"medium":["https:\/\/vocesdeveracruz.com.mx\/wp-content\/uploads\/2026\/04\/NOV28ABRIL2026URBANO1-300x200.jpg",300,200,true],"thumbnail":["https:\/\/vocesdeveracruz.com.mx\/wp-content\/uploads\/2026\/04\/NOV28ABRIL2026URBANO1-150x150.jpg",150,150,true]},"magazine_blocks_author":{"display_name":"admin","author_link":"https:\/\/vocesdeveracruz.com.mx\/?author=1"},"magazine_blocks_comment":0,"magazine_blocks_author_image":"https:\/\/secure.gravatar.com\/avatar\/9d5013f9042ef2dfeb4122e9609da41e1858252ad644b84f2ec3a64ab59cceaf?s=96&d=mm&r=g","magazine_blocks_category":"<a href=\"https:\/\/vocesdeveracruz.com.mx\/?cat=71\" rel=\"category\">ESTATAL<\/a>","_links":{"self":[{"href":"https:\/\/vocesdeveracruz.com.mx\/index.php?rest_route=\/wp\/v2\/posts\/5569","targetHints":{"allow":["GET"]}}],"collection":[{"href":"https:\/\/vocesdeveracruz.com.mx\/index.php?rest_route=\/wp\/v2\/posts"}],"about":[{"href":"https:\/\/vocesdeveracruz.com.mx\/index.php?rest_route=\/wp\/v2\/types\/post"}],"author":[{"embeddable":true,"href":"https:\/\/vocesdeveracruz.com.mx\/index.php?rest_route=\/wp\/v2\/users\/1"}],"replies":[{"embeddable":true,"href":"https:\/\/vocesdeveracruz.com.mx\/index.php?rest_route=%2Fwp%2Fv2%2Fcomments&post=5569"}],"version-history":[{"count":1,"href":"https:\/\/vocesdeveracruz.com.mx\/index.php?rest_route=\/wp\/v2\/posts\/5569\/revisions"}],"predecessor-version":[{"id":5571,"href":"https:\/\/vocesdeveracruz.com.mx\/index.php?rest_route=\/wp\/v2\/posts\/5569\/revisions\/5571"}],"wp:featuredmedia":[{"embeddable":true,"href":"https:\/\/vocesdeveracruz.com.mx\/index.php?rest_route=\/wp\/v2\/media\/5570"}],"wp:attachment":[{"href":"https:\/\/vocesdeveracruz.com.mx\/index.php?rest_route=%2Fwp%2Fv2%2Fmedia&parent=5569"}],"wp:term":[{"taxonomy":"category","embeddable":true,"href":"https:\/\/vocesdeveracruz.com.mx\/index.php?rest_route=%2Fwp%2Fv2%2Fcategories&post=5569"},{"taxonomy":"post_tag","embeddable":true,"href":"https:\/\/vocesdeveracruz.com.mx\/index.php?rest_route=%2Fwp%2Fv2%2Ftags&post=5569"}],"curies":[{"name":"wp","href":"https:\/\/api.w.org\/{rel}","templated":true}]}}