{"id":5566,"date":"2026-04-28T16:13:17","date_gmt":"2026-04-28T22:13:17","guid":{"rendered":"https:\/\/vocesdeveracruz.com.mx\/?p=5566"},"modified":"2026-04-28T16:13:17","modified_gmt":"2026-04-28T22:13:17","slug":"propone-diputado-uso-del-uniforme-neutro-en-escuelas-de-veracruz","status":"publish","type":"post","link":"https:\/\/vocesdeveracruz.com.mx\/?p=5566","title":{"rendered":"Propone diputado uso del uniforme neutro en escuelas de Veracruz"},"content":{"rendered":"\n<p>El diputado Adri\u00e1n Sigfrido \u00c1vila Estrada propuso que en los centros escolares p\u00fablicos y privados incorporados al sistema educativo de Veracruz se permita el uso de uniforme neutro, es decir, que las ni\u00f1as, los ni\u00f1os y adolescentes puedan elegir libremente portar pantal\u00f3n o falda para asistir a clases.<\/p>\n\n\n\n<p>Para tal efecto, durante la Sexta Sesi\u00f3n Ordinaria, el legislador present\u00f3 una Iniciativa para actualizar la Ley de Educaci\u00f3n del estado. En \u00e9sta plantea que ninguna autoridad educativa, docente o administrativa pueda condicionar la asistencia a los centros escolares, ni imponer restricciones al ejercicio del derecho a la educaci\u00f3n, con base en el tipo de uniforme o en la apariencia f\u00edsica que libremente decida adoptar el alumnado.<\/p>\n\n\n\n<p>La propuesta, de acuerdo con su autor, no implica eliminar la identidad institucional de cada plantel, sino permitir que las y los estudiantes elijan libremente entre las prendas autorizadas -falda o pantal\u00f3n-, seg\u00fan aquello que les resulte m\u00e1s c\u00f3modo y acorde con su identidad. A\u00f1ade que el uniforme neutro mantendr\u00eda los colores, insignias o logotipos de la escuela, pero eliminar\u00eda la obligaci\u00f3n de encajar en estereotipos de g\u00e9nero que no representan a todas las personas.<\/p>\n\n\n\n<p>Adri\u00e1n \u00c1vila considera que, si bien los uniformes escolares surgieron con argumentos v\u00e1lidos en su momento -como promover igualdad econ\u00f3mica, identidad institucional y disciplina-, tambi\u00e9n deben evolucionar junto con la sociedad.<\/p>\n\n\n\n<p>A esto agrega que la adopci\u00f3n del uniforme neutro tambi\u00e9n representa un beneficio directo para las ni\u00f1as, al facilitar su participaci\u00f3n en actividades f\u00edsicas y deportivas en condiciones de mayor comodidad y libertad de movimiento y contribuye a prevenir el acoso escolar y el hostigamiento sexual, al reducir la exposici\u00f3n involuntaria del cuerpo y fortalecer la autonom\u00eda de las ni\u00f1as sobre su propia imagen y corporalidad.<\/p>\n\n\n\n<p>Con la adhesi\u00f3n del Grupo Legislativo del Partido Verde Ecologista de M\u00e9xico (PVEM), de las diputadas Astrid S\u00e1nchez Moguel, Mar\u00eda Elena C\u00f3rdova Molina, Elizabeth Morales Garc\u00eda y Ana Rosa Vald\u00e9s Salazar y del diputado H\u00e9ctor Yunes Landa, la Iniciativa con Proyecto de Decreto por el que se adiciona el Art\u00edculo 9 Bis a la Ley de Educaci\u00f3n del Estado de Veracruz fue turnada a las Comisiones Permanentes Unidas de Educaci\u00f3n y Cultura, De Derechos de la Ni\u00f1ez, la Adolescencia y la Familia y Para la Igualdad de G\u00e9nero.<\/p>\n","protected":false},"excerpt":{"rendered":"<p>El diputado Adri\u00e1n Sigfrido \u00c1vila Estrada propuso que en los centros escolares p\u00fablicos y privados incorporados al sistema educativo de Veracruz se permita el uso de uniforme neutro, es decir,&hellip;<\/p>\n","protected":false},"author":1,"featured_media":5567,"comment_status":"open","ping_status":"closed","sticky":false,"template":"","format":"standard","meta":{"footnotes":""},"categories":[71],"tags":[],"class_list":["post-5566","post","type-post","status-publish","format-standard","has-post-thumbnail","hentry","category-estatal"],"magazineBlocksPostFeaturedMedia":{"thumbnail":"https:\/\/vocesdeveracruz.com.mx\/wp-content\/uploads\/2026\/04\/683201708_1391110829712854_7296141902738721027_n-150x150.jpg","medium":"https:\/\/vocesdeveracruz.com.mx\/wp-content\/uploads\/2026\/04\/683201708_1391110829712854_7296141902738721027_n-300x200.jpg","medium_large":"https:\/\/vocesdeveracruz.com.mx\/wp-content\/uploads\/2026\/04\/683201708_1391110829712854_7296141902738721027_n-768x513.jpg","large":"https:\/\/vocesdeveracruz.com.mx\/wp-content\/uploads\/2026\/04\/683201708_1391110829712854_7296141902738721027_n-1024x684.jpg","1536x1536":"https:\/\/vocesdeveracruz.com.mx\/wp-content\/uploads\/2026\/04\/683201708_1391110829712854_7296141902738721027_n-1536x1025.jpg","2048x2048":"https:\/\/vocesdeveracruz.com.mx\/wp-content\/uploads\/2026\/04\/683201708_1391110829712854_7296141902738721027_n.jpg"},"magazineBlocksPostAuthor":{"name":"admin","avatar":"https:\/\/secure.gravatar.com\/avatar\/9d5013f9042ef2dfeb4122e9609da41e1858252ad644b84f2ec3a64ab59cceaf?s=96&d=mm&r=g"},"magazineBlocksPostCommentsNumber":"0","magazineBlocksPostExcerpt":"El diputado Adri\u00e1n Sigfrido \u00c1vila Estrada propuso que en los centros escolares p\u00fablicos y privados incorporados al sistema educativo de Veracruz se permita el uso de uniforme neutro, es decir,&hellip;","magazineBlocksPostCategories":["ESTATAL"],"magazineBlocksPostViewCount":29,"magazineBlocksPostReadTime":3,"magazine_blocks_featured_image_url":{"full":["https:\/\/vocesdeveracruz.com.mx\/wp-content\/uploads\/2026\/04\/683201708_1391110829712854_7296141902738721027_n.jpg",1600,1068,false],"medium":["https:\/\/vocesdeveracruz.com.mx\/wp-content\/uploads\/2026\/04\/683201708_1391110829712854_7296141902738721027_n-300x200.jpg",300,200,true],"thumbnail":["https:\/\/vocesdeveracruz.com.mx\/wp-content\/uploads\/2026\/04\/683201708_1391110829712854_7296141902738721027_n-150x150.jpg",150,150,true]},"magazine_blocks_author":{"display_name":"admin","author_link":"https:\/\/vocesdeveracruz.com.mx\/?author=1"},"magazine_blocks_comment":0,"magazine_blocks_author_image":"https:\/\/secure.gravatar.com\/avatar\/9d5013f9042ef2dfeb4122e9609da41e1858252ad644b84f2ec3a64ab59cceaf?s=96&d=mm&r=g","magazine_blocks_category":"<a href=\"https:\/\/vocesdeveracruz.com.mx\/?cat=71\" rel=\"category\">ESTATAL<\/a>","_links":{"self":[{"href":"https:\/\/vocesdeveracruz.com.mx\/index.php?rest_route=\/wp\/v2\/posts\/5566","targetHints":{"allow":["GET"]}}],"collection":[{"href":"https:\/\/vocesdeveracruz.com.mx\/index.php?rest_route=\/wp\/v2\/posts"}],"about":[{"href":"https:\/\/vocesdeveracruz.com.mx\/index.php?rest_route=\/wp\/v2\/types\/post"}],"author":[{"embeddable":true,"href":"https:\/\/vocesdeveracruz.com.mx\/index.php?rest_route=\/wp\/v2\/users\/1"}],"replies":[{"embeddable":true,"href":"https:\/\/vocesdeveracruz.com.mx\/index.php?rest_route=%2Fwp%2Fv2%2Fcomments&post=5566"}],"version-history":[{"count":1,"href":"https:\/\/vocesdeveracruz.com.mx\/index.php?rest_route=\/wp\/v2\/posts\/5566\/revisions"}],"predecessor-version":[{"id":5568,"href":"https:\/\/vocesdeveracruz.com.mx\/index.php?rest_route=\/wp\/v2\/posts\/5566\/revisions\/5568"}],"wp:featuredmedia":[{"embeddable":true,"href":"https:\/\/vocesdeveracruz.com.mx\/index.php?rest_route=\/wp\/v2\/media\/5567"}],"wp:attachment":[{"href":"https:\/\/vocesdeveracruz.com.mx\/index.php?rest_route=%2Fwp%2Fv2%2Fmedia&parent=5566"}],"wp:term":[{"taxonomy":"category","embeddable":true,"href":"https:\/\/vocesdeveracruz.com.mx\/index.php?rest_route=%2Fwp%2Fv2%2Fcategories&post=5566"},{"taxonomy":"post_tag","embeddable":true,"href":"https:\/\/vocesdeveracruz.com.mx\/index.php?rest_route=%2Fwp%2Fv2%2Ftags&post=5566"}],"curies":[{"name":"wp","href":"https:\/\/api.w.org\/{rel}","templated":true}]}}