{"id":5559,"date":"2026-04-28T16:05:58","date_gmt":"2026-04-28T22:05:58","guid":{"rendered":"https:\/\/vocesdeveracruz.com.mx\/?p=5559"},"modified":"2026-04-28T16:05:58","modified_gmt":"2026-04-28T22:05:58","slug":"itspanuco-participa-en-el-carnaval-2026","status":"publish","type":"post","link":"https:\/\/vocesdeveracruz.com.mx\/?p=5559","title":{"rendered":"ITSP\u00c1NUCO PARTICIPA EN EL CARNAVAL 2026"},"content":{"rendered":"\n<p>P\u00e1nuco, Ver.- El TecNM Campus P\u00e1nuco tuvo una destacada participaci\u00f3n en el Carnaval de nuestra ciudad, formando parte de esta importante celebraci\u00f3n que re\u00fane a familias, j\u00f3venes y visitantes en un ambiente de alegr\u00eda y tradici\u00f3n.<\/p>\n\n\n\n<p>Nuestra instituci\u00f3n se hizo presente con entusiasmo y amor, representando los valores que distinguen a la comunidad tecnol\u00f3gica. Alumnas, Alumnos, personal docente y administrativo participaron activamente, demostrando la energ\u00eda y el compromiso que caracterizan al Tec de P\u00e1nuco.<\/p>\n\n\n\n<p>Agradecemos a todas las personas que hicieron posible esta participaci\u00f3n y felicitamos a quienes formaron parte de esta gran experiencia, poniendo en alto el nombre del Instituto Tecnol\u00f3gico Superior de P\u00e1nuco.<\/p>\n\n\n\n<div class=\"wp-block-columns is-layout-flex wp-container-core-columns-is-layout-9d6595d7 wp-block-columns-is-layout-flex\">\n<div class=\"wp-block-column is-layout-flow wp-block-column-is-layout-flow\">\n<figure class=\"wp-block-image size-large\"><img loading=\"lazy\" decoding=\"async\" width=\"1024\" height=\"570\" src=\"https:\/\/vocesdeveracruz.com.mx\/wp-content\/uploads\/2026\/04\/680960424_998966019758989_7496645481388534748_n-1024x570.jpg\" alt=\"\" class=\"wp-image-5561\" srcset=\"https:\/\/vocesdeveracruz.com.mx\/wp-content\/uploads\/2026\/04\/680960424_998966019758989_7496645481388534748_n-1024x570.jpg 1024w, https:\/\/vocesdeveracruz.com.mx\/wp-content\/uploads\/2026\/04\/680960424_998966019758989_7496645481388534748_n-300x167.jpg 300w, https:\/\/vocesdeveracruz.com.mx\/wp-content\/uploads\/2026\/04\/680960424_998966019758989_7496645481388534748_n-768x428.jpg 768w, https:\/\/vocesdeveracruz.com.mx\/wp-content\/uploads\/2026\/04\/680960424_998966019758989_7496645481388534748_n-1536x855.jpg 1536w, https:\/\/vocesdeveracruz.com.mx\/wp-content\/uploads\/2026\/04\/680960424_998966019758989_7496645481388534748_n.jpg 2048w\" sizes=\"auto, (max-width: 1024px) 100vw, 1024px\" \/><\/figure>\n<\/div>\n\n\n\n<div class=\"wp-block-column is-layout-flow wp-block-column-is-layout-flow\">\n<figure class=\"wp-block-image size-large\"><img loading=\"lazy\" decoding=\"async\" width=\"1024\" height=\"561\" src=\"https:\/\/vocesdeveracruz.com.mx\/wp-content\/uploads\/2026\/04\/679749494_998966079758983_7614971586262146473_n-1024x561.jpg\" alt=\"\" class=\"wp-image-5562\" srcset=\"https:\/\/vocesdeveracruz.com.mx\/wp-content\/uploads\/2026\/04\/679749494_998966079758983_7614971586262146473_n-1024x561.jpg 1024w, https:\/\/vocesdeveracruz.com.mx\/wp-content\/uploads\/2026\/04\/679749494_998966079758983_7614971586262146473_n-300x164.jpg 300w, https:\/\/vocesdeveracruz.com.mx\/wp-content\/uploads\/2026\/04\/679749494_998966079758983_7614971586262146473_n-768x421.jpg 768w, https:\/\/vocesdeveracruz.com.mx\/wp-content\/uploads\/2026\/04\/679749494_998966079758983_7614971586262146473_n-1536x842.jpg 1536w, https:\/\/vocesdeveracruz.com.mx\/wp-content\/uploads\/2026\/04\/679749494_998966079758983_7614971586262146473_n.jpg 2048w\" sizes=\"auto, (max-width: 1024px) 100vw, 1024px\" \/><\/figure>\n<\/div>\n\n\n\n<div class=\"wp-block-column is-layout-flow wp-block-column-is-layout-flow\">\n<figure class=\"wp-block-image size-large\"><img loading=\"lazy\" decoding=\"async\" width=\"1024\" height=\"557\" src=\"https:\/\/vocesdeveracruz.com.mx\/wp-content\/uploads\/2026\/04\/682179973_998966219758969_6143838989788819980_n-1024x557.jpg\" alt=\"\" class=\"wp-image-5563\" srcset=\"https:\/\/vocesdeveracruz.com.mx\/wp-content\/uploads\/2026\/04\/682179973_998966219758969_6143838989788819980_n-1024x557.jpg 1024w, https:\/\/vocesdeveracruz.com.mx\/wp-content\/uploads\/2026\/04\/682179973_998966219758969_6143838989788819980_n-300x163.jpg 300w, https:\/\/vocesdeveracruz.com.mx\/wp-content\/uploads\/2026\/04\/682179973_998966219758969_6143838989788819980_n-768x417.jpg 768w, https:\/\/vocesdeveracruz.com.mx\/wp-content\/uploads\/2026\/04\/682179973_998966219758969_6143838989788819980_n-1536x835.jpg 1536w, https:\/\/vocesdeveracruz.com.mx\/wp-content\/uploads\/2026\/04\/682179973_998966219758969_6143838989788819980_n.jpg 2048w\" sizes=\"auto, (max-width: 1024px) 100vw, 1024px\" \/><\/figure>\n<\/div>\n<\/div>\n\n\n\n<p><a href=\"https:\/\/www.panuco.tecnm.mx\/author\/miguel-madrigal\/\"><\/a><\/p>\n","protected":false},"excerpt":{"rendered":"<p>P\u00e1nuco, Ver.- El TecNM Campus P\u00e1nuco tuvo una destacada participaci\u00f3n en el Carnaval de nuestra ciudad, formando parte de esta importante celebraci\u00f3n que re\u00fane a familias, j\u00f3venes y visitantes en&hellip;<\/p>\n","protected":false},"author":1,"featured_media":5560,"comment_status":"open","ping_status":"closed","sticky":false,"template":"","format":"standard","meta":{"footnotes":""},"categories":[1],"tags":[],"class_list":["post-5559","post","type-post","status-publish","format-standard","has-post-thumbnail","hentry","category-uncategorized"],"magazineBlocksPostFeaturedMedia":{"thumbnail":"https:\/\/vocesdeveracruz.com.mx\/wp-content\/uploads\/2026\/04\/680880726_998966039758987_2549426933350124484_n-150x150.jpg","medium":"https:\/\/vocesdeveracruz.com.mx\/wp-content\/uploads\/2026\/04\/680880726_998966039758987_2549426933350124484_n-300x166.jpg","medium_large":"https:\/\/vocesdeveracruz.com.mx\/wp-content\/uploads\/2026\/04\/680880726_998966039758987_2549426933350124484_n-768x424.jpg","large":"https:\/\/vocesdeveracruz.com.mx\/wp-content\/uploads\/2026\/04\/680880726_998966039758987_2549426933350124484_n-1024x566.jpg","1536x1536":"https:\/\/vocesdeveracruz.com.mx\/wp-content\/uploads\/2026\/04\/680880726_998966039758987_2549426933350124484_n-1536x848.jpg","2048x2048":"https:\/\/vocesdeveracruz.com.mx\/wp-content\/uploads\/2026\/04\/680880726_998966039758987_2549426933350124484_n.jpg"},"magazineBlocksPostAuthor":{"name":"admin","avatar":"https:\/\/secure.gravatar.com\/avatar\/9d5013f9042ef2dfeb4122e9609da41e1858252ad644b84f2ec3a64ab59cceaf?s=96&d=mm&r=g"},"magazineBlocksPostCommentsNumber":"0","magazineBlocksPostExcerpt":"P\u00e1nuco, Ver.- El TecNM Campus P\u00e1nuco tuvo una destacada participaci\u00f3n en el Carnaval de nuestra ciudad, formando parte de esta importante celebraci\u00f3n que re\u00fane a familias, j\u00f3venes y visitantes en&hellip;","magazineBlocksPostCategories":["Uncategorized"],"magazineBlocksPostViewCount":30,"magazineBlocksPostReadTime":1,"magazine_blocks_featured_image_url":{"full":["https:\/\/vocesdeveracruz.com.mx\/wp-content\/uploads\/2026\/04\/680880726_998966039758987_2549426933350124484_n.jpg",2048,1131,false],"medium":["https:\/\/vocesdeveracruz.com.mx\/wp-content\/uploads\/2026\/04\/680880726_998966039758987_2549426933350124484_n-300x166.jpg",300,166,true],"thumbnail":["https:\/\/vocesdeveracruz.com.mx\/wp-content\/uploads\/2026\/04\/680880726_998966039758987_2549426933350124484_n-150x150.jpg",150,150,true]},"magazine_blocks_author":{"display_name":"admin","author_link":"https:\/\/vocesdeveracruz.com.mx\/?author=1"},"magazine_blocks_comment":0,"magazine_blocks_author_image":"https:\/\/secure.gravatar.com\/avatar\/9d5013f9042ef2dfeb4122e9609da41e1858252ad644b84f2ec3a64ab59cceaf?s=96&d=mm&r=g","magazine_blocks_category":"<a href=\"https:\/\/vocesdeveracruz.com.mx\/?cat=1\" rel=\"category\">Uncategorized<\/a>","_links":{"self":[{"href":"https:\/\/vocesdeveracruz.com.mx\/index.php?rest_route=\/wp\/v2\/posts\/5559","targetHints":{"allow":["GET"]}}],"collection":[{"href":"https:\/\/vocesdeveracruz.com.mx\/index.php?rest_route=\/wp\/v2\/posts"}],"about":[{"href":"https:\/\/vocesdeveracruz.com.mx\/index.php?rest_route=\/wp\/v2\/types\/post"}],"author":[{"embeddable":true,"href":"https:\/\/vocesdeveracruz.com.mx\/index.php?rest_route=\/wp\/v2\/users\/1"}],"replies":[{"embeddable":true,"href":"https:\/\/vocesdeveracruz.com.mx\/index.php?rest_route=%2Fwp%2Fv2%2Fcomments&post=5559"}],"version-history":[{"count":1,"href":"https:\/\/vocesdeveracruz.com.mx\/index.php?rest_route=\/wp\/v2\/posts\/5559\/revisions"}],"predecessor-version":[{"id":5564,"href":"https:\/\/vocesdeveracruz.com.mx\/index.php?rest_route=\/wp\/v2\/posts\/5559\/revisions\/5564"}],"wp:featuredmedia":[{"embeddable":true,"href":"https:\/\/vocesdeveracruz.com.mx\/index.php?rest_route=\/wp\/v2\/media\/5560"}],"wp:attachment":[{"href":"https:\/\/vocesdeveracruz.com.mx\/index.php?rest_route=%2Fwp%2Fv2%2Fmedia&parent=5559"}],"wp:term":[{"taxonomy":"category","embeddable":true,"href":"https:\/\/vocesdeveracruz.com.mx\/index.php?rest_route=%2Fwp%2Fv2%2Fcategories&post=5559"},{"taxonomy":"post_tag","embeddable":true,"href":"https:\/\/vocesdeveracruz.com.mx\/index.php?rest_route=%2Fwp%2Fv2%2Ftags&post=5559"}],"curies":[{"name":"wp","href":"https:\/\/api.w.org\/{rel}","templated":true}]}}