{"id":5553,"date":"2026-04-28T15:50:21","date_gmt":"2026-04-28T21:50:21","guid":{"rendered":"https:\/\/vocesdeveracruz.com.mx\/?p=5553"},"modified":"2026-04-28T15:50:21","modified_gmt":"2026-04-28T21:50:21","slug":"celebran-con-alegria-el-dia-de-la-nina-y-el-nino-en-san-sebastian-tantoyuca","status":"publish","type":"post","link":"https:\/\/vocesdeveracruz.com.mx\/?p=5553","title":{"rendered":"Celebran con alegr\u00eda el D\u00eda de la Ni\u00f1a y el Ni\u00f1o en San Sebasti\u00e1n, Tantoyuca"},"content":{"rendered":"\n<p><\/p>\n\n\n\n<p>Tantoyuca, Ver.- Con el respaldo del alcalde Roberto San Rom\u00e1n, se llev\u00f3 a cabo un alegre festejo con motivo del D\u00eda de la Ni\u00f1a y el Ni\u00f1o en la comunidad de San Sebasti\u00e1n, donde alumnas y alumnos de nivel preescolar y primaria disfrutaron de una ma\u00f1ana llena de diversi\u00f3n y sonrisas.<\/p>\n\n\n\n<p>Durante el evento, se cont\u00f3 con la presencia de las regidoras Isela Flores Serapio y Gissel Torres, as\u00ed como de la presidenta del DIF Tantoyuca 2026-2029, Samanta D\u00edaz, quienes convivieron con las y los estudiantes, reiterando su compromiso con la ni\u00f1ez del municipio.<\/p>\n\n\n\n<div class=\"wp-block-columns is-layout-flex wp-container-core-columns-is-layout-9d6595d7 wp-block-columns-is-layout-flex\">\n<div class=\"wp-block-column is-layout-flow wp-block-column-is-layout-flow\">\n<figure class=\"wp-block-image size-large\"><img loading=\"lazy\" decoding=\"async\" width=\"1024\" height=\"973\" src=\"https:\/\/vocesdeveracruz.com.mx\/wp-content\/uploads\/2026\/04\/683651791_122121823461172044_2967171421540437006_n-1024x973.jpg\" alt=\"\" class=\"wp-image-5554\" srcset=\"https:\/\/vocesdeveracruz.com.mx\/wp-content\/uploads\/2026\/04\/683651791_122121823461172044_2967171421540437006_n-1024x973.jpg 1024w, https:\/\/vocesdeveracruz.com.mx\/wp-content\/uploads\/2026\/04\/683651791_122121823461172044_2967171421540437006_n-300x285.jpg 300w, https:\/\/vocesdeveracruz.com.mx\/wp-content\/uploads\/2026\/04\/683651791_122121823461172044_2967171421540437006_n-768x730.jpg 768w, https:\/\/vocesdeveracruz.com.mx\/wp-content\/uploads\/2026\/04\/683651791_122121823461172044_2967171421540437006_n.jpg 1320w\" sizes=\"auto, (max-width: 1024px) 100vw, 1024px\" \/><\/figure>\n<\/div>\n\n\n\n<div class=\"wp-block-column is-layout-flow wp-block-column-is-layout-flow\">\n<figure class=\"wp-block-image size-large\"><img loading=\"lazy\" decoding=\"async\" width=\"1024\" height=\"682\" src=\"https:\/\/vocesdeveracruz.com.mx\/wp-content\/uploads\/2026\/04\/682502664_122121823947172044_1094346596159619758_n-1024x682.jpg\" alt=\"\" class=\"wp-image-5555\" srcset=\"https:\/\/vocesdeveracruz.com.mx\/wp-content\/uploads\/2026\/04\/682502664_122121823947172044_1094346596159619758_n-1024x682.jpg 1024w, https:\/\/vocesdeveracruz.com.mx\/wp-content\/uploads\/2026\/04\/682502664_122121823947172044_1094346596159619758_n-300x200.jpg 300w, https:\/\/vocesdeveracruz.com.mx\/wp-content\/uploads\/2026\/04\/682502664_122121823947172044_1094346596159619758_n-768x512.jpg 768w, https:\/\/vocesdeveracruz.com.mx\/wp-content\/uploads\/2026\/04\/682502664_122121823947172044_1094346596159619758_n.jpg 1280w\" sizes=\"auto, (max-width: 1024px) 100vw, 1024px\" \/><\/figure>\n<\/div>\n\n\n\n<div class=\"wp-block-column is-layout-flow wp-block-column-is-layout-flow\">\n<figure class=\"wp-block-image size-large\"><img loading=\"lazy\" decoding=\"async\" width=\"1024\" height=\"682\" src=\"https:\/\/vocesdeveracruz.com.mx\/wp-content\/uploads\/2026\/04\/683871009_122121823887172044_6746304040868912873_n-1024x682.jpg\" alt=\"\" class=\"wp-image-5556\" srcset=\"https:\/\/vocesdeveracruz.com.mx\/wp-content\/uploads\/2026\/04\/683871009_122121823887172044_6746304040868912873_n-1024x682.jpg 1024w, https:\/\/vocesdeveracruz.com.mx\/wp-content\/uploads\/2026\/04\/683871009_122121823887172044_6746304040868912873_n-300x200.jpg 300w, https:\/\/vocesdeveracruz.com.mx\/wp-content\/uploads\/2026\/04\/683871009_122121823887172044_6746304040868912873_n-768x512.jpg 768w, https:\/\/vocesdeveracruz.com.mx\/wp-content\/uploads\/2026\/04\/683871009_122121823887172044_6746304040868912873_n.jpg 1280w\" sizes=\"auto, (max-width: 1024px) 100vw, 1024px\" \/><\/figure>\n<\/div>\n<\/div>\n\n\n\n<p>Este festejo se realiz\u00f3 en coordinaci\u00f3n con la Agencia Municipal Electa y las instituciones educativas de la comunidad, fortaleciendo el trabajo conjunto en beneficio de las ni\u00f1as y ni\u00f1os tantoyuquenses.<\/p>\n\n\n\n<p>Las autoridades destacaron que estas acciones reflejan el compromiso del gobierno municipal por impulsar actividades que fomenten el bienestar, la sana convivencia y la felicidad de la ni\u00f1ez.<\/p>\n\n\n\n<p>Con este tipo de iniciativas, se contin\u00faa construyendo comunidad con amor y responsabilidad, priorizando siempre el desarrollo integral de las nuevas generaciones.<\/p>\n","protected":false},"excerpt":{"rendered":"<p>Tantoyuca, Ver.- Con el respaldo del alcalde Roberto San Rom\u00e1n, se llev\u00f3 a cabo un alegre festejo con motivo del D\u00eda de la Ni\u00f1a y el Ni\u00f1o en la comunidad&hellip;<\/p>\n","protected":false},"author":1,"featured_media":5557,"comment_status":"open","ping_status":"closed","sticky":false,"template":"","format":"standard","meta":{"footnotes":""},"categories":[75],"tags":[],"class_list":["post-5553","post","type-post","status-publish","format-standard","has-post-thumbnail","hentry","category-regional"],"magazineBlocksPostFeaturedMedia":{"thumbnail":"https:\/\/vocesdeveracruz.com.mx\/wp-content\/uploads\/2026\/04\/680210859_122121823791172044_563373958057868517_n-150x150.jpg","medium":"https:\/\/vocesdeveracruz.com.mx\/wp-content\/uploads\/2026\/04\/680210859_122121823791172044_563373958057868517_n-300x200.jpg","medium_large":"https:\/\/vocesdeveracruz.com.mx\/wp-content\/uploads\/2026\/04\/680210859_122121823791172044_563373958057868517_n-768x512.jpg","large":"https:\/\/vocesdeveracruz.com.mx\/wp-content\/uploads\/2026\/04\/680210859_122121823791172044_563373958057868517_n-1024x682.jpg","1536x1536":"https:\/\/vocesdeveracruz.com.mx\/wp-content\/uploads\/2026\/04\/680210859_122121823791172044_563373958057868517_n.jpg","2048x2048":"https:\/\/vocesdeveracruz.com.mx\/wp-content\/uploads\/2026\/04\/680210859_122121823791172044_563373958057868517_n.jpg"},"magazineBlocksPostAuthor":{"name":"admin","avatar":"https:\/\/secure.gravatar.com\/avatar\/9d5013f9042ef2dfeb4122e9609da41e1858252ad644b84f2ec3a64ab59cceaf?s=96&d=mm&r=g"},"magazineBlocksPostCommentsNumber":"0","magazineBlocksPostExcerpt":"Tantoyuca, Ver.- Con el respaldo del alcalde Roberto San Rom\u00e1n, se llev\u00f3 a cabo un alegre festejo con motivo del D\u00eda de la Ni\u00f1a y el Ni\u00f1o en la comunidad&hellip;","magazineBlocksPostCategories":["REGIONAL"],"magazineBlocksPostViewCount":37,"magazineBlocksPostReadTime":1,"magazine_blocks_featured_image_url":{"full":["https:\/\/vocesdeveracruz.com.mx\/wp-content\/uploads\/2026\/04\/680210859_122121823791172044_563373958057868517_n.jpg",1210,806,false],"medium":["https:\/\/vocesdeveracruz.com.mx\/wp-content\/uploads\/2026\/04\/680210859_122121823791172044_563373958057868517_n-300x200.jpg",300,200,true],"thumbnail":["https:\/\/vocesdeveracruz.com.mx\/wp-content\/uploads\/2026\/04\/680210859_122121823791172044_563373958057868517_n-150x150.jpg",150,150,true]},"magazine_blocks_author":{"display_name":"admin","author_link":"https:\/\/vocesdeveracruz.com.mx\/?author=1"},"magazine_blocks_comment":0,"magazine_blocks_author_image":"https:\/\/secure.gravatar.com\/avatar\/9d5013f9042ef2dfeb4122e9609da41e1858252ad644b84f2ec3a64ab59cceaf?s=96&d=mm&r=g","magazine_blocks_category":"<a href=\"https:\/\/vocesdeveracruz.com.mx\/?cat=75\" rel=\"category\">REGIONAL<\/a>","_links":{"self":[{"href":"https:\/\/vocesdeveracruz.com.mx\/index.php?rest_route=\/wp\/v2\/posts\/5553","targetHints":{"allow":["GET"]}}],"collection":[{"href":"https:\/\/vocesdeveracruz.com.mx\/index.php?rest_route=\/wp\/v2\/posts"}],"about":[{"href":"https:\/\/vocesdeveracruz.com.mx\/index.php?rest_route=\/wp\/v2\/types\/post"}],"author":[{"embeddable":true,"href":"https:\/\/vocesdeveracruz.com.mx\/index.php?rest_route=\/wp\/v2\/users\/1"}],"replies":[{"embeddable":true,"href":"https:\/\/vocesdeveracruz.com.mx\/index.php?rest_route=%2Fwp%2Fv2%2Fcomments&post=5553"}],"version-history":[{"count":1,"href":"https:\/\/vocesdeveracruz.com.mx\/index.php?rest_route=\/wp\/v2\/posts\/5553\/revisions"}],"predecessor-version":[{"id":5558,"href":"https:\/\/vocesdeveracruz.com.mx\/index.php?rest_route=\/wp\/v2\/posts\/5553\/revisions\/5558"}],"wp:featuredmedia":[{"embeddable":true,"href":"https:\/\/vocesdeveracruz.com.mx\/index.php?rest_route=\/wp\/v2\/media\/5557"}],"wp:attachment":[{"href":"https:\/\/vocesdeveracruz.com.mx\/index.php?rest_route=%2Fwp%2Fv2%2Fmedia&parent=5553"}],"wp:term":[{"taxonomy":"category","embeddable":true,"href":"https:\/\/vocesdeveracruz.com.mx\/index.php?rest_route=%2Fwp%2Fv2%2Fcategories&post=5553"},{"taxonomy":"post_tag","embeddable":true,"href":"https:\/\/vocesdeveracruz.com.mx\/index.php?rest_route=%2Fwp%2Fv2%2Ftags&post=5553"}],"curies":[{"name":"wp","href":"https:\/\/api.w.org\/{rel}","templated":true}]}}