{"id":5550,"date":"2026-04-28T15:46:06","date_gmt":"2026-04-28T21:46:06","guid":{"rendered":"https:\/\/vocesdeveracruz.com.mx\/?p=5550"},"modified":"2026-04-28T15:46:06","modified_gmt":"2026-04-28T21:46:06","slug":"derecho-a-la-no-obligatoriedad-digital-para-adultos-mayores-plantea-diputada","status":"publish","type":"post","link":"https:\/\/vocesdeveracruz.com.mx\/?p=5550","title":{"rendered":"Derecho a la \u201cno obligatoriedad digital\u201d para adultos mayores, plantea diputada"},"content":{"rendered":"\n<p>Con la finalidad de establecer el derecho a la no obligatoriedad digital y garantizar alternativas accesibles para las personas adultas mayores, la diputada Elizabeth Morales Garc\u00eda present\u00f3 al Pleno de la LXVII Legislatura una iniciativa con proyecto de Decreto que reforma la Ley de los Derechos de las Personas Adultas Mayores del Estado de Veracruz.<\/p>\n\n\n\n<p>La propuesta busca establecer el derecho de las personas adultas mayores a la no obligatoriedad digital, garantizando que este sector cuente siempre con alternativas presenciales, telef\u00f3nicas o asistidas para realizar tr\u00e1mites y acceder a servicios, tanto en el \u00e1mbito p\u00fablico, como en el privado.<\/p>\n\n\n\n<p>Al hacer uso de la tribuna, la legisladora explic\u00f3 que el uso exclusivo de c\u00f3digos QR, aplicaciones y sistemas automatizados vulnera los derechos de igualdad y dignidad humana. Advirti\u00f3 que, aunque la digitalizaci\u00f3n busca eficiencia, ha generado una \u201cexclusi\u00f3n digital obligatoria\u201d que dificulta el acceso a la salud, tr\u00e1mites bancarios y servicios b\u00e1sicos, entre otros.<\/p>\n\n\n\n<p>\u201cPara una parte significativa de los adultos mayores, estas herramientas no son una facilidad, sino una barrera. La falta de dispositivos, conectividad o alfabetizaci\u00f3n digital convierte a la tecnolog\u00eda en un factor de exclusi\u00f3n estructural\u201d, precis\u00f3 Morales Garc\u00eda.<\/p>\n\n\n\n<p>La iniciativa incorpora a la normativa actual que este sector no puede ser obligado a utilizar medios digitales como condici\u00f3n para acceder a bienes, servicios, tr\u00e1mites o derechos, tanto en el \u00e1mbito p\u00fablico como en el privado, adem\u00e1s de garantizar alternativas presenciales, telef\u00f3nicas o asistidas que sean accesibles, dignas y no discriminatorias.<\/p>\n\n\n\n<p>Asimismo, establece que las instituciones p\u00fablicas y\/o particulares que presten servicios al p\u00fablico deber\u00e1n implementar mecanismos alternativos al uso de tecnolog\u00edas digitales cuando la persona adulta mayor se encuentre imposibilitada para realizarlo, siendo estos accesibles, suficientes y funcionales. Adem\u00e1s debe priorizarse el acompa\u00f1amiento personalizado, brindar atenci\u00f3n oportuna y sin dilaciones indebidas, contar con personal capacitado y ser difundidos de manera clara y visible.<\/p>\n\n\n\n<p>Finalmente, la diputada destac\u00f3 que esta reforma no requiere la creaci\u00f3n de nuevas estructuras burocr\u00e1ticas, ni implica un impacto presupuestal. Se trata, dijo, de una reorientaci\u00f3n de los servicios existentes bajo un enfoque de derechos humanos para proteger a uno de los sectores m\u00e1s vulnerables de la entidad.<\/p>\n\n\n\n<p>A la propuesta -turnada para su an\u00e1lisis a la Comisi\u00f3n Permanente de Derechos Humanos y Atenci\u00f3n a Grupos Vulnerables- se adhirieron los Grupos Legislativos de Morena y del Partido Verde Ecologista de M\u00e9xico (PVEM), as\u00ed como la y el integrante del Partido Movimiento Ciudadano (MC) y por el Partido de Trabajo (PT), el legislador Ram\u00f3n D\u00edaz \u00c1vila.<\/p>\n","protected":false},"excerpt":{"rendered":"<p>Con la finalidad de establecer el derecho a la no obligatoriedad digital y garantizar alternativas accesibles para las personas adultas mayores, la diputada Elizabeth Morales Garc\u00eda present\u00f3 al Pleno de&hellip;<\/p>\n","protected":false},"author":1,"featured_media":5551,"comment_status":"open","ping_status":"closed","sticky":false,"template":"","format":"standard","meta":{"footnotes":""},"categories":[71],"tags":[],"class_list":["post-5550","post","type-post","status-publish","format-standard","has-post-thumbnail","hentry","category-estatal"],"magazineBlocksPostFeaturedMedia":{"thumbnail":"https:\/\/vocesdeveracruz.com.mx\/wp-content\/uploads\/2026\/04\/NOV28ABRIL2026ELIZABETH1-150x150.jpg","medium":"https:\/\/vocesdeveracruz.com.mx\/wp-content\/uploads\/2026\/04\/NOV28ABRIL2026ELIZABETH1-300x200.jpg","medium_large":"https:\/\/vocesdeveracruz.com.mx\/wp-content\/uploads\/2026\/04\/NOV28ABRIL2026ELIZABETH1-768x511.jpg","large":"https:\/\/vocesdeveracruz.com.mx\/wp-content\/uploads\/2026\/04\/NOV28ABRIL2026ELIZABETH1-1024x682.jpg","1536x1536":"https:\/\/vocesdeveracruz.com.mx\/wp-content\/uploads\/2026\/04\/NOV28ABRIL2026ELIZABETH1.jpg","2048x2048":"https:\/\/vocesdeveracruz.com.mx\/wp-content\/uploads\/2026\/04\/NOV28ABRIL2026ELIZABETH1.jpg"},"magazineBlocksPostAuthor":{"name":"admin","avatar":"https:\/\/secure.gravatar.com\/avatar\/9d5013f9042ef2dfeb4122e9609da41e1858252ad644b84f2ec3a64ab59cceaf?s=96&d=mm&r=g"},"magazineBlocksPostCommentsNumber":"0","magazineBlocksPostExcerpt":"Con la finalidad de establecer el derecho a la no obligatoriedad digital y garantizar alternativas accesibles para las personas adultas mayores, la diputada Elizabeth Morales Garc\u00eda present\u00f3 al Pleno de&hellip;","magazineBlocksPostCategories":["ESTATAL"],"magazineBlocksPostViewCount":2,"magazineBlocksPostReadTime":3,"magazine_blocks_featured_image_url":{"full":["https:\/\/vocesdeveracruz.com.mx\/wp-content\/uploads\/2026\/04\/NOV28ABRIL2026ELIZABETH1.jpg",1280,852,false],"medium":["https:\/\/vocesdeveracruz.com.mx\/wp-content\/uploads\/2026\/04\/NOV28ABRIL2026ELIZABETH1-300x200.jpg",300,200,true],"thumbnail":["https:\/\/vocesdeveracruz.com.mx\/wp-content\/uploads\/2026\/04\/NOV28ABRIL2026ELIZABETH1-150x150.jpg",150,150,true]},"magazine_blocks_author":{"display_name":"admin","author_link":"https:\/\/vocesdeveracruz.com.mx\/?author=1"},"magazine_blocks_comment":0,"magazine_blocks_author_image":"https:\/\/secure.gravatar.com\/avatar\/9d5013f9042ef2dfeb4122e9609da41e1858252ad644b84f2ec3a64ab59cceaf?s=96&d=mm&r=g","magazine_blocks_category":"<a href=\"https:\/\/vocesdeveracruz.com.mx\/?cat=71\" rel=\"category\">ESTATAL<\/a>","_links":{"self":[{"href":"https:\/\/vocesdeveracruz.com.mx\/index.php?rest_route=\/wp\/v2\/posts\/5550","targetHints":{"allow":["GET"]}}],"collection":[{"href":"https:\/\/vocesdeveracruz.com.mx\/index.php?rest_route=\/wp\/v2\/posts"}],"about":[{"href":"https:\/\/vocesdeveracruz.com.mx\/index.php?rest_route=\/wp\/v2\/types\/post"}],"author":[{"embeddable":true,"href":"https:\/\/vocesdeveracruz.com.mx\/index.php?rest_route=\/wp\/v2\/users\/1"}],"replies":[{"embeddable":true,"href":"https:\/\/vocesdeveracruz.com.mx\/index.php?rest_route=%2Fwp%2Fv2%2Fcomments&post=5550"}],"version-history":[{"count":1,"href":"https:\/\/vocesdeveracruz.com.mx\/index.php?rest_route=\/wp\/v2\/posts\/5550\/revisions"}],"predecessor-version":[{"id":5552,"href":"https:\/\/vocesdeveracruz.com.mx\/index.php?rest_route=\/wp\/v2\/posts\/5550\/revisions\/5552"}],"wp:featuredmedia":[{"embeddable":true,"href":"https:\/\/vocesdeveracruz.com.mx\/index.php?rest_route=\/wp\/v2\/media\/5551"}],"wp:attachment":[{"href":"https:\/\/vocesdeveracruz.com.mx\/index.php?rest_route=%2Fwp%2Fv2%2Fmedia&parent=5550"}],"wp:term":[{"taxonomy":"category","embeddable":true,"href":"https:\/\/vocesdeveracruz.com.mx\/index.php?rest_route=%2Fwp%2Fv2%2Fcategories&post=5550"},{"taxonomy":"post_tag","embeddable":true,"href":"https:\/\/vocesdeveracruz.com.mx\/index.php?rest_route=%2Fwp%2Fv2%2Ftags&post=5550"}],"curies":[{"name":"wp","href":"https:\/\/api.w.org\/{rel}","templated":true}]}}