{"id":5547,"date":"2026-04-28T15:45:22","date_gmt":"2026-04-28T21:45:22","guid":{"rendered":"https:\/\/vocesdeveracruz.com.mx\/?p=5547"},"modified":"2026-04-28T15:45:22","modified_gmt":"2026-04-28T21:45:22","slug":"propone-glpan-incorporar-evidencia-digital-en-accidentes-viales","status":"publish","type":"post","link":"https:\/\/vocesdeveracruz.com.mx\/?p=5547","title":{"rendered":"Propone GLPAN incorporar Evidencia Digital en accidentes viales"},"content":{"rendered":"\n<p>Con el objetivo de modernizar el sistema de movilidad y brindar mayor certeza jur\u00eddica a la ciudadan\u00eda, el Grupo Legislativo del Partido de Acci\u00f3n Nacional (PAN) present\u00f3 ante la LXVII Legislatura una iniciativa que reforma diversas disposiciones de la Ley de Tr\u00e1nsito y Transporte del Estado para incorporar el modelo de Evidencia Digital como herramienta para la documentaci\u00f3n y resoluci\u00f3n de accidentes viales.<\/p>\n\n\n\n<p>En nombre de la bancada, el diputado Fernando Yunes M\u00e1rquez se\u00f1al\u00f3 que el modelo actual de documentaci\u00f3n f\u00edsica es obsoleto frente a los avances tecnol\u00f3gicos, por lo que, explic\u00f3, que la adopci\u00f3n de medios digitales no solo agilizar\u00e1 la respuesta de las autoridades, sino que garantizar\u00e1 la trazabilidad y el resguardo seguro de la informaci\u00f3n, permitiendo que estos elementos tengan pleno valor probatorio en procesos legales.<\/p>\n\n\n\n<p>La propuesta, se\u00f1al\u00f3, plantea que archivos electr\u00f3nicos \u2014como fotograf\u00edas de celulares, grabaciones de c\u00e1maras vehiculares, sistemas de videovigilancia y datos de georreferenciaci\u00f3n\u2014 dejen de ser simples referencias y se conviertan en pruebas estructurales para determinar responsabilidades con validez oficial.<\/p>\n\n\n\n<p>Tambi\u00e9n, establece la creaci\u00f3n de una cadena de custodia digital con protocolos estrictos para garantizar que la integridad y autenticidad de la informaci\u00f3n, as\u00ed como la obligatoriedad de realizar la fijaci\u00f3n digital de la escena antes de retirar veh\u00edculos, utilizando dispositivos oficiales como c\u00e1maras corporales o drones.<\/p>\n\n\n\n<p>Del mismo modo, prev\u00e9 la integraci\u00f3n de un Sistema Estatal de Informaci\u00f3n Digital de Accidentes Viales, para concentrar y analizar los datos de siniestralidad, lo que permitir\u00e1 mejorar las pol\u00edticas p\u00fablicas a implementar en la materia.<\/p>\n\n\n\n<p>Al contar con pruebas objetivas y verificables en tiempo real, se reducen los tiempos de resoluci\u00f3n de conflictos y se limita el margen para actos de corrupci\u00f3n, precis\u00f3 Yunes M\u00e1rquez.<\/p>\n\n\n\n<p>\u201cEsta reforma no solo moderniza el actuar policial y administrativo, sino que protege el patrimonio de los veracruzanos, al facilitar una reconstrucci\u00f3n de hechos m\u00e1s precisa, garantizando una reparaci\u00f3n de da\u00f1os m\u00e1s justa y expedita\u201d, concluy\u00f3.<\/p>\n\n\n\n<p>La iniciativa fue turnada por la Mesa Directiva a la Comisi\u00f3n Permanente de Transporte, Tr\u00e1nsito y Vialidad, para su an\u00e1lisis y dictamen.<\/p>\n","protected":false},"excerpt":{"rendered":"<p>Con el objetivo de modernizar el sistema de movilidad y brindar mayor certeza jur\u00eddica a la ciudadan\u00eda, el Grupo Legislativo del Partido de Acci\u00f3n Nacional (PAN) present\u00f3 ante la LXVII&hellip;<\/p>\n","protected":false},"author":1,"featured_media":5548,"comment_status":"open","ping_status":"closed","sticky":false,"template":"","format":"standard","meta":{"footnotes":""},"categories":[1],"tags":[],"class_list":["post-5547","post","type-post","status-publish","format-standard","has-post-thumbnail","hentry","category-uncategorized"],"magazineBlocksPostFeaturedMedia":{"thumbnail":"https:\/\/vocesdeveracruz.com.mx\/wp-content\/uploads\/2026\/04\/NOV28ABRIL2026FYUNES1-150x150.jpg","medium":"https:\/\/vocesdeveracruz.com.mx\/wp-content\/uploads\/2026\/04\/NOV28ABRIL2026FYUNES1-300x200.jpg","medium_large":"https:\/\/vocesdeveracruz.com.mx\/wp-content\/uploads\/2026\/04\/NOV28ABRIL2026FYUNES1-768x511.jpg","large":"https:\/\/vocesdeveracruz.com.mx\/wp-content\/uploads\/2026\/04\/NOV28ABRIL2026FYUNES1-1024x682.jpg","1536x1536":"https:\/\/vocesdeveracruz.com.mx\/wp-content\/uploads\/2026\/04\/NOV28ABRIL2026FYUNES1.jpg","2048x2048":"https:\/\/vocesdeveracruz.com.mx\/wp-content\/uploads\/2026\/04\/NOV28ABRIL2026FYUNES1.jpg"},"magazineBlocksPostAuthor":{"name":"admin","avatar":"https:\/\/secure.gravatar.com\/avatar\/9d5013f9042ef2dfeb4122e9609da41e1858252ad644b84f2ec3a64ab59cceaf?s=96&d=mm&r=g"},"magazineBlocksPostCommentsNumber":"0","magazineBlocksPostExcerpt":"Con el objetivo de modernizar el sistema de movilidad y brindar mayor certeza jur\u00eddica a la ciudadan\u00eda, el Grupo Legislativo del Partido de Acci\u00f3n Nacional (PAN) present\u00f3 ante la LXVII&hellip;","magazineBlocksPostCategories":["Uncategorized"],"magazineBlocksPostViewCount":2,"magazineBlocksPostReadTime":2,"magazine_blocks_featured_image_url":{"full":["https:\/\/vocesdeveracruz.com.mx\/wp-content\/uploads\/2026\/04\/NOV28ABRIL2026FYUNES1.jpg",1280,852,false],"medium":["https:\/\/vocesdeveracruz.com.mx\/wp-content\/uploads\/2026\/04\/NOV28ABRIL2026FYUNES1-300x200.jpg",300,200,true],"thumbnail":["https:\/\/vocesdeveracruz.com.mx\/wp-content\/uploads\/2026\/04\/NOV28ABRIL2026FYUNES1-150x150.jpg",150,150,true]},"magazine_blocks_author":{"display_name":"admin","author_link":"https:\/\/vocesdeveracruz.com.mx\/?author=1"},"magazine_blocks_comment":0,"magazine_blocks_author_image":"https:\/\/secure.gravatar.com\/avatar\/9d5013f9042ef2dfeb4122e9609da41e1858252ad644b84f2ec3a64ab59cceaf?s=96&d=mm&r=g","magazine_blocks_category":"<a href=\"https:\/\/vocesdeveracruz.com.mx\/?cat=1\" rel=\"category\">Uncategorized<\/a>","_links":{"self":[{"href":"https:\/\/vocesdeveracruz.com.mx\/index.php?rest_route=\/wp\/v2\/posts\/5547","targetHints":{"allow":["GET"]}}],"collection":[{"href":"https:\/\/vocesdeveracruz.com.mx\/index.php?rest_route=\/wp\/v2\/posts"}],"about":[{"href":"https:\/\/vocesdeveracruz.com.mx\/index.php?rest_route=\/wp\/v2\/types\/post"}],"author":[{"embeddable":true,"href":"https:\/\/vocesdeveracruz.com.mx\/index.php?rest_route=\/wp\/v2\/users\/1"}],"replies":[{"embeddable":true,"href":"https:\/\/vocesdeveracruz.com.mx\/index.php?rest_route=%2Fwp%2Fv2%2Fcomments&post=5547"}],"version-history":[{"count":1,"href":"https:\/\/vocesdeveracruz.com.mx\/index.php?rest_route=\/wp\/v2\/posts\/5547\/revisions"}],"predecessor-version":[{"id":5549,"href":"https:\/\/vocesdeveracruz.com.mx\/index.php?rest_route=\/wp\/v2\/posts\/5547\/revisions\/5549"}],"wp:featuredmedia":[{"embeddable":true,"href":"https:\/\/vocesdeveracruz.com.mx\/index.php?rest_route=\/wp\/v2\/media\/5548"}],"wp:attachment":[{"href":"https:\/\/vocesdeveracruz.com.mx\/index.php?rest_route=%2Fwp%2Fv2%2Fmedia&parent=5547"}],"wp:term":[{"taxonomy":"category","embeddable":true,"href":"https:\/\/vocesdeveracruz.com.mx\/index.php?rest_route=%2Fwp%2Fv2%2Fcategories&post=5547"},{"taxonomy":"post_tag","embeddable":true,"href":"https:\/\/vocesdeveracruz.com.mx\/index.php?rest_route=%2Fwp%2Fv2%2Ftags&post=5547"}],"curies":[{"name":"wp","href":"https:\/\/api.w.org\/{rel}","templated":true}]}}