{"id":5544,"date":"2026-04-28T15:44:30","date_gmt":"2026-04-28T21:44:30","guid":{"rendered":"https:\/\/vocesdeveracruz.com.mx\/?p=5544"},"modified":"2026-04-28T15:44:30","modified_gmt":"2026-04-28T21:44:30","slug":"propone-diputada-reformas-a-la-ley-de-la-ceapp","status":"publish","type":"post","link":"https:\/\/vocesdeveracruz.com.mx\/?p=5544","title":{"rendered":"Propone diputada reformas a la ley de la Ceapp"},"content":{"rendered":"\n<p>Como complemento a la iniciativa con proyecto de decreto que reforma el Art\u00edculo 67, fracci\u00f3n V, incisos B) y C), de la Constituci\u00f3n Pol\u00edtica del Estado, le\u00edda en tribuna el pasado 9 de abril, la diputada Ana Rosa Vald\u00e9s Salazar present\u00f3 una propuesta que ajustar\u00eda en la Ley de la Comisi\u00f3n Estatal para la Atenci\u00f3n y la Protecci\u00f3n de los Periodistas el n\u00famero de comisionados y dem\u00e1s disposiciones<\/p>\n\n\n\n<p>La iniciativa de decreto que reforma los Art\u00edculos 5, 6, 9 y 14 de la citada ley prev\u00e9 que la Ceapp se integre \u00fanicamente por periodistas propuestos por sus colegas y un Secretario Ejecutivo, propuesto por la persona titular de la Gubernatura del Estado.<\/p>\n\n\n\n<p>\u201cSe trata de una inquietud de periodistas reiterada a trav\u00e9s de distintos medios, que me compromet\u00ed a convertir en iniciativa durante la comparecencia en enero \u00faltimo del presidente de la Comisi\u00f3n Estatal para la Atenci\u00f3n y Protecci\u00f3n de los Periodistas\u201d, extern\u00f3 la legisladora durante la Sexta Sesi\u00f3n Ordinaria, correspondiente al Segundo Periodo del Segundo A\u00f1o de Labores.<\/p>\n\n\n\n<p>De esta manera, se busca precisar que la Comisi\u00f3n estar\u00e1 integrada por cuatro periodistas, representativos de medios de informaci\u00f3n, comunicaci\u00f3n o difusi\u00f3n colectiva de car\u00e1cter escrito, radiof\u00f3nico, televisivo o electr\u00f3nico; y por un Secretario Ejecutivo, quien deber\u00e1 poseer, al d\u00eda del nombramiento, grado de licenciatura, expedido por autoridad o instituci\u00f3n legalmente facultada para ello, con una antig\u00fcedad m\u00ednima de cinco a\u00f1os.<\/p>\n\n\n\n<p>Asimismo, se establecer\u00eda que los Comisionados y el Secretario Ejecutivo ser\u00e1n nombrados por el Congreso del Estado, con el voto de las dos terceras partes de los diputados presentes, y durar\u00e1n en su encargo cuatro a\u00f1os con posibilidad de reelecci\u00f3n por una sola vez. Al efecto, el Congreso emitir\u00e1 convocatoria a los periodistas del Estado para que, por s\u00ed o a trav\u00e9s de sus agrupaciones o medios de comunicaci\u00f3n, propongan como Comisionados a profesionales del periodismo y acad\u00e9micos vinculados con este ejercicio profesional.<\/p>\n\n\n\n<p>El Secretario Ejecutivo ser\u00e1 propuesto por la persona titular de la Gubernatura del Estado y los Comisionados elegir\u00e1n, de entre ellos, a quien se desempe\u00f1ar\u00e1 como Presidente de la Comisi\u00f3n. El Presidente durar\u00e1 en su cargo dos a\u00f1os, con posibilidad de una sola reelecci\u00f3n.<\/p>\n\n\n\n<p>La persona titular de la Contralor\u00eda Interna ser\u00e1 designada por el Congreso del Estado mediante convocatoria p\u00fablica, con el voto de las dos terceras partes de los diputados presentes, por un periodo de cinco a\u00f1os, con la posibilidad de reelecci\u00f3n hasta por un periodo.<\/p>\n\n\n\n<p>Para su an\u00e1lisis, la iniciativa fue turnada a la Comisi\u00f3n Permanente para la Atenci\u00f3n y Protecci\u00f3n de los Periodistas.<\/p>\n\n\n\n<p>En la sesi\u00f3n, la integrante de la bancada Mixta Veracruz nos Une (VNU), Ana Rosa Vald\u00e9s Salazar, present\u00f3 un Anteproyecto con Punto de Acuerdo, por el cual exhort\u00f3 a las Comisiones de la LXVII Legislatura a cumplir con los objetivos para lo cual fueron constituidas.<\/p>\n","protected":false},"excerpt":{"rendered":"<p>Como complemento a la iniciativa con proyecto de decreto que reforma el Art\u00edculo 67, fracci\u00f3n V, incisos B) y C), de la Constituci\u00f3n Pol\u00edtica del Estado, le\u00edda en tribuna el&hellip;<\/p>\n","protected":false},"author":1,"featured_media":5545,"comment_status":"open","ping_status":"closed","sticky":false,"template":"","format":"standard","meta":{"footnotes":""},"categories":[1],"tags":[],"class_list":["post-5544","post","type-post","status-publish","format-standard","has-post-thumbnail","hentry","category-uncategorized"],"magazineBlocksPostFeaturedMedia":{"thumbnail":"https:\/\/vocesdeveracruz.com.mx\/wp-content\/uploads\/2026\/04\/683635302_1391100886380515_3059560070149070658_n-150x150.jpg","medium":"https:\/\/vocesdeveracruz.com.mx\/wp-content\/uploads\/2026\/04\/683635302_1391100886380515_3059560070149070658_n-300x200.jpg","medium_large":"https:\/\/vocesdeveracruz.com.mx\/wp-content\/uploads\/2026\/04\/683635302_1391100886380515_3059560070149070658_n-768x511.jpg","large":"https:\/\/vocesdeveracruz.com.mx\/wp-content\/uploads\/2026\/04\/683635302_1391100886380515_3059560070149070658_n-1024x682.jpg","1536x1536":"https:\/\/vocesdeveracruz.com.mx\/wp-content\/uploads\/2026\/04\/683635302_1391100886380515_3059560070149070658_n.jpg","2048x2048":"https:\/\/vocesdeveracruz.com.mx\/wp-content\/uploads\/2026\/04\/683635302_1391100886380515_3059560070149070658_n.jpg"},"magazineBlocksPostAuthor":{"name":"admin","avatar":"https:\/\/secure.gravatar.com\/avatar\/9d5013f9042ef2dfeb4122e9609da41e1858252ad644b84f2ec3a64ab59cceaf?s=96&d=mm&r=g"},"magazineBlocksPostCommentsNumber":"0","magazineBlocksPostExcerpt":"Como complemento a la iniciativa con proyecto de decreto que reforma el Art\u00edculo 67, fracci\u00f3n V, incisos B) y C), de la Constituci\u00f3n Pol\u00edtica del Estado, le\u00edda en tribuna el&hellip;","magazineBlocksPostCategories":["Uncategorized"],"magazineBlocksPostViewCount":2,"magazineBlocksPostReadTime":3,"magazine_blocks_featured_image_url":{"full":["https:\/\/vocesdeveracruz.com.mx\/wp-content\/uploads\/2026\/04\/683635302_1391100886380515_3059560070149070658_n.jpg",1280,852,false],"medium":["https:\/\/vocesdeveracruz.com.mx\/wp-content\/uploads\/2026\/04\/683635302_1391100886380515_3059560070149070658_n-300x200.jpg",300,200,true],"thumbnail":["https:\/\/vocesdeveracruz.com.mx\/wp-content\/uploads\/2026\/04\/683635302_1391100886380515_3059560070149070658_n-150x150.jpg",150,150,true]},"magazine_blocks_author":{"display_name":"admin","author_link":"https:\/\/vocesdeveracruz.com.mx\/?author=1"},"magazine_blocks_comment":0,"magazine_blocks_author_image":"https:\/\/secure.gravatar.com\/avatar\/9d5013f9042ef2dfeb4122e9609da41e1858252ad644b84f2ec3a64ab59cceaf?s=96&d=mm&r=g","magazine_blocks_category":"<a href=\"https:\/\/vocesdeveracruz.com.mx\/?cat=1\" rel=\"category\">Uncategorized<\/a>","_links":{"self":[{"href":"https:\/\/vocesdeveracruz.com.mx\/index.php?rest_route=\/wp\/v2\/posts\/5544","targetHints":{"allow":["GET"]}}],"collection":[{"href":"https:\/\/vocesdeveracruz.com.mx\/index.php?rest_route=\/wp\/v2\/posts"}],"about":[{"href":"https:\/\/vocesdeveracruz.com.mx\/index.php?rest_route=\/wp\/v2\/types\/post"}],"author":[{"embeddable":true,"href":"https:\/\/vocesdeveracruz.com.mx\/index.php?rest_route=\/wp\/v2\/users\/1"}],"replies":[{"embeddable":true,"href":"https:\/\/vocesdeveracruz.com.mx\/index.php?rest_route=%2Fwp%2Fv2%2Fcomments&post=5544"}],"version-history":[{"count":1,"href":"https:\/\/vocesdeveracruz.com.mx\/index.php?rest_route=\/wp\/v2\/posts\/5544\/revisions"}],"predecessor-version":[{"id":5546,"href":"https:\/\/vocesdeveracruz.com.mx\/index.php?rest_route=\/wp\/v2\/posts\/5544\/revisions\/5546"}],"wp:featuredmedia":[{"embeddable":true,"href":"https:\/\/vocesdeveracruz.com.mx\/index.php?rest_route=\/wp\/v2\/media\/5545"}],"wp:attachment":[{"href":"https:\/\/vocesdeveracruz.com.mx\/index.php?rest_route=%2Fwp%2Fv2%2Fmedia&parent=5544"}],"wp:term":[{"taxonomy":"category","embeddable":true,"href":"https:\/\/vocesdeveracruz.com.mx\/index.php?rest_route=%2Fwp%2Fv2%2Fcategories&post=5544"},{"taxonomy":"post_tag","embeddable":true,"href":"https:\/\/vocesdeveracruz.com.mx\/index.php?rest_route=%2Fwp%2Fv2%2Ftags&post=5544"}],"curies":[{"name":"wp","href":"https:\/\/api.w.org\/{rel}","templated":true}]}}