{"id":5539,"date":"2026-04-28T15:42:39","date_gmt":"2026-04-28T21:42:39","guid":{"rendered":"https:\/\/vocesdeveracruz.com.mx\/?p=5539"},"modified":"2026-04-28T15:42:39","modified_gmt":"2026-04-28T21:42:39","slug":"plantea-diputado-incorporar-centenaria-al-nombre-de-la-escuela-normal-veracruzana","status":"publish","type":"post","link":"https:\/\/vocesdeveracruz.com.mx\/?p=5539","title":{"rendered":"Plantea diputado incorporar \u201ccentenaria\u201d al nombre de la Escuela Normal Veracruzana"},"content":{"rendered":"\n<p>En reconocimiento a su trayectoria de m\u00e1s de un siglo de servicios ininterrumpidos a la educaci\u00f3n y como formadora de miles de maestras y maestros, el diputado Jos\u00e9 Reveriano Mar\u00edn Hern\u00e1ndez present\u00f3 al Pleno de la LXVII Legislatura una iniciativa de decreto que propone otorgar la denominaci\u00f3n de Centenaria a la Benem\u00e9rita Escuela Normal Veracruzana \u201cEnrique C. R\u00e9bsamen\u201d.<\/p>\n\n\n\n<p>Durante su participaci\u00f3n en la Sexta Sesi\u00f3n Ordinaria, el presidente de la Comisi\u00f3n Permanente de Educaci\u00f3n y Cultura subray\u00f3 que el cumplimiento de m\u00e1s de cien a\u00f1os de existencia de la instituci\u00f3n educativa no es un hecho menor, sino que representa un siglo de servicio a la educaci\u00f3n veracruzana y mexicana al formar miles de maestras y maestros de educaci\u00f3n b\u00e1sica, que han dedicado su vida a la noble tarea de educar.<\/p>\n\n\n\n<p>El diputado Mar\u00edn Hern\u00e1ndez dijo que otorgar la denominaci\u00f3n de \u201cCentenaria\u201d a la Normal Veracruzana tendr\u00e1 como impacto: reconocimiento institucional del valor hist\u00f3rico y la trayectoria; fortalecimiento de la identidad en la comunidad educativa; preservaci\u00f3n de la memoria hist\u00f3rica de la educaci\u00f3n normalista en la entidad; motivaci\u00f3n de las actuales y futuras generaciones de estudiantes normalistas, y protecci\u00f3n nacional e internacional de una de las instituciones m\u00e1s comprometidas con la educaci\u00f3n y el servicio a la sociedad.<\/p>\n\n\n\n<p>Agreg\u00f3 que la Benem\u00e9rita Escuela Normal Veracruzana, no es s\u00f3lo historia, sino que representa el presente y futuro, \u201ces la promesa de que la educaci\u00f3n p\u00fablica, de calidad, comprometida y transformadora, seguir\u00e1 siendo una realidad en Veracruz y en M\u00e9xico\u201d.<\/p>\n\n\n\n<p>Para finalizar, el legislador puntualiz\u00f3 que como egresado de la Normal Veracruzana y ahora, como servidor p\u00fablico, reconoce el valor de las instituciones que trabajan d\u00eda a d\u00eda formando a qui\u00e9nes educar\u00e1n a las pr\u00f3ximas generaciones, \u201c\u00e9ste es el momento preciso para que dejemos nuestra propia huella, es tiempo de que este Poder Legislativo reconozca oficialmente esta labor centenaria\u201d, concluy\u00f3.<\/p>\n\n\n\n<figure class=\"wp-block-image size-large\"><img loading=\"lazy\" decoding=\"async\" width=\"1024\" height=\"682\" src=\"https:\/\/vocesdeveracruz.com.mx\/wp-content\/uploads\/2026\/04\/680035498_1391100216380582_7029631952472882692_n-1024x682.jpg\" alt=\"\" class=\"wp-image-5541\" srcset=\"https:\/\/vocesdeveracruz.com.mx\/wp-content\/uploads\/2026\/04\/680035498_1391100216380582_7029631952472882692_n-1024x682.jpg 1024w, https:\/\/vocesdeveracruz.com.mx\/wp-content\/uploads\/2026\/04\/680035498_1391100216380582_7029631952472882692_n-300x200.jpg 300w, https:\/\/vocesdeveracruz.com.mx\/wp-content\/uploads\/2026\/04\/680035498_1391100216380582_7029631952472882692_n-768x511.jpg 768w, https:\/\/vocesdeveracruz.com.mx\/wp-content\/uploads\/2026\/04\/680035498_1391100216380582_7029631952472882692_n.jpg 1280w\" sizes=\"auto, (max-width: 1024px) 100vw, 1024px\" \/><\/figure>\n\n\n\n<p>De acuerdo con un art\u00edculo transitorio y a partir de la entrada en vigencia del decreto correspondiente, la Secretar\u00eda de Educaci\u00f3n de Veracruz (SEV), en un plazo no mayor a sesenta d\u00edas naturales, realizar\u00eda las gestiones necesarias para actualizar el registro oficial de la instituci\u00f3n con la nueva denominaci\u00f3n, as\u00ed como para difundir ampliamente este reconocimiento en el \u00e1mbito educativo estatal y nacional.<\/p>\n\n\n\n<p>La iniciativa fue turnada para su an\u00e1lisis a la Comisi\u00f3n Permanente de Educaci\u00f3n y Cultura. Se adhirieron los Grupos Legislativos de Morena, Partido Verde Ecologista de M\u00e9xico (PVEM) y Mixto Veracruz nos Une (VNU), as\u00ed como las diputadas Elizabeth Morales Garc\u00eda y Mar\u00eda Elena C\u00f3rdova Molina, as\u00ed como el diputado Adri\u00e1n Sigfrido \u00c1vila Estrada.<\/p>\n","protected":false},"excerpt":{"rendered":"<p>En reconocimiento a su trayectoria de m\u00e1s de un siglo de servicios ininterrumpidos a la educaci\u00f3n y como formadora de miles de maestras y maestros, el diputado Jos\u00e9 Reveriano Mar\u00edn&hellip;<\/p>\n","protected":false},"author":1,"featured_media":5540,"comment_status":"open","ping_status":"closed","sticky":false,"template":"","format":"standard","meta":{"footnotes":""},"categories":[71],"tags":[],"class_list":["post-5539","post","type-post","status-publish","format-standard","has-post-thumbnail","hentry","category-estatal"],"magazineBlocksPostFeaturedMedia":{"thumbnail":"https:\/\/vocesdeveracruz.com.mx\/wp-content\/uploads\/2026\/04\/681524133_1391100213047249_946387618469500295_n-150x150.jpg","medium":"https:\/\/vocesdeveracruz.com.mx\/wp-content\/uploads\/2026\/04\/681524133_1391100213047249_946387618469500295_n-300x200.jpg","medium_large":"https:\/\/vocesdeveracruz.com.mx\/wp-content\/uploads\/2026\/04\/681524133_1391100213047249_946387618469500295_n-768x513.jpg","large":"https:\/\/vocesdeveracruz.com.mx\/wp-content\/uploads\/2026\/04\/681524133_1391100213047249_946387618469500295_n-1024x684.jpg","1536x1536":"https:\/\/vocesdeveracruz.com.mx\/wp-content\/uploads\/2026\/04\/681524133_1391100213047249_946387618469500295_n-1536x1025.jpg","2048x2048":"https:\/\/vocesdeveracruz.com.mx\/wp-content\/uploads\/2026\/04\/681524133_1391100213047249_946387618469500295_n.jpg"},"magazineBlocksPostAuthor":{"name":"admin","avatar":"https:\/\/secure.gravatar.com\/avatar\/9d5013f9042ef2dfeb4122e9609da41e1858252ad644b84f2ec3a64ab59cceaf?s=96&d=mm&r=g"},"magazineBlocksPostCommentsNumber":"0","magazineBlocksPostExcerpt":"En reconocimiento a su trayectoria de m\u00e1s de un siglo de servicios ininterrumpidos a la educaci\u00f3n y como formadora de miles de maestras y maestros, el diputado Jos\u00e9 Reveriano Mar\u00edn&hellip;","magazineBlocksPostCategories":["ESTATAL"],"magazineBlocksPostViewCount":8,"magazineBlocksPostReadTime":3,"magazine_blocks_featured_image_url":{"full":["https:\/\/vocesdeveracruz.com.mx\/wp-content\/uploads\/2026\/04\/681524133_1391100213047249_946387618469500295_n.jpg",1600,1068,false],"medium":["https:\/\/vocesdeveracruz.com.mx\/wp-content\/uploads\/2026\/04\/681524133_1391100213047249_946387618469500295_n-300x200.jpg",300,200,true],"thumbnail":["https:\/\/vocesdeveracruz.com.mx\/wp-content\/uploads\/2026\/04\/681524133_1391100213047249_946387618469500295_n-150x150.jpg",150,150,true]},"magazine_blocks_author":{"display_name":"admin","author_link":"https:\/\/vocesdeveracruz.com.mx\/?author=1"},"magazine_blocks_comment":0,"magazine_blocks_author_image":"https:\/\/secure.gravatar.com\/avatar\/9d5013f9042ef2dfeb4122e9609da41e1858252ad644b84f2ec3a64ab59cceaf?s=96&d=mm&r=g","magazine_blocks_category":"<a href=\"https:\/\/vocesdeveracruz.com.mx\/?cat=71\" rel=\"category\">ESTATAL<\/a>","_links":{"self":[{"href":"https:\/\/vocesdeveracruz.com.mx\/index.php?rest_route=\/wp\/v2\/posts\/5539","targetHints":{"allow":["GET"]}}],"collection":[{"href":"https:\/\/vocesdeveracruz.com.mx\/index.php?rest_route=\/wp\/v2\/posts"}],"about":[{"href":"https:\/\/vocesdeveracruz.com.mx\/index.php?rest_route=\/wp\/v2\/types\/post"}],"author":[{"embeddable":true,"href":"https:\/\/vocesdeveracruz.com.mx\/index.php?rest_route=\/wp\/v2\/users\/1"}],"replies":[{"embeddable":true,"href":"https:\/\/vocesdeveracruz.com.mx\/index.php?rest_route=%2Fwp%2Fv2%2Fcomments&post=5539"}],"version-history":[{"count":1,"href":"https:\/\/vocesdeveracruz.com.mx\/index.php?rest_route=\/wp\/v2\/posts\/5539\/revisions"}],"predecessor-version":[{"id":5542,"href":"https:\/\/vocesdeveracruz.com.mx\/index.php?rest_route=\/wp\/v2\/posts\/5539\/revisions\/5542"}],"wp:featuredmedia":[{"embeddable":true,"href":"https:\/\/vocesdeveracruz.com.mx\/index.php?rest_route=\/wp\/v2\/media\/5540"}],"wp:attachment":[{"href":"https:\/\/vocesdeveracruz.com.mx\/index.php?rest_route=%2Fwp%2Fv2%2Fmedia&parent=5539"}],"wp:term":[{"taxonomy":"category","embeddable":true,"href":"https:\/\/vocesdeveracruz.com.mx\/index.php?rest_route=%2Fwp%2Fv2%2Fcategories&post=5539"},{"taxonomy":"post_tag","embeddable":true,"href":"https:\/\/vocesdeveracruz.com.mx\/index.php?rest_route=%2Fwp%2Fv2%2Ftags&post=5539"}],"curies":[{"name":"wp","href":"https:\/\/api.w.org\/{rel}","templated":true}]}}