{"id":5536,"date":"2026-04-28T12:45:10","date_gmt":"2026-04-28T18:45:10","guid":{"rendered":"https:\/\/vocesdeveracruz.com.mx\/?p=5536"},"modified":"2026-04-28T12:45:10","modified_gmt":"2026-04-28T18:45:10","slug":"desorden-y-criticas-marcan-muestra-gastronomica-en-pueblo-viejo","status":"publish","type":"post","link":"https:\/\/vocesdeveracruz.com.mx\/?p=5536","title":{"rendered":"Desorden y cr\u00edticas marcan muestra gastron\u00f3mica en Pueblo Viejo"},"content":{"rendered":"\n<p>Pueblo Viejo, Ver.\u2013 Un incidente que gener\u00f3 incomodidad y cr\u00edticas marc\u00f3 la muestra gastron\u00f3mica realizada el Domingo 26 de abril, como parte de las fiestas de fundaci\u00f3n del municipio, luego de que un empleado municipal protagonizara un episodio considerado como una falta de respeto hacia representantes de los medios de comunicaci\u00f3n. De acuerdo con testimonios de los presentes, en los pasillos de la presidencia municipal se escuch\u00f3 en repetidas ocasiones la frase: \u201cLos reporteros deben de comer al final, los reporteros deben de comer al final\u201d, pronunciada en voz alta por un trabajador del Ayuntamiento, sin considerar la presencia de asistentes ni el contexto del evento. <\/p>\n\n\n\n<p>La muestra gastron\u00f3mica, uno de los eventos m\u00e1s representativos de los festejos de aniversario, re\u00fane cada a\u00f1o a restauranteros locales, quienes participan con recursos propios para ofrecer degustaciones de sus platillos y promover su oferta culinaria entre visitantes y habitantes del municipio. Asimismo, este espacio permite la interacci\u00f3n entre el sector restaurantero y los medios de comunicaci\u00f3n, quienes cubren y difunden la actividad. Sin embargo, el momento destinado a la degustaci\u00f3n se vio empa\u00f1ado cuando el empleado municipal increp\u00f3 a los reporteros que realizaban su labor informativa, insistiendo en que deb\u00edan esperar al final para acceder a los alimentos. <\/p>\n\n\n\n<p>La situaci\u00f3n fue percibida como inapropiada y gener\u00f3 molestia entre comunicadores, asistentes y participantes. El incidente no termin\u00f3 ah\u00ed. Testigos se\u00f1alaron que el propio trabajador se adelant\u00f3 en la fila para servirse alimentos, acci\u00f3n que fue replicada por otros empleados municipales, lo que increment\u00f3 el descontento general. La situaci\u00f3n escal\u00f3 al grado de que la presidenta municipal fue informada de lo sucedido, ante la inconformidad expresada tanto por restauranteros como por asistentes al evento. <\/p>\n\n\n\n<p>Cabe destacar que, seg\u00fan versiones recabadas, en administraciones anteriores particularmente durante el periodo de la exalcaldesa Valeria Nieto se establec\u00edan lineamientos que imped\u00edan a los empleados municipales consumir alimentos durante estas muestras, al considerarlos anfitriones y priorizar la atenci\u00f3n a visitantes. El hecho ha generado cuestionamientos sobre la organizaci\u00f3n del evento y el trato hacia los medios de comunicaci\u00f3n, en un espacio que tradicionalmente busca promover la convivencia y el desarrollo econ\u00f3mico local.<\/p>\n","protected":false},"excerpt":{"rendered":"<p>Pueblo Viejo, Ver.\u2013 Un incidente que gener\u00f3 incomodidad y cr\u00edticas marc\u00f3 la muestra gastron\u00f3mica realizada el Domingo 26 de abril, como parte de las fiestas de fundaci\u00f3n del municipio, luego&hellip;<\/p>\n","protected":false},"author":1,"featured_media":5537,"comment_status":"open","ping_status":"closed","sticky":false,"template":"","format":"standard","meta":{"footnotes":""},"categories":[75],"tags":[],"class_list":["post-5536","post","type-post","status-publish","format-standard","has-post-thumbnail","hentry","category-regional"],"magazineBlocksPostFeaturedMedia":{"thumbnail":"https:\/\/vocesdeveracruz.com.mx\/wp-content\/uploads\/2026\/04\/683334280_1816111189307109_5814937450116507308_n-copia-150x150.jpg","medium":"https:\/\/vocesdeveracruz.com.mx\/wp-content\/uploads\/2026\/04\/683334280_1816111189307109_5814937450116507308_n-copia-300x154.jpg","medium_large":"https:\/\/vocesdeveracruz.com.mx\/wp-content\/uploads\/2026\/04\/683334280_1816111189307109_5814937450116507308_n-copia-768x394.jpg","large":"https:\/\/vocesdeveracruz.com.mx\/wp-content\/uploads\/2026\/04\/683334280_1816111189307109_5814937450116507308_n-copia-1024x526.jpg","1536x1536":"https:\/\/vocesdeveracruz.com.mx\/wp-content\/uploads\/2026\/04\/683334280_1816111189307109_5814937450116507308_n-copia-1536x789.jpg","2048x2048":"https:\/\/vocesdeveracruz.com.mx\/wp-content\/uploads\/2026\/04\/683334280_1816111189307109_5814937450116507308_n-copia-2048x1051.jpg"},"magazineBlocksPostAuthor":{"name":"admin","avatar":"https:\/\/secure.gravatar.com\/avatar\/9d5013f9042ef2dfeb4122e9609da41e1858252ad644b84f2ec3a64ab59cceaf?s=96&d=mm&r=g"},"magazineBlocksPostCommentsNumber":"0","magazineBlocksPostExcerpt":"Pueblo Viejo, Ver.\u2013 Un incidente que gener\u00f3 incomodidad y cr\u00edticas marc\u00f3 la muestra gastron\u00f3mica realizada el Domingo 26 de abril, como parte de las fiestas de fundaci\u00f3n del municipio, luego&hellip;","magazineBlocksPostCategories":["REGIONAL"],"magazineBlocksPostViewCount":41,"magazineBlocksPostReadTime":2,"magazine_blocks_featured_image_url":{"full":["https:\/\/vocesdeveracruz.com.mx\/wp-content\/uploads\/2026\/04\/683334280_1816111189307109_5814937450116507308_n-copia-scaled.jpg",2560,1314,false],"medium":["https:\/\/vocesdeveracruz.com.mx\/wp-content\/uploads\/2026\/04\/683334280_1816111189307109_5814937450116507308_n-copia-300x154.jpg",300,154,true],"thumbnail":["https:\/\/vocesdeveracruz.com.mx\/wp-content\/uploads\/2026\/04\/683334280_1816111189307109_5814937450116507308_n-copia-150x150.jpg",150,150,true]},"magazine_blocks_author":{"display_name":"admin","author_link":"https:\/\/vocesdeveracruz.com.mx\/?author=1"},"magazine_blocks_comment":0,"magazine_blocks_author_image":"https:\/\/secure.gravatar.com\/avatar\/9d5013f9042ef2dfeb4122e9609da41e1858252ad644b84f2ec3a64ab59cceaf?s=96&d=mm&r=g","magazine_blocks_category":"<a href=\"https:\/\/vocesdeveracruz.com.mx\/?cat=75\" rel=\"category\">REGIONAL<\/a>","_links":{"self":[{"href":"https:\/\/vocesdeveracruz.com.mx\/index.php?rest_route=\/wp\/v2\/posts\/5536","targetHints":{"allow":["GET"]}}],"collection":[{"href":"https:\/\/vocesdeveracruz.com.mx\/index.php?rest_route=\/wp\/v2\/posts"}],"about":[{"href":"https:\/\/vocesdeveracruz.com.mx\/index.php?rest_route=\/wp\/v2\/types\/post"}],"author":[{"embeddable":true,"href":"https:\/\/vocesdeveracruz.com.mx\/index.php?rest_route=\/wp\/v2\/users\/1"}],"replies":[{"embeddable":true,"href":"https:\/\/vocesdeveracruz.com.mx\/index.php?rest_route=%2Fwp%2Fv2%2Fcomments&post=5536"}],"version-history":[{"count":1,"href":"https:\/\/vocesdeveracruz.com.mx\/index.php?rest_route=\/wp\/v2\/posts\/5536\/revisions"}],"predecessor-version":[{"id":5538,"href":"https:\/\/vocesdeveracruz.com.mx\/index.php?rest_route=\/wp\/v2\/posts\/5536\/revisions\/5538"}],"wp:featuredmedia":[{"embeddable":true,"href":"https:\/\/vocesdeveracruz.com.mx\/index.php?rest_route=\/wp\/v2\/media\/5537"}],"wp:attachment":[{"href":"https:\/\/vocesdeveracruz.com.mx\/index.php?rest_route=%2Fwp%2Fv2%2Fmedia&parent=5536"}],"wp:term":[{"taxonomy":"category","embeddable":true,"href":"https:\/\/vocesdeveracruz.com.mx\/index.php?rest_route=%2Fwp%2Fv2%2Fcategories&post=5536"},{"taxonomy":"post_tag","embeddable":true,"href":"https:\/\/vocesdeveracruz.com.mx\/index.php?rest_route=%2Fwp%2Fv2%2Ftags&post=5536"}],"curies":[{"name":"wp","href":"https:\/\/api.w.org\/{rel}","templated":true}]}}