{"id":5529,"date":"2026-04-27T11:25:42","date_gmt":"2026-04-27T17:25:42","guid":{"rendered":"https:\/\/vocesdeveracruz.com.mx\/?p=5529"},"modified":"2026-04-27T11:25:42","modified_gmt":"2026-04-27T17:25:42","slug":"gran-respuesta-ciudadana-en-apertura-de-ventanillas-para-proyectos-del-campo-en-tantoyuca","status":"publish","type":"post","link":"https:\/\/vocesdeveracruz.com.mx\/?p=5529","title":{"rendered":"Gran respuesta ciudadana en apertura de ventanillas para proyectos del campo en Tantoyuca"},"content":{"rendered":"\n<p><\/p>\n\n\n\n<p>Tantoyuca, Ver.- El alcalde Roberto San Rom\u00e1n destac\u00f3 la importante participaci\u00f3n de los tantoyuquenses durante el primer d\u00eda de apertura de ventanillas de los proyectos impulsados por la Secretar\u00eda de Desarrollo Agropecuario, Rural y Pesca de Veracruz, los cuales cuentan con el respaldo de la gobernadora Roc\u00edo Nahle.<\/p>\n\n\n\n<p>Productores provenientes de diversas comunidades acudieron al llamado con el objetivo de acceder a estos programas que buscan fortalecer el campo veracruzano, mejorar las condiciones de producci\u00f3n y avanzar hacia la soberan\u00eda alimentaria en la regi\u00f3n.<\/p>\n\n\n\n<div class=\"wp-block-columns is-layout-flex wp-container-core-columns-is-layout-9d6595d7 wp-block-columns-is-layout-flex\">\n<div class=\"wp-block-column is-layout-flow wp-block-column-is-layout-flow\">\n<figure class=\"wp-block-image size-large\"><img loading=\"lazy\" decoding=\"async\" width=\"1024\" height=\"768\" src=\"https:\/\/vocesdeveracruz.com.mx\/wp-content\/uploads\/2026\/04\/679969843_1361576862691541_800799057100705290_n-1024x768.jpg\" alt=\"\" class=\"wp-image-5531\" srcset=\"https:\/\/vocesdeveracruz.com.mx\/wp-content\/uploads\/2026\/04\/679969843_1361576862691541_800799057100705290_n-1024x768.jpg 1024w, https:\/\/vocesdeveracruz.com.mx\/wp-content\/uploads\/2026\/04\/679969843_1361576862691541_800799057100705290_n-300x225.jpg 300w, https:\/\/vocesdeveracruz.com.mx\/wp-content\/uploads\/2026\/04\/679969843_1361576862691541_800799057100705290_n-768x576.jpg 768w, https:\/\/vocesdeveracruz.com.mx\/wp-content\/uploads\/2026\/04\/679969843_1361576862691541_800799057100705290_n-1536x1152.jpg 1536w, https:\/\/vocesdeveracruz.com.mx\/wp-content\/uploads\/2026\/04\/679969843_1361576862691541_800799057100705290_n.jpg 2048w\" sizes=\"auto, (max-width: 1024px) 100vw, 1024px\" \/><\/figure>\n<\/div>\n\n\n\n<div class=\"wp-block-column is-layout-flow wp-block-column-is-layout-flow\">\n<figure class=\"wp-block-image size-large\"><img loading=\"lazy\" decoding=\"async\" width=\"1024\" height=\"666\" src=\"https:\/\/vocesdeveracruz.com.mx\/wp-content\/uploads\/2026\/04\/682286114_1361576892691538_8348560712903894563_n-1024x666.jpg\" alt=\"\" class=\"wp-image-5532\" srcset=\"https:\/\/vocesdeveracruz.com.mx\/wp-content\/uploads\/2026\/04\/682286114_1361576892691538_8348560712903894563_n-1024x666.jpg 1024w, https:\/\/vocesdeveracruz.com.mx\/wp-content\/uploads\/2026\/04\/682286114_1361576892691538_8348560712903894563_n-300x195.jpg 300w, https:\/\/vocesdeveracruz.com.mx\/wp-content\/uploads\/2026\/04\/682286114_1361576892691538_8348560712903894563_n-768x499.jpg 768w, https:\/\/vocesdeveracruz.com.mx\/wp-content\/uploads\/2026\/04\/682286114_1361576892691538_8348560712903894563_n.jpg 1126w\" sizes=\"auto, (max-width: 1024px) 100vw, 1024px\" \/><figcaption class=\"wp-element-caption\">Screenshot<\/figcaption><\/figure>\n<\/div>\n\n\n\n<div class=\"wp-block-column is-layout-flow wp-block-column-is-layout-flow\">\n<figure class=\"wp-block-image size-large\"><img loading=\"lazy\" decoding=\"async\" width=\"1024\" height=\"768\" src=\"https:\/\/vocesdeveracruz.com.mx\/wp-content\/uploads\/2026\/04\/681414352_1361576872691540_4564920664831082804_n-1024x768.jpg\" alt=\"\" class=\"wp-image-5533\" srcset=\"https:\/\/vocesdeveracruz.com.mx\/wp-content\/uploads\/2026\/04\/681414352_1361576872691540_4564920664831082804_n-1024x768.jpg 1024w, https:\/\/vocesdeveracruz.com.mx\/wp-content\/uploads\/2026\/04\/681414352_1361576872691540_4564920664831082804_n-300x225.jpg 300w, https:\/\/vocesdeveracruz.com.mx\/wp-content\/uploads\/2026\/04\/681414352_1361576872691540_4564920664831082804_n-768x576.jpg 768w, https:\/\/vocesdeveracruz.com.mx\/wp-content\/uploads\/2026\/04\/681414352_1361576872691540_4564920664831082804_n-1536x1152.jpg 1536w, https:\/\/vocesdeveracruz.com.mx\/wp-content\/uploads\/2026\/04\/681414352_1361576872691540_4564920664831082804_n.jpg 2048w\" sizes=\"auto, (max-width: 1024px) 100vw, 1024px\" \/><\/figure>\n<\/div>\n<\/div>\n\n\n\n<p>Las autoridades municipales informaron que la convocatoria permanecer\u00e1 vigente hasta el pr\u00f3ximo 8 de mayo, por lo que invitan a los interesados a acudir a las instalaciones del Gobierno Municipal de Tantoyuca 2026-2029, en un horario de 9:00 a 15:00 horas, para realizar su registro correspondiente.<\/p>\n","protected":false},"excerpt":{"rendered":"<p>Tantoyuca, Ver.- El alcalde Roberto San Rom\u00e1n destac\u00f3 la importante participaci\u00f3n de los tantoyuquenses durante el primer d\u00eda de apertura de ventanillas de los proyectos impulsados por la Secretar\u00eda de&hellip;<\/p>\n","protected":false},"author":1,"featured_media":5530,"comment_status":"open","ping_status":"closed","sticky":false,"template":"","format":"standard","meta":{"footnotes":""},"categories":[1],"tags":[],"class_list":["post-5529","post","type-post","status-publish","format-standard","has-post-thumbnail","hentry","category-uncategorized"],"magazineBlocksPostFeaturedMedia":{"thumbnail":"https:\/\/vocesdeveracruz.com.mx\/wp-content\/uploads\/2026\/04\/681373888_1361576836024877_8509067593755538250_n-150x150.jpg","medium":"https:\/\/vocesdeveracruz.com.mx\/wp-content\/uploads\/2026\/04\/681373888_1361576836024877_8509067593755538250_n-300x225.jpg","medium_large":"https:\/\/vocesdeveracruz.com.mx\/wp-content\/uploads\/2026\/04\/681373888_1361576836024877_8509067593755538250_n-768x576.jpg","large":"https:\/\/vocesdeveracruz.com.mx\/wp-content\/uploads\/2026\/04\/681373888_1361576836024877_8509067593755538250_n-1024x768.jpg","1536x1536":"https:\/\/vocesdeveracruz.com.mx\/wp-content\/uploads\/2026\/04\/681373888_1361576836024877_8509067593755538250_n-1536x1152.jpg","2048x2048":"https:\/\/vocesdeveracruz.com.mx\/wp-content\/uploads\/2026\/04\/681373888_1361576836024877_8509067593755538250_n.jpg"},"magazineBlocksPostAuthor":{"name":"admin","avatar":"https:\/\/secure.gravatar.com\/avatar\/9d5013f9042ef2dfeb4122e9609da41e1858252ad644b84f2ec3a64ab59cceaf?s=96&d=mm&r=g"},"magazineBlocksPostCommentsNumber":"0","magazineBlocksPostExcerpt":"Tantoyuca, Ver.- El alcalde Roberto San Rom\u00e1n destac\u00f3 la importante participaci\u00f3n de los tantoyuquenses durante el primer d\u00eda de apertura de ventanillas de los proyectos impulsados por la Secretar\u00eda de&hellip;","magazineBlocksPostCategories":["Uncategorized"],"magazineBlocksPostViewCount":36,"magazineBlocksPostReadTime":1,"magazine_blocks_featured_image_url":{"full":["https:\/\/vocesdeveracruz.com.mx\/wp-content\/uploads\/2026\/04\/681373888_1361576836024877_8509067593755538250_n.jpg",2048,1536,false],"medium":["https:\/\/vocesdeveracruz.com.mx\/wp-content\/uploads\/2026\/04\/681373888_1361576836024877_8509067593755538250_n-300x225.jpg",300,225,true],"thumbnail":["https:\/\/vocesdeveracruz.com.mx\/wp-content\/uploads\/2026\/04\/681373888_1361576836024877_8509067593755538250_n-150x150.jpg",150,150,true]},"magazine_blocks_author":{"display_name":"admin","author_link":"https:\/\/vocesdeveracruz.com.mx\/?author=1"},"magazine_blocks_comment":0,"magazine_blocks_author_image":"https:\/\/secure.gravatar.com\/avatar\/9d5013f9042ef2dfeb4122e9609da41e1858252ad644b84f2ec3a64ab59cceaf?s=96&d=mm&r=g","magazine_blocks_category":"<a href=\"https:\/\/vocesdeveracruz.com.mx\/?cat=1\" rel=\"category\">Uncategorized<\/a>","_links":{"self":[{"href":"https:\/\/vocesdeveracruz.com.mx\/index.php?rest_route=\/wp\/v2\/posts\/5529","targetHints":{"allow":["GET"]}}],"collection":[{"href":"https:\/\/vocesdeveracruz.com.mx\/index.php?rest_route=\/wp\/v2\/posts"}],"about":[{"href":"https:\/\/vocesdeveracruz.com.mx\/index.php?rest_route=\/wp\/v2\/types\/post"}],"author":[{"embeddable":true,"href":"https:\/\/vocesdeveracruz.com.mx\/index.php?rest_route=\/wp\/v2\/users\/1"}],"replies":[{"embeddable":true,"href":"https:\/\/vocesdeveracruz.com.mx\/index.php?rest_route=%2Fwp%2Fv2%2Fcomments&post=5529"}],"version-history":[{"count":1,"href":"https:\/\/vocesdeveracruz.com.mx\/index.php?rest_route=\/wp\/v2\/posts\/5529\/revisions"}],"predecessor-version":[{"id":5534,"href":"https:\/\/vocesdeveracruz.com.mx\/index.php?rest_route=\/wp\/v2\/posts\/5529\/revisions\/5534"}],"wp:featuredmedia":[{"embeddable":true,"href":"https:\/\/vocesdeveracruz.com.mx\/index.php?rest_route=\/wp\/v2\/media\/5530"}],"wp:attachment":[{"href":"https:\/\/vocesdeveracruz.com.mx\/index.php?rest_route=%2Fwp%2Fv2%2Fmedia&parent=5529"}],"wp:term":[{"taxonomy":"category","embeddable":true,"href":"https:\/\/vocesdeveracruz.com.mx\/index.php?rest_route=%2Fwp%2Fv2%2Fcategories&post=5529"},{"taxonomy":"post_tag","embeddable":true,"href":"https:\/\/vocesdeveracruz.com.mx\/index.php?rest_route=%2Fwp%2Fv2%2Ftags&post=5529"}],"curies":[{"name":"wp","href":"https:\/\/api.w.org\/{rel}","templated":true}]}}