{"id":5526,"date":"2026-04-27T11:19:48","date_gmt":"2026-04-27T17:19:48","guid":{"rendered":"https:\/\/vocesdeveracruz.com.mx\/?p=5526"},"modified":"2026-04-27T11:19:48","modified_gmt":"2026-04-27T17:19:48","slug":"cumplen-orden-de-aprehension-por-robo-agravado-en-tantoyuca","status":"publish","type":"post","link":"https:\/\/vocesdeveracruz.com.mx\/?p=5526","title":{"rendered":"Cumplen orden de aprehensi\u00f3n por robo agravado en Tantoyuca"},"content":{"rendered":"\n<p><\/p>\n\n\n\n<p>Tantoyuca, Ver.\u2013 Elementos de la Delegaci\u00f3n Regional de la Polic\u00eda Ministerial Zona Norte, con base en la comandancia de Tantoyuca, dieron cumplimiento a una orden de aprehensi\u00f3n en contra de Fernando N\u00b4, alias \u201cEl Chiquis\u201d, se\u00f1alado por el delito de robo agravado en agravio de \u00d3scar N\u00b4.<\/p>\n\n\n\n<p>La orden judicial fue girada mediante oficio n\u00famero 857\/2026 con fecha del 25 de abril de 2026, firmado por el juez del Juzgado de Primera Instancia de Proceso y Procedimiento Penal Oral del Tercer Distrito Judicial con sede en Tantoyuca.<\/p>\n\n\n\n<p>De acuerdo con la s\u00edntesis de los hechos, el ahora detenido habr\u00eda ingresado en noviembre de 2025 al domicilio del afectado, ubicado en la colonia 18 de Marzo, de donde presuntamente sustrajo diversas herramientas y objetos de valor.<\/p>\n\n\n\n<p>La detenci\u00f3n se llev\u00f3 a cabo en la calle Igualdad, esquina con Abasolo, en la colonia Centro de Tantoyuca, mediante un operativo coordinado entre corporaciones de los tres niveles de gobierno, entre ellas Polic\u00eda Municipal, Polic\u00eda Estatal, Secretar\u00eda de la Defensa Nacional y Guardia Nacional.<\/p>\n\n\n\n<p>El detenido fue puesto a disposici\u00f3n de la autoridad correspondiente, que determinar\u00e1 su situaci\u00f3n jur\u00eddica conforme a derecho.<\/p>\n","protected":false},"excerpt":{"rendered":"<p>Tantoyuca, Ver.\u2013 Elementos de la Delegaci\u00f3n Regional de la Polic\u00eda Ministerial Zona Norte, con base en la comandancia de Tantoyuca, dieron cumplimiento a una orden de aprehensi\u00f3n en contra de&hellip;<\/p>\n","protected":false},"author":1,"featured_media":5527,"comment_status":"open","ping_status":"closed","sticky":false,"template":"","format":"standard","meta":{"footnotes":""},"categories":[75],"tags":[],"class_list":["post-5526","post","type-post","status-publish","format-standard","has-post-thumbnail","hentry","category-regional"],"magazineBlocksPostFeaturedMedia":{"thumbnail":"https:\/\/vocesdeveracruz.com.mx\/wp-content\/uploads\/2026\/04\/babb739c-e764-4ee0-ba24-b9bf5548f4d5-150x150.jpg","medium":"https:\/\/vocesdeveracruz.com.mx\/wp-content\/uploads\/2026\/04\/babb739c-e764-4ee0-ba24-b9bf5548f4d5-300x145.jpg","medium_large":"https:\/\/vocesdeveracruz.com.mx\/wp-content\/uploads\/2026\/04\/babb739c-e764-4ee0-ba24-b9bf5548f4d5-768x372.jpg","large":"https:\/\/vocesdeveracruz.com.mx\/wp-content\/uploads\/2026\/04\/babb739c-e764-4ee0-ba24-b9bf5548f4d5-1024x495.jpg","1536x1536":"https:\/\/vocesdeveracruz.com.mx\/wp-content\/uploads\/2026\/04\/babb739c-e764-4ee0-ba24-b9bf5548f4d5.jpg","2048x2048":"https:\/\/vocesdeveracruz.com.mx\/wp-content\/uploads\/2026\/04\/babb739c-e764-4ee0-ba24-b9bf5548f4d5.jpg"},"magazineBlocksPostAuthor":{"name":"admin","avatar":"https:\/\/secure.gravatar.com\/avatar\/9d5013f9042ef2dfeb4122e9609da41e1858252ad644b84f2ec3a64ab59cceaf?s=96&d=mm&r=g"},"magazineBlocksPostCommentsNumber":"0","magazineBlocksPostExcerpt":"Tantoyuca, Ver.\u2013 Elementos de la Delegaci\u00f3n Regional de la Polic\u00eda Ministerial Zona Norte, con base en la comandancia de Tantoyuca, dieron cumplimiento a una orden de aprehensi\u00f3n en contra de&hellip;","magazineBlocksPostCategories":["REGIONAL"],"magazineBlocksPostViewCount":94,"magazineBlocksPostReadTime":1,"magazine_blocks_featured_image_url":{"full":["https:\/\/vocesdeveracruz.com.mx\/wp-content\/uploads\/2026\/04\/babb739c-e764-4ee0-ba24-b9bf5548f4d5.jpg",1387,671,false],"medium":["https:\/\/vocesdeveracruz.com.mx\/wp-content\/uploads\/2026\/04\/babb739c-e764-4ee0-ba24-b9bf5548f4d5-300x145.jpg",300,145,true],"thumbnail":["https:\/\/vocesdeveracruz.com.mx\/wp-content\/uploads\/2026\/04\/babb739c-e764-4ee0-ba24-b9bf5548f4d5-150x150.jpg",150,150,true]},"magazine_blocks_author":{"display_name":"admin","author_link":"https:\/\/vocesdeveracruz.com.mx\/?author=1"},"magazine_blocks_comment":0,"magazine_blocks_author_image":"https:\/\/secure.gravatar.com\/avatar\/9d5013f9042ef2dfeb4122e9609da41e1858252ad644b84f2ec3a64ab59cceaf?s=96&d=mm&r=g","magazine_blocks_category":"<a href=\"https:\/\/vocesdeveracruz.com.mx\/?cat=75\" rel=\"category\">REGIONAL<\/a>","_links":{"self":[{"href":"https:\/\/vocesdeveracruz.com.mx\/index.php?rest_route=\/wp\/v2\/posts\/5526","targetHints":{"allow":["GET"]}}],"collection":[{"href":"https:\/\/vocesdeveracruz.com.mx\/index.php?rest_route=\/wp\/v2\/posts"}],"about":[{"href":"https:\/\/vocesdeveracruz.com.mx\/index.php?rest_route=\/wp\/v2\/types\/post"}],"author":[{"embeddable":true,"href":"https:\/\/vocesdeveracruz.com.mx\/index.php?rest_route=\/wp\/v2\/users\/1"}],"replies":[{"embeddable":true,"href":"https:\/\/vocesdeveracruz.com.mx\/index.php?rest_route=%2Fwp%2Fv2%2Fcomments&post=5526"}],"version-history":[{"count":1,"href":"https:\/\/vocesdeveracruz.com.mx\/index.php?rest_route=\/wp\/v2\/posts\/5526\/revisions"}],"predecessor-version":[{"id":5528,"href":"https:\/\/vocesdeveracruz.com.mx\/index.php?rest_route=\/wp\/v2\/posts\/5526\/revisions\/5528"}],"wp:featuredmedia":[{"embeddable":true,"href":"https:\/\/vocesdeveracruz.com.mx\/index.php?rest_route=\/wp\/v2\/media\/5527"}],"wp:attachment":[{"href":"https:\/\/vocesdeveracruz.com.mx\/index.php?rest_route=%2Fwp%2Fv2%2Fmedia&parent=5526"}],"wp:term":[{"taxonomy":"category","embeddable":true,"href":"https:\/\/vocesdeveracruz.com.mx\/index.php?rest_route=%2Fwp%2Fv2%2Fcategories&post=5526"},{"taxonomy":"post_tag","embeddable":true,"href":"https:\/\/vocesdeveracruz.com.mx\/index.php?rest_route=%2Fwp%2Fv2%2Ftags&post=5526"}],"curies":[{"name":"wp","href":"https:\/\/api.w.org\/{rel}","templated":true}]}}