{"id":5520,"date":"2026-04-25T13:06:05","date_gmt":"2026-04-25T19:06:05","guid":{"rendered":"https:\/\/vocesdeveracruz.com.mx\/?p=5520"},"modified":"2026-04-25T13:06:05","modified_gmt":"2026-04-25T19:06:05","slug":"dgte-capacita-a-trabajadores-del-volante-en-la-zona-norte-de-veracruz","status":"publish","type":"post","link":"https:\/\/vocesdeveracruz.com.mx\/?p=5520","title":{"rendered":"DGTE CAPACITA A TRABAJADORES DEL VOLANTE EN LA ZONA NORTE DE VERACRUZ"},"content":{"rendered":"\n<p>P\u00e1nuco, Ver.- La Direcci\u00f3n General de Transporte del Estado (DGTE) contin\u00faa fortaleciendo la profesionalizaci\u00f3n del sector en la zona norte de Veracruz mediante jornadas de capacitaci\u00f3n dirigidas a trabajadores del volante.<\/p>\n\n\n\n<p>En esta ocasi\u00f3n, la Delegaci\u00f3n Regional P\u00e1nuco llev\u00f3 a cabo un curso enfocado a choferes taxistas y concesionarios interesados en tramitar la licencia tipo \u201cA\u201d, donde adem\u00e1s se abordaron temas de manejo a la defensiva, con el objetivo de reducir riesgos y mejorar la seguridad vial.<\/p>\n\n\n\n<p>Asimismo, durante la capacitaci\u00f3n se brind\u00f3 orientaci\u00f3n sobre los derechos y obligaciones de los prestadores del servicio p\u00fablico de transporte, destacando la importancia de mantener en regla la documentaci\u00f3n correspondiente y ofrecer un servicio eficiente y de calidad a la ciudadan\u00eda.<\/p>\n","protected":false},"excerpt":{"rendered":"<p>P\u00e1nuco, Ver.- La Direcci\u00f3n General de Transporte del Estado (DGTE) contin\u00faa fortaleciendo la profesionalizaci\u00f3n del sector en la zona norte de Veracruz mediante jornadas de capacitaci\u00f3n dirigidas a trabajadores del&hellip;<\/p>\n","protected":false},"author":1,"featured_media":5521,"comment_status":"open","ping_status":"closed","sticky":false,"template":"","format":"standard","meta":{"footnotes":""},"categories":[72],"tags":[],"class_list":["post-5520","post","type-post","status-publish","format-standard","has-post-thumbnail","hentry","category-local"],"magazineBlocksPostFeaturedMedia":{"thumbnail":"https:\/\/vocesdeveracruz.com.mx\/wp-content\/uploads\/2026\/04\/675110264_1508305084421863_6676719259340894956_n-150x150.jpg","medium":"https:\/\/vocesdeveracruz.com.mx\/wp-content\/uploads\/2026\/04\/675110264_1508305084421863_6676719259340894956_n-300x226.jpg","medium_large":"https:\/\/vocesdeveracruz.com.mx\/wp-content\/uploads\/2026\/04\/675110264_1508305084421863_6676719259340894956_n.jpg","large":"https:\/\/vocesdeveracruz.com.mx\/wp-content\/uploads\/2026\/04\/675110264_1508305084421863_6676719259340894956_n.jpg","1536x1536":"https:\/\/vocesdeveracruz.com.mx\/wp-content\/uploads\/2026\/04\/675110264_1508305084421863_6676719259340894956_n.jpg","2048x2048":"https:\/\/vocesdeveracruz.com.mx\/wp-content\/uploads\/2026\/04\/675110264_1508305084421863_6676719259340894956_n.jpg"},"magazineBlocksPostAuthor":{"name":"admin","avatar":"https:\/\/secure.gravatar.com\/avatar\/9d5013f9042ef2dfeb4122e9609da41e1858252ad644b84f2ec3a64ab59cceaf?s=96&d=mm&r=g"},"magazineBlocksPostCommentsNumber":"0","magazineBlocksPostExcerpt":"P\u00e1nuco, Ver.- La Direcci\u00f3n General de Transporte del Estado (DGTE) contin\u00faa fortaleciendo la profesionalizaci\u00f3n del sector en la zona norte de Veracruz mediante jornadas de capacitaci\u00f3n dirigidas a trabajadores del&hellip;","magazineBlocksPostCategories":["LOCAL"],"magazineBlocksPostViewCount":4,"magazineBlocksPostReadTime":1,"magazine_blocks_featured_image_url":{"full":["https:\/\/vocesdeveracruz.com.mx\/wp-content\/uploads\/2026\/04\/675110264_1508305084421863_6676719259340894956_n.jpg",590,444,false],"medium":["https:\/\/vocesdeveracruz.com.mx\/wp-content\/uploads\/2026\/04\/675110264_1508305084421863_6676719259340894956_n-300x226.jpg",300,226,true],"thumbnail":["https:\/\/vocesdeveracruz.com.mx\/wp-content\/uploads\/2026\/04\/675110264_1508305084421863_6676719259340894956_n-150x150.jpg",150,150,true]},"magazine_blocks_author":{"display_name":"admin","author_link":"https:\/\/vocesdeveracruz.com.mx\/?author=1"},"magazine_blocks_comment":0,"magazine_blocks_author_image":"https:\/\/secure.gravatar.com\/avatar\/9d5013f9042ef2dfeb4122e9609da41e1858252ad644b84f2ec3a64ab59cceaf?s=96&d=mm&r=g","magazine_blocks_category":"<a href=\"https:\/\/vocesdeveracruz.com.mx\/?cat=72\" rel=\"category\">LOCAL<\/a>","_links":{"self":[{"href":"https:\/\/vocesdeveracruz.com.mx\/index.php?rest_route=\/wp\/v2\/posts\/5520","targetHints":{"allow":["GET"]}}],"collection":[{"href":"https:\/\/vocesdeveracruz.com.mx\/index.php?rest_route=\/wp\/v2\/posts"}],"about":[{"href":"https:\/\/vocesdeveracruz.com.mx\/index.php?rest_route=\/wp\/v2\/types\/post"}],"author":[{"embeddable":true,"href":"https:\/\/vocesdeveracruz.com.mx\/index.php?rest_route=\/wp\/v2\/users\/1"}],"replies":[{"embeddable":true,"href":"https:\/\/vocesdeveracruz.com.mx\/index.php?rest_route=%2Fwp%2Fv2%2Fcomments&post=5520"}],"version-history":[{"count":1,"href":"https:\/\/vocesdeveracruz.com.mx\/index.php?rest_route=\/wp\/v2\/posts\/5520\/revisions"}],"predecessor-version":[{"id":5522,"href":"https:\/\/vocesdeveracruz.com.mx\/index.php?rest_route=\/wp\/v2\/posts\/5520\/revisions\/5522"}],"wp:featuredmedia":[{"embeddable":true,"href":"https:\/\/vocesdeveracruz.com.mx\/index.php?rest_route=\/wp\/v2\/media\/5521"}],"wp:attachment":[{"href":"https:\/\/vocesdeveracruz.com.mx\/index.php?rest_route=%2Fwp%2Fv2%2Fmedia&parent=5520"}],"wp:term":[{"taxonomy":"category","embeddable":true,"href":"https:\/\/vocesdeveracruz.com.mx\/index.php?rest_route=%2Fwp%2Fv2%2Fcategories&post=5520"},{"taxonomy":"post_tag","embeddable":true,"href":"https:\/\/vocesdeveracruz.com.mx\/index.php?rest_route=%2Fwp%2Fv2%2Ftags&post=5520"}],"curies":[{"name":"wp","href":"https:\/\/api.w.org\/{rel}","templated":true}]}}