{"id":5515,"date":"2026-04-25T13:04:45","date_gmt":"2026-04-25T19:04:45","guid":{"rendered":"https:\/\/vocesdeveracruz.com.mx\/?p=5515"},"modified":"2026-04-25T13:04:45","modified_gmt":"2026-04-25T19:04:45","slug":"%f0%9d%97%99%f0%9d%97%bc%f0%9d%97%bf%f0%9d%98%81%f0%9d%97%ae%f0%9d%97%b9%f0%9d%97%b2%f0%9d%97%b0%f0%9d%97%b2%f0%9d%97%bb-%f0%9d%97%b6%f0%9d%97%ba%f0%9d%97%ae%f0%9d%97%b4%f0%9d%97%b2%f0%9d%97%bb","status":"publish","type":"post","link":"https:\/\/vocesdeveracruz.com.mx\/?p=5515","title":{"rendered":"\ud835\uddd9\ud835\uddfc\ud835\uddff\ud835\ude01\ud835\uddee\ud835\uddf9\ud835\uddf2\ud835\uddf0\ud835\uddf2\ud835\uddfb \ud835\uddf6\ud835\uddfa\ud835\uddee\ud835\uddf4\ud835\uddf2\ud835\uddfb \ud835\ude02\ud835\uddff\ud835\uddef\ud835\uddee\ud835\uddfb\ud835\uddee \ud835\uddf0\ud835\uddfc\ud835\uddfb \ud835\uddee\ud835\uddf0\ud835\uddf0\ud835\uddf6\ud835\uddfc\ud835\uddfb\ud835\uddf2\ud835\ude00 \ud835\uddf1\ud835\uddf2 \ud835\uddfa\ud835\uddee\ud835\uddfb\ud835\ude01\ud835\uddf2\ud835\uddfb\ud835\uddf6\ud835\uddfa\ud835\uddf6\ud835\uddf2\ud835\uddfb\ud835\ude01\ud835\uddfc \ud835\uddf2\ud835\uddfb \ud835\uddd8\ud835\uddf9 \ud835\udddb\ud835\uddf6\ud835\uddf4\ud835\uddfc"},"content":{"rendered":"\n<p>El Higo, Ver.\u2014 El H. Ayuntamiento de El Higo, encabezado por la presidenta municipal Mary Mart\u00ednez Guerrero, realiz\u00f3 una serie de trabajos de limpieza y mantenimiento en diversos espacios p\u00fablicos del municipio, con el objetivo de mejorar las condiciones de \u00e1reas destinadas al deporte y la convivencia social.<\/p>\n\n\n\n<p>Las acciones se llevaron a cabo en el campo y parque de la colonia 20 de Noviembre, as\u00ed como en los campos de las comunidades de El Chote, Campo Anta, La Gloria y El Chamizal, donde cuadrillas municipales efectuaron labores de desmonte, recolecci\u00f3n de residuos y rehabilitaci\u00f3n general de estos sitios.<\/p>\n\n\n\n<div class=\"wp-block-columns is-layout-flex wp-container-core-columns-is-layout-9d6595d7 wp-block-columns-is-layout-flex\">\n<div class=\"wp-block-column is-layout-flow wp-block-column-is-layout-flow\">\n<figure class=\"wp-block-image size-full\"><img loading=\"lazy\" decoding=\"async\" width=\"590\" height=\"443\" src=\"https:\/\/vocesdeveracruz.com.mx\/wp-content\/uploads\/2026\/04\/680726103_1508797174372654_1403648638428170049_n.jpg\" alt=\"\" class=\"wp-image-5517\" srcset=\"https:\/\/vocesdeveracruz.com.mx\/wp-content\/uploads\/2026\/04\/680726103_1508797174372654_1403648638428170049_n.jpg 590w, https:\/\/vocesdeveracruz.com.mx\/wp-content\/uploads\/2026\/04\/680726103_1508797174372654_1403648638428170049_n-300x225.jpg 300w\" sizes=\"auto, (max-width: 590px) 100vw, 590px\" \/><\/figure>\n<\/div>\n\n\n\n<div class=\"wp-block-column is-layout-flow wp-block-column-is-layout-flow\">\n<figure class=\"wp-block-image size-full\"><img loading=\"lazy\" decoding=\"async\" width=\"590\" height=\"443\" src=\"https:\/\/vocesdeveracruz.com.mx\/wp-content\/uploads\/2026\/04\/679538809_1508797081039330_807477219920671955_n.jpg\" alt=\"\" class=\"wp-image-5518\" srcset=\"https:\/\/vocesdeveracruz.com.mx\/wp-content\/uploads\/2026\/04\/679538809_1508797081039330_807477219920671955_n.jpg 590w, https:\/\/vocesdeveracruz.com.mx\/wp-content\/uploads\/2026\/04\/679538809_1508797081039330_807477219920671955_n-300x225.jpg 300w\" sizes=\"auto, (max-width: 590px) 100vw, 590px\" \/><\/figure>\n<\/div>\n<\/div>\n\n\n\n<p>Con estas actividades, el gobierno municipal busca ofrecer espacios dignos y seguros para ni\u00f1as, ni\u00f1os, j\u00f3venes y familias, fomentando el esparcimiento y la sana convivencia, al tiempo que refrenda su compromiso de trabajar por un municipio m\u00e1s limpio, ordenado y con mejores condiciones para todos.<\/p>\n","protected":false},"excerpt":{"rendered":"<p>El Higo, Ver.\u2014 El H. Ayuntamiento de El Higo, encabezado por la presidenta municipal Mary Mart\u00ednez Guerrero, realiz\u00f3 una serie de trabajos de limpieza y mantenimiento en diversos espacios p\u00fablicos&hellip;<\/p>\n","protected":false},"author":1,"featured_media":5516,"comment_status":"open","ping_status":"closed","sticky":false,"template":"","format":"standard","meta":{"footnotes":""},"categories":[75],"tags":[],"class_list":["post-5515","post","type-post","status-publish","format-standard","has-post-thumbnail","hentry","category-regional"],"magazineBlocksPostFeaturedMedia":{"thumbnail":"https:\/\/vocesdeveracruz.com.mx\/wp-content\/uploads\/2026\/04\/678336461_1508797034372668_2963385513271405265_n-150x150.jpg","medium":"https:\/\/vocesdeveracruz.com.mx\/wp-content\/uploads\/2026\/04\/678336461_1508797034372668_2963385513271405265_n-300x169.jpg","medium_large":"https:\/\/vocesdeveracruz.com.mx\/wp-content\/uploads\/2026\/04\/678336461_1508797034372668_2963385513271405265_n.jpg","large":"https:\/\/vocesdeveracruz.com.mx\/wp-content\/uploads\/2026\/04\/678336461_1508797034372668_2963385513271405265_n.jpg","1536x1536":"https:\/\/vocesdeveracruz.com.mx\/wp-content\/uploads\/2026\/04\/678336461_1508797034372668_2963385513271405265_n.jpg","2048x2048":"https:\/\/vocesdeveracruz.com.mx\/wp-content\/uploads\/2026\/04\/678336461_1508797034372668_2963385513271405265_n.jpg"},"magazineBlocksPostAuthor":{"name":"admin","avatar":"https:\/\/secure.gravatar.com\/avatar\/9d5013f9042ef2dfeb4122e9609da41e1858252ad644b84f2ec3a64ab59cceaf?s=96&d=mm&r=g"},"magazineBlocksPostCommentsNumber":"0","magazineBlocksPostExcerpt":"El Higo, Ver.\u2014 El H. Ayuntamiento de El Higo, encabezado por la presidenta municipal Mary Mart\u00ednez Guerrero, realiz\u00f3 una serie de trabajos de limpieza y mantenimiento en diversos espacios p\u00fablicos&hellip;","magazineBlocksPostCategories":["REGIONAL"],"magazineBlocksPostViewCount":4,"magazineBlocksPostReadTime":1,"magazine_blocks_featured_image_url":{"full":["https:\/\/vocesdeveracruz.com.mx\/wp-content\/uploads\/2026\/04\/678336461_1508797034372668_2963385513271405265_n.jpg",590,332,false],"medium":["https:\/\/vocesdeveracruz.com.mx\/wp-content\/uploads\/2026\/04\/678336461_1508797034372668_2963385513271405265_n-300x169.jpg",300,169,true],"thumbnail":["https:\/\/vocesdeveracruz.com.mx\/wp-content\/uploads\/2026\/04\/678336461_1508797034372668_2963385513271405265_n-150x150.jpg",150,150,true]},"magazine_blocks_author":{"display_name":"admin","author_link":"https:\/\/vocesdeveracruz.com.mx\/?author=1"},"magazine_blocks_comment":0,"magazine_blocks_author_image":"https:\/\/secure.gravatar.com\/avatar\/9d5013f9042ef2dfeb4122e9609da41e1858252ad644b84f2ec3a64ab59cceaf?s=96&d=mm&r=g","magazine_blocks_category":"<a href=\"https:\/\/vocesdeveracruz.com.mx\/?cat=75\" rel=\"category\">REGIONAL<\/a>","_links":{"self":[{"href":"https:\/\/vocesdeveracruz.com.mx\/index.php?rest_route=\/wp\/v2\/posts\/5515","targetHints":{"allow":["GET"]}}],"collection":[{"href":"https:\/\/vocesdeveracruz.com.mx\/index.php?rest_route=\/wp\/v2\/posts"}],"about":[{"href":"https:\/\/vocesdeveracruz.com.mx\/index.php?rest_route=\/wp\/v2\/types\/post"}],"author":[{"embeddable":true,"href":"https:\/\/vocesdeveracruz.com.mx\/index.php?rest_route=\/wp\/v2\/users\/1"}],"replies":[{"embeddable":true,"href":"https:\/\/vocesdeveracruz.com.mx\/index.php?rest_route=%2Fwp%2Fv2%2Fcomments&post=5515"}],"version-history":[{"count":1,"href":"https:\/\/vocesdeveracruz.com.mx\/index.php?rest_route=\/wp\/v2\/posts\/5515\/revisions"}],"predecessor-version":[{"id":5519,"href":"https:\/\/vocesdeveracruz.com.mx\/index.php?rest_route=\/wp\/v2\/posts\/5515\/revisions\/5519"}],"wp:featuredmedia":[{"embeddable":true,"href":"https:\/\/vocesdeveracruz.com.mx\/index.php?rest_route=\/wp\/v2\/media\/5516"}],"wp:attachment":[{"href":"https:\/\/vocesdeveracruz.com.mx\/index.php?rest_route=%2Fwp%2Fv2%2Fmedia&parent=5515"}],"wp:term":[{"taxonomy":"category","embeddable":true,"href":"https:\/\/vocesdeveracruz.com.mx\/index.php?rest_route=%2Fwp%2Fv2%2Fcategories&post=5515"},{"taxonomy":"post_tag","embeddable":true,"href":"https:\/\/vocesdeveracruz.com.mx\/index.php?rest_route=%2Fwp%2Fv2%2Ftags&post=5515"}],"curies":[{"name":"wp","href":"https:\/\/api.w.org\/{rel}","templated":true}]}}