{"id":5512,"date":"2026-04-25T13:03:22","date_gmt":"2026-04-25T19:03:22","guid":{"rendered":"https:\/\/vocesdeveracruz.com.mx\/?p=5512"},"modified":"2026-04-25T13:03:22","modified_gmt":"2026-04-25T19:03:22","slug":"eu-autoriza-a-venezuela-a-pagar-por-la-defensa-de-maduro","status":"publish","type":"post","link":"https:\/\/vocesdeveracruz.com.mx\/?p=5512","title":{"rendered":"EU autoriza a Venezuela a pagar por la defensa de Maduro"},"content":{"rendered":"\n<p><em>Washington.&nbsp;<\/em>El gobierno de Estados Unidos dio luz verde para que Venezuela pueda pagar los honorarios de la defensa del depuesto presidente Nicol\u00e1s Maduro, llevado tras su secuestro en enero pasado a Nueva York, donde lo acusan, sin pruebas, de narcotr\u00e1fico, seg\u00fan un documento judicial.<\/p>\n\n\n\n<p>El Departamento del Tesoro permitir\u00e1 \u00aba los abogados de la defensa a recibir pagos del gobierno de Venezuela bajo ciertas condiciones\u00bb, escribi\u00f3 el fiscal de Nueva York, Jay Clayton, al juez encargado del caso, Alvin Hellerstein, en una carta fechada el viernes.<\/p>\n\n\n\n<p>Hasta ahora, la administraci\u00f3n estadunidense imped\u00eda que el Estado venezolano cubriera los honorarios de los abogados de Maduro debido a las sanciones internacionales que pesan sobre el pa\u00eds.<\/p>\n","protected":false},"excerpt":{"rendered":"<p>Washington.&nbsp;El gobierno de Estados Unidos dio luz verde para que Venezuela pueda pagar los honorarios de la defensa del depuesto presidente Nicol\u00e1s Maduro, llevado tras su secuestro en enero pasado&hellip;<\/p>\n","protected":false},"author":1,"featured_media":5513,"comment_status":"open","ping_status":"closed","sticky":false,"template":"","format":"standard","meta":{"footnotes":""},"categories":[73],"tags":[],"class_list":["post-5512","post","type-post","status-publish","format-standard","has-post-thumbnail","hentry","category-nacional"],"magazineBlocksPostFeaturedMedia":{"thumbnail":"https:\/\/vocesdeveracruz.com.mx\/wp-content\/uploads\/2026\/04\/eu-autoriza-a-venezuela-a-pagar-por-la-defensa-de-maduro_c3dd7667-4717-4969-9fa6-4a51d7d21a11_medialjnimgndimagefullsize-150x150.webp","medium":"https:\/\/vocesdeveracruz.com.mx\/wp-content\/uploads\/2026\/04\/eu-autoriza-a-venezuela-a-pagar-por-la-defensa-de-maduro_c3dd7667-4717-4969-9fa6-4a51d7d21a11_medialjnimgndimagefullsize-300x225.webp","medium_large":"https:\/\/vocesdeveracruz.com.mx\/wp-content\/uploads\/2026\/04\/eu-autoriza-a-venezuela-a-pagar-por-la-defensa-de-maduro_c3dd7667-4717-4969-9fa6-4a51d7d21a11_medialjnimgndimagefullsize-768x576.webp","large":"https:\/\/vocesdeveracruz.com.mx\/wp-content\/uploads\/2026\/04\/eu-autoriza-a-venezuela-a-pagar-por-la-defensa-de-maduro_c3dd7667-4717-4969-9fa6-4a51d7d21a11_medialjnimgndimagefullsize-1024x768.webp","1536x1536":"https:\/\/vocesdeveracruz.com.mx\/wp-content\/uploads\/2026\/04\/eu-autoriza-a-venezuela-a-pagar-por-la-defensa-de-maduro_c3dd7667-4717-4969-9fa6-4a51d7d21a11_medialjnimgndimagefullsize.webp","2048x2048":"https:\/\/vocesdeveracruz.com.mx\/wp-content\/uploads\/2026\/04\/eu-autoriza-a-venezuela-a-pagar-por-la-defensa-de-maduro_c3dd7667-4717-4969-9fa6-4a51d7d21a11_medialjnimgndimagefullsize.webp"},"magazineBlocksPostAuthor":{"name":"admin","avatar":"https:\/\/secure.gravatar.com\/avatar\/9d5013f9042ef2dfeb4122e9609da41e1858252ad644b84f2ec3a64ab59cceaf?s=96&d=mm&r=g"},"magazineBlocksPostCommentsNumber":"0","magazineBlocksPostExcerpt":"Washington.&nbsp;El gobierno de Estados Unidos dio luz verde para que Venezuela pueda pagar los honorarios de la defensa del depuesto presidente Nicol\u00e1s Maduro, llevado tras su secuestro en enero pasado&hellip;","magazineBlocksPostCategories":["NACIONAL"],"magazineBlocksPostViewCount":4,"magazineBlocksPostReadTime":1,"magazine_blocks_featured_image_url":{"full":["https:\/\/vocesdeveracruz.com.mx\/wp-content\/uploads\/2026\/04\/eu-autoriza-a-venezuela-a-pagar-por-la-defensa-de-maduro_c3dd7667-4717-4969-9fa6-4a51d7d21a11_medialjnimgndimagefullsize.webp",1200,900,false],"medium":["https:\/\/vocesdeveracruz.com.mx\/wp-content\/uploads\/2026\/04\/eu-autoriza-a-venezuela-a-pagar-por-la-defensa-de-maduro_c3dd7667-4717-4969-9fa6-4a51d7d21a11_medialjnimgndimagefullsize-300x225.webp",300,225,true],"thumbnail":["https:\/\/vocesdeveracruz.com.mx\/wp-content\/uploads\/2026\/04\/eu-autoriza-a-venezuela-a-pagar-por-la-defensa-de-maduro_c3dd7667-4717-4969-9fa6-4a51d7d21a11_medialjnimgndimagefullsize-150x150.webp",150,150,true]},"magazine_blocks_author":{"display_name":"admin","author_link":"https:\/\/vocesdeveracruz.com.mx\/?author=1"},"magazine_blocks_comment":0,"magazine_blocks_author_image":"https:\/\/secure.gravatar.com\/avatar\/9d5013f9042ef2dfeb4122e9609da41e1858252ad644b84f2ec3a64ab59cceaf?s=96&d=mm&r=g","magazine_blocks_category":"<a href=\"https:\/\/vocesdeveracruz.com.mx\/?cat=73\" rel=\"category\">NACIONAL<\/a>","_links":{"self":[{"href":"https:\/\/vocesdeveracruz.com.mx\/index.php?rest_route=\/wp\/v2\/posts\/5512","targetHints":{"allow":["GET"]}}],"collection":[{"href":"https:\/\/vocesdeveracruz.com.mx\/index.php?rest_route=\/wp\/v2\/posts"}],"about":[{"href":"https:\/\/vocesdeveracruz.com.mx\/index.php?rest_route=\/wp\/v2\/types\/post"}],"author":[{"embeddable":true,"href":"https:\/\/vocesdeveracruz.com.mx\/index.php?rest_route=\/wp\/v2\/users\/1"}],"replies":[{"embeddable":true,"href":"https:\/\/vocesdeveracruz.com.mx\/index.php?rest_route=%2Fwp%2Fv2%2Fcomments&post=5512"}],"version-history":[{"count":1,"href":"https:\/\/vocesdeveracruz.com.mx\/index.php?rest_route=\/wp\/v2\/posts\/5512\/revisions"}],"predecessor-version":[{"id":5514,"href":"https:\/\/vocesdeveracruz.com.mx\/index.php?rest_route=\/wp\/v2\/posts\/5512\/revisions\/5514"}],"wp:featuredmedia":[{"embeddable":true,"href":"https:\/\/vocesdeveracruz.com.mx\/index.php?rest_route=\/wp\/v2\/media\/5513"}],"wp:attachment":[{"href":"https:\/\/vocesdeveracruz.com.mx\/index.php?rest_route=%2Fwp%2Fv2%2Fmedia&parent=5512"}],"wp:term":[{"taxonomy":"category","embeddable":true,"href":"https:\/\/vocesdeveracruz.com.mx\/index.php?rest_route=%2Fwp%2Fv2%2Fcategories&post=5512"},{"taxonomy":"post_tag","embeddable":true,"href":"https:\/\/vocesdeveracruz.com.mx\/index.php?rest_route=%2Fwp%2Fv2%2Ftags&post=5512"}],"curies":[{"name":"wp","href":"https:\/\/api.w.org\/{rel}","templated":true}]}}