{"id":5504,"date":"2026-04-22T08:23:55","date_gmt":"2026-04-22T14:23:55","guid":{"rendered":"https:\/\/vocesdeveracruz.com.mx\/?p=5504"},"modified":"2026-04-22T08:23:55","modified_gmt":"2026-04-22T14:23:55","slug":"se-reune-alcalde-de-tantoyuca-con-autoridades-electas-de-agencias-municipales","status":"publish","type":"post","link":"https:\/\/vocesdeveracruz.com.mx\/?p=5504","title":{"rendered":"Se re\u00fane alcalde de Tantoyuca con autoridades electas de Agencias Municipales"},"content":{"rendered":"\n<p>Tantoyuca, Ver.- El alcalde Roberto San Rom\u00e1n sostuvo un encuentro con las 27 f\u00f3rmulas guinda y una f\u00f3rmula blanca que resultaron ganadoras en las recientes elecciones de Agencias Municipales en diversas congregaciones del municipio, con el objetivo de establecer una agenda de trabajo coordinada que permita fortalecer la atenci\u00f3n y el desarrollo de las comunidades.<\/p>\n\n\n\n<p>Durante la reuni\u00f3n, el mun\u00edcipe destac\u00f3 la importancia de mantener una comunicaci\u00f3n cercana con las nuevas autoridades comunitarias, quienes tendr\u00e1n la responsabilidad de representar a sus localidades y gestionar acciones en beneficio de sus habitantes.<\/p>\n\n\n\n<div class=\"wp-block-columns is-layout-flex wp-container-core-columns-is-layout-9d6595d7 wp-block-columns-is-layout-flex\">\n<div class=\"wp-block-column is-layout-flow wp-block-column-is-layout-flow\">\n<figure class=\"wp-block-image size-large\"><img loading=\"lazy\" decoding=\"async\" width=\"1024\" height=\"683\" src=\"https:\/\/vocesdeveracruz.com.mx\/wp-content\/uploads\/2026\/04\/242308-1024x683.jpg\" alt=\"\" class=\"wp-image-5506\" srcset=\"https:\/\/vocesdeveracruz.com.mx\/wp-content\/uploads\/2026\/04\/242308-1024x683.jpg 1024w, https:\/\/vocesdeveracruz.com.mx\/wp-content\/uploads\/2026\/04\/242308-300x200.jpg 300w, https:\/\/vocesdeveracruz.com.mx\/wp-content\/uploads\/2026\/04\/242308-768x512.jpg 768w, https:\/\/vocesdeveracruz.com.mx\/wp-content\/uploads\/2026\/04\/242308-1536x1025.jpg 1536w, https:\/\/vocesdeveracruz.com.mx\/wp-content\/uploads\/2026\/04\/242308.jpg 2048w\" sizes=\"auto, (max-width: 1024px) 100vw, 1024px\" \/><\/figure>\n<\/div>\n\n\n\n<div class=\"wp-block-column is-layout-flow wp-block-column-is-layout-flow\">\n<figure class=\"wp-block-image size-large\"><img loading=\"lazy\" decoding=\"async\" width=\"1024\" height=\"696\" src=\"https:\/\/vocesdeveracruz.com.mx\/wp-content\/uploads\/2026\/04\/242309-1024x696.jpg\" alt=\"\" class=\"wp-image-5507\" srcset=\"https:\/\/vocesdeveracruz.com.mx\/wp-content\/uploads\/2026\/04\/242309-1024x696.jpg 1024w, https:\/\/vocesdeveracruz.com.mx\/wp-content\/uploads\/2026\/04\/242309-300x204.jpg 300w, https:\/\/vocesdeveracruz.com.mx\/wp-content\/uploads\/2026\/04\/242309-768x522.jpg 768w, https:\/\/vocesdeveracruz.com.mx\/wp-content\/uploads\/2026\/04\/242309-1536x1044.jpg 1536w, https:\/\/vocesdeveracruz.com.mx\/wp-content\/uploads\/2026\/04\/242309.jpg 1593w\" sizes=\"auto, (max-width: 1024px) 100vw, 1024px\" \/><\/figure>\n<\/div>\n<\/div>\n\n\n\n<p>Las congregaciones representadas en este encuentro son Xiloxuchitl, Acececa, Tametate, Tepatl\u00e1n, Las Mesas San Gabriel, San Lorenzo, Santa Clara Primera, San Jos\u00e9, Ixcanalco, San Diego, Santa Clara Segunda, Sabana Grande, Laja Primera, Laja Segunda, Chijolar, Mata del Tigre, Tampamas, Mincuini, El Lim\u00f3n, Cardonal, El Chote, Aquiche, Pecero, Chilap\u00e9rez, Chila Cortaza, Chopopo, Galera y Tecomate.<\/p>\n\n\n\n<p>Se inform\u00f3 que las autoridades electas rendir\u00e1n protesta el pr\u00f3ximo 1 de mayo, fecha en la que asumir\u00e1n formalmente sus funciones, comprometi\u00e9ndose a trabajar de manera conjunta con el Gobierno Municipal para impulsar el desarrollo y bienestar de sus comunidades.<\/p>\n\n\n\n<p><\/p>\n\n\n\n<p><\/p>\n","protected":false},"excerpt":{"rendered":"<p>Tantoyuca, Ver.- El alcalde Roberto San Rom\u00e1n sostuvo un encuentro con las 27 f\u00f3rmulas guinda y una f\u00f3rmula blanca que resultaron ganadoras en las recientes elecciones de Agencias Municipales en&hellip;<\/p>\n","protected":false},"author":1,"featured_media":5505,"comment_status":"open","ping_status":"closed","sticky":false,"template":"","format":"standard","meta":{"footnotes":""},"categories":[75],"tags":[],"class_list":["post-5504","post","type-post","status-publish","format-standard","has-post-thumbnail","hentry","category-regional"],"magazineBlocksPostFeaturedMedia":{"thumbnail":"https:\/\/vocesdeveracruz.com.mx\/wp-content\/uploads\/2026\/04\/FB_IMG_1776867544339-150x150.jpg","medium":"https:\/\/vocesdeveracruz.com.mx\/wp-content\/uploads\/2026\/04\/FB_IMG_1776867544339-300x200.jpg","medium_large":"https:\/\/vocesdeveracruz.com.mx\/wp-content\/uploads\/2026\/04\/FB_IMG_1776867544339-768x512.jpg","large":"https:\/\/vocesdeveracruz.com.mx\/wp-content\/uploads\/2026\/04\/FB_IMG_1776867544339-1024x683.jpg","1536x1536":"https:\/\/vocesdeveracruz.com.mx\/wp-content\/uploads\/2026\/04\/FB_IMG_1776867544339-1536x1025.jpg","2048x2048":"https:\/\/vocesdeveracruz.com.mx\/wp-content\/uploads\/2026\/04\/FB_IMG_1776867544339.jpg"},"magazineBlocksPostAuthor":{"name":"admin","avatar":"https:\/\/secure.gravatar.com\/avatar\/9d5013f9042ef2dfeb4122e9609da41e1858252ad644b84f2ec3a64ab59cceaf?s=96&d=mm&r=g"},"magazineBlocksPostCommentsNumber":"0","magazineBlocksPostExcerpt":"Tantoyuca, Ver.- El alcalde Roberto San Rom\u00e1n sostuvo un encuentro con las 27 f\u00f3rmulas guinda y una f\u00f3rmula blanca que resultaron ganadoras en las recientes elecciones de Agencias Municipales en&hellip;","magazineBlocksPostCategories":["REGIONAL"],"magazineBlocksPostViewCount":37,"magazineBlocksPostReadTime":1,"magazine_blocks_featured_image_url":{"full":["https:\/\/vocesdeveracruz.com.mx\/wp-content\/uploads\/2026\/04\/FB_IMG_1776867544339.jpg",2048,1366,false],"medium":["https:\/\/vocesdeveracruz.com.mx\/wp-content\/uploads\/2026\/04\/FB_IMG_1776867544339-300x200.jpg",300,200,true],"thumbnail":["https:\/\/vocesdeveracruz.com.mx\/wp-content\/uploads\/2026\/04\/FB_IMG_1776867544339-150x150.jpg",150,150,true]},"magazine_blocks_author":{"display_name":"admin","author_link":"https:\/\/vocesdeveracruz.com.mx\/?author=1"},"magazine_blocks_comment":0,"magazine_blocks_author_image":"https:\/\/secure.gravatar.com\/avatar\/9d5013f9042ef2dfeb4122e9609da41e1858252ad644b84f2ec3a64ab59cceaf?s=96&d=mm&r=g","magazine_blocks_category":"<a href=\"https:\/\/vocesdeveracruz.com.mx\/?cat=75\" rel=\"category\">REGIONAL<\/a>","_links":{"self":[{"href":"https:\/\/vocesdeveracruz.com.mx\/index.php?rest_route=\/wp\/v2\/posts\/5504","targetHints":{"allow":["GET"]}}],"collection":[{"href":"https:\/\/vocesdeveracruz.com.mx\/index.php?rest_route=\/wp\/v2\/posts"}],"about":[{"href":"https:\/\/vocesdeveracruz.com.mx\/index.php?rest_route=\/wp\/v2\/types\/post"}],"author":[{"embeddable":true,"href":"https:\/\/vocesdeveracruz.com.mx\/index.php?rest_route=\/wp\/v2\/users\/1"}],"replies":[{"embeddable":true,"href":"https:\/\/vocesdeveracruz.com.mx\/index.php?rest_route=%2Fwp%2Fv2%2Fcomments&post=5504"}],"version-history":[{"count":1,"href":"https:\/\/vocesdeveracruz.com.mx\/index.php?rest_route=\/wp\/v2\/posts\/5504\/revisions"}],"predecessor-version":[{"id":5508,"href":"https:\/\/vocesdeveracruz.com.mx\/index.php?rest_route=\/wp\/v2\/posts\/5504\/revisions\/5508"}],"wp:featuredmedia":[{"embeddable":true,"href":"https:\/\/vocesdeveracruz.com.mx\/index.php?rest_route=\/wp\/v2\/media\/5505"}],"wp:attachment":[{"href":"https:\/\/vocesdeveracruz.com.mx\/index.php?rest_route=%2Fwp%2Fv2%2Fmedia&parent=5504"}],"wp:term":[{"taxonomy":"category","embeddable":true,"href":"https:\/\/vocesdeveracruz.com.mx\/index.php?rest_route=%2Fwp%2Fv2%2Fcategories&post=5504"},{"taxonomy":"post_tag","embeddable":true,"href":"https:\/\/vocesdeveracruz.com.mx\/index.php?rest_route=%2Fwp%2Fv2%2Ftags&post=5504"}],"curies":[{"name":"wp","href":"https:\/\/api.w.org\/{rel}","templated":true}]}}