{"id":5500,"date":"2026-04-21T17:01:29","date_gmt":"2026-04-21T23:01:29","guid":{"rendered":"https:\/\/vocesdeveracruz.com.mx\/?p=5500"},"modified":"2026-04-21T17:01:29","modified_gmt":"2026-04-21T23:01:29","slug":"ariadna-montiel-ocupara-dirigencia-de-morena-en-lugar-de-luisa-maria-alcalde","status":"publish","type":"post","link":"https:\/\/vocesdeveracruz.com.mx\/?p=5500","title":{"rendered":"Ariadna Montiel ocupar\u00e1 dirigencia de Morena en lugar de Luisa Mar\u00eda Alcalde"},"content":{"rendered":"\n<p><strong>La titular del Bienestar tomar\u00e1 las riendas del partido de cara a las elecciones 2027<\/strong><\/p>\n\n\n\n<p>La titular de la&nbsp;<strong>Secretar\u00eda del Bienestar<\/strong>, Ariadna Montiel ser\u00e1 la nueva dirigente de&nbsp;Morena, en lugar de&nbsp;<strong>Luisa<\/strong><strong>Mar\u00eda<\/strong><strong>Alcalde<\/strong>.<\/p>\n\n\n\n<p><strong>Alfredo<\/strong><strong>Gonz\u00e1lez<\/strong>,&nbsp;<strong>Director<\/strong><strong>Editorial<\/strong>&nbsp;de El<strong>Heraldo<\/strong><strong>de<\/strong><strong>M\u00e9xico<\/strong>,&nbsp;confirm\u00f3 a trav\u00e9s de fuentes de Morena que Luisa Mar\u00eda Alcalde ya se despidi\u00f3 de su equipo.<br>La llegada de&nbsp;<strong>Ariadna<\/strong><strong>Montiel<\/strong>&nbsp;no ser\u00e1 inmediata,&nbsp;<strong>Carolina<\/strong><strong>Rangel<\/strong>&nbsp;tomar\u00e1 las riendas del partido de&nbsp;<strong>Morena<\/strong>&nbsp;de manera provisional mientras convocan al&nbsp;<strong>Congreso<\/strong><strong>Nacional<\/strong>&nbsp;para elegir a la nueva presidenta.&nbsp;<\/p>\n\n\n\n<p>Adem\u00e1s,&nbsp;<strong>Esthela<\/strong><strong>Dami\u00e1n<\/strong>, actual consejera jur\u00eddica de la Presidencia, ocupar\u00eda la secretar\u00eda de&nbsp;<strong>Organizaci\u00f3n<\/strong>&nbsp;de&nbsp;<strong>Morena<\/strong>, en lugar de&nbsp;<strong>Andr\u00e9s Manuel L\u00f3pez Beltr\u00e1n.<\/strong><\/p>\n","protected":false},"excerpt":{"rendered":"<p>La titular del Bienestar tomar\u00e1 las riendas del partido de cara a las elecciones 2027 La titular de la&nbsp;Secretar\u00eda del Bienestar, Ariadna Montiel ser\u00e1 la nueva dirigente de&nbsp;Morena, en lugar&hellip;<\/p>\n","protected":false},"author":1,"featured_media":5501,"comment_status":"open","ping_status":"closed","sticky":false,"template":"","format":"standard","meta":{"footnotes":""},"categories":[73],"tags":[],"class_list":["post-5500","post","type-post","status-publish","format-standard","has-post-thumbnail","hentry","category-nacional"],"magazineBlocksPostFeaturedMedia":{"thumbnail":"https:\/\/vocesdeveracruz.com.mx\/wp-content\/uploads\/2026\/04\/FB_IMG_1776812373756-150x150.jpg","medium":"https:\/\/vocesdeveracruz.com.mx\/wp-content\/uploads\/2026\/04\/FB_IMG_1776812373756-300x169.jpg","medium_large":"https:\/\/vocesdeveracruz.com.mx\/wp-content\/uploads\/2026\/04\/FB_IMG_1776812373756-768x432.jpg","large":"https:\/\/vocesdeveracruz.com.mx\/wp-content\/uploads\/2026\/04\/FB_IMG_1776812373756.jpg","1536x1536":"https:\/\/vocesdeveracruz.com.mx\/wp-content\/uploads\/2026\/04\/FB_IMG_1776812373756.jpg","2048x2048":"https:\/\/vocesdeveracruz.com.mx\/wp-content\/uploads\/2026\/04\/FB_IMG_1776812373756.jpg"},"magazineBlocksPostAuthor":{"name":"admin","avatar":"https:\/\/secure.gravatar.com\/avatar\/9d5013f9042ef2dfeb4122e9609da41e1858252ad644b84f2ec3a64ab59cceaf?s=96&d=mm&r=g"},"magazineBlocksPostCommentsNumber":"0","magazineBlocksPostExcerpt":"La titular del Bienestar tomar\u00e1 las riendas del partido de cara a las elecciones 2027 La titular de la&nbsp;Secretar\u00eda del Bienestar, Ariadna Montiel ser\u00e1 la nueva dirigente de&nbsp;Morena, en lugar&hellip;","magazineBlocksPostCategories":["NACIONAL"],"magazineBlocksPostViewCount":48,"magazineBlocksPostReadTime":1,"magazine_blocks_featured_image_url":{"full":["https:\/\/vocesdeveracruz.com.mx\/wp-content\/uploads\/2026\/04\/FB_IMG_1776812373756.jpg",848,477,false],"medium":["https:\/\/vocesdeveracruz.com.mx\/wp-content\/uploads\/2026\/04\/FB_IMG_1776812373756-300x169.jpg",300,169,true],"thumbnail":["https:\/\/vocesdeveracruz.com.mx\/wp-content\/uploads\/2026\/04\/FB_IMG_1776812373756-150x150.jpg",150,150,true]},"magazine_blocks_author":{"display_name":"admin","author_link":"https:\/\/vocesdeveracruz.com.mx\/?author=1"},"magazine_blocks_comment":0,"magazine_blocks_author_image":"https:\/\/secure.gravatar.com\/avatar\/9d5013f9042ef2dfeb4122e9609da41e1858252ad644b84f2ec3a64ab59cceaf?s=96&d=mm&r=g","magazine_blocks_category":"<a href=\"https:\/\/vocesdeveracruz.com.mx\/?cat=73\" rel=\"category\">NACIONAL<\/a>","_links":{"self":[{"href":"https:\/\/vocesdeveracruz.com.mx\/index.php?rest_route=\/wp\/v2\/posts\/5500","targetHints":{"allow":["GET"]}}],"collection":[{"href":"https:\/\/vocesdeveracruz.com.mx\/index.php?rest_route=\/wp\/v2\/posts"}],"about":[{"href":"https:\/\/vocesdeveracruz.com.mx\/index.php?rest_route=\/wp\/v2\/types\/post"}],"author":[{"embeddable":true,"href":"https:\/\/vocesdeveracruz.com.mx\/index.php?rest_route=\/wp\/v2\/users\/1"}],"replies":[{"embeddable":true,"href":"https:\/\/vocesdeveracruz.com.mx\/index.php?rest_route=%2Fwp%2Fv2%2Fcomments&post=5500"}],"version-history":[{"count":1,"href":"https:\/\/vocesdeveracruz.com.mx\/index.php?rest_route=\/wp\/v2\/posts\/5500\/revisions"}],"predecessor-version":[{"id":5502,"href":"https:\/\/vocesdeveracruz.com.mx\/index.php?rest_route=\/wp\/v2\/posts\/5500\/revisions\/5502"}],"wp:featuredmedia":[{"embeddable":true,"href":"https:\/\/vocesdeveracruz.com.mx\/index.php?rest_route=\/wp\/v2\/media\/5501"}],"wp:attachment":[{"href":"https:\/\/vocesdeveracruz.com.mx\/index.php?rest_route=%2Fwp%2Fv2%2Fmedia&parent=5500"}],"wp:term":[{"taxonomy":"category","embeddable":true,"href":"https:\/\/vocesdeveracruz.com.mx\/index.php?rest_route=%2Fwp%2Fv2%2Fcategories&post=5500"},{"taxonomy":"post_tag","embeddable":true,"href":"https:\/\/vocesdeveracruz.com.mx\/index.php?rest_route=%2Fwp%2Fv2%2Ftags&post=5500"}],"curies":[{"name":"wp","href":"https:\/\/api.w.org\/{rel}","templated":true}]}}