{"id":5494,"date":"2026-04-21T16:46:28","date_gmt":"2026-04-21T22:46:28","guid":{"rendered":"https:\/\/vocesdeveracruz.com.mx\/?p=5494"},"modified":"2026-04-21T16:46:28","modified_gmt":"2026-04-21T22:46:28","slug":"veracruz-es-historia-viva-de-mexico-presidenta-y-gobernadora-conmemoran-la-gesta-heroica-de-1914","status":"publish","type":"post","link":"https:\/\/vocesdeveracruz.com.mx\/?p=5494","title":{"rendered":"Veracruz es historia viva de M\u00e9xico: Presidenta y Gobernadora conmemoran la Gesta Heroica de 1914"},"content":{"rendered":"\n<p><\/p>\n\n\n\n<p>Alvarado, Ver.- En el marco del 112 Aniversario de la Defensa del Puerto de Veracruz, la gobernadora Roc\u00edo Nahle Garc\u00eda recibi\u00f3 a la presidenta de M\u00e9xico, Claudia Sheinbaum Pardo, quien encabez\u00f3 la ceremonia conmemorativa en la Heroica Escuela Naval Militar.<\/p>\n\n\n\n<p>Acompa\u00f1ada por el secretario de Marina, Raymundo Pedro Morales \u00c1ngeles, la titular del Ejecutivo Federal destac\u00f3 a la entidad como basti\u00f3n hist\u00f3rico de la defensa nacional y s\u00edmbolo de la resistencia del pueblo mexicano; record\u00f3 que esta fecha rememora la gesta del 21 de abril de 1914, cuando cadetes, marinos y el pueblo veracruzano enfrentaron la invasi\u00f3n estadounidense.<\/p>\n\n\n\n<p>\u201cVeracruz es historia viva de M\u00e9xico, puerto de encuentro, pero tambi\u00e9n de resistencia; aqu\u00ed se consolid\u00f3 la Independencia con la rendici\u00f3n de la \u00faltima fortaleza espa\u00f1ola en 1825; aqu\u00ed se sostuvo la Rep\u00fablica en momentos decisivos, cuando Benito Ju\u00e1rez defendi\u00f3 con firmeza al pueblo y a la patria; y aqu\u00ed, una y otra vez, el pueblo ha demostrado que la dignidad de M\u00e9xico no se rinde\u201d, agreg\u00f3.<\/p>\n\n\n\n<div class=\"wp-block-columns is-layout-flex wp-container-core-columns-is-layout-9d6595d7 wp-block-columns-is-layout-flex\">\n<div class=\"wp-block-column is-layout-flow wp-block-column-is-layout-flow\">\n<figure class=\"wp-block-image size-large\"><img loading=\"lazy\" decoding=\"async\" width=\"1024\" height=\"948\" src=\"https:\/\/vocesdeveracruz.com.mx\/wp-content\/uploads\/2026\/04\/241901-1024x948.jpg\" alt=\"\" class=\"wp-image-5496\" srcset=\"https:\/\/vocesdeveracruz.com.mx\/wp-content\/uploads\/2026\/04\/241901-1024x948.jpg 1024w, https:\/\/vocesdeveracruz.com.mx\/wp-content\/uploads\/2026\/04\/241901-300x278.jpg 300w, https:\/\/vocesdeveracruz.com.mx\/wp-content\/uploads\/2026\/04\/241901-768x711.jpg 768w, https:\/\/vocesdeveracruz.com.mx\/wp-content\/uploads\/2026\/04\/241901.jpg 1290w\" sizes=\"auto, (max-width: 1024px) 100vw, 1024px\" \/><\/figure>\n<\/div>\n\n\n\n<div class=\"wp-block-column is-layout-flow wp-block-column-is-layout-flow\">\n<figure class=\"wp-block-image size-large\"><img loading=\"lazy\" decoding=\"async\" width=\"1024\" height=\"683\" src=\"https:\/\/vocesdeveracruz.com.mx\/wp-content\/uploads\/2026\/04\/241902-1024x683.jpg\" alt=\"\" class=\"wp-image-5497\" srcset=\"https:\/\/vocesdeveracruz.com.mx\/wp-content\/uploads\/2026\/04\/241902-1024x683.jpg 1024w, https:\/\/vocesdeveracruz.com.mx\/wp-content\/uploads\/2026\/04\/241902-300x200.jpg 300w, https:\/\/vocesdeveracruz.com.mx\/wp-content\/uploads\/2026\/04\/241902-768x512.jpg 768w, https:\/\/vocesdeveracruz.com.mx\/wp-content\/uploads\/2026\/04\/241902-1536x1025.jpg 1536w, https:\/\/vocesdeveracruz.com.mx\/wp-content\/uploads\/2026\/04\/241902.jpg 2048w\" sizes=\"auto, (max-width: 1024px) 100vw, 1024px\" \/><\/figure>\n<\/div>\n\n\n\n<div class=\"wp-block-column is-layout-flow wp-block-column-is-layout-flow\">\n<figure class=\"wp-block-image size-full\"><img loading=\"lazy\" decoding=\"async\" width=\"960\" height=\"542\" src=\"https:\/\/vocesdeveracruz.com.mx\/wp-content\/uploads\/2026\/04\/241903.jpg\" alt=\"\" class=\"wp-image-5498\" srcset=\"https:\/\/vocesdeveracruz.com.mx\/wp-content\/uploads\/2026\/04\/241903.jpg 960w, https:\/\/vocesdeveracruz.com.mx\/wp-content\/uploads\/2026\/04\/241903-300x169.jpg 300w, https:\/\/vocesdeveracruz.com.mx\/wp-content\/uploads\/2026\/04\/241903-768x434.jpg 768w\" sizes=\"auto, (max-width: 960px) 100vw, 960px\" \/><\/figure>\n<\/div>\n<\/div>\n\n\n\n<p>Como parte de la ceremonia, la Comandanta Suprema de las Fuerzas Armadas tom\u00f3 protesta a 419 cadetes de la Heroica Escuela Naval Militar, la Escuela M\u00e9dico Naval y la Escuela de Enfermer\u00eda Naval, quienes juraron bandera. Asimismo, dio lectura a la lista de honor de los cadetes de la Heroica Escuela Naval Militar y del Heroico Colegio Militar, evocando a Jos\u00e9 Azueta, Virgilio Uribe y a los Ni\u00f1os H\u00e9roes, quienes ofrendaron su vida en la defensa de la patria.<\/p>\n\n\n\n<p>Asistieron autoridades navales, militares y civiles, as\u00ed como familiares de la Generaci\u00f3n 2025.<\/p>\n","protected":false},"excerpt":{"rendered":"<p>Alvarado, Ver.- En el marco del 112 Aniversario de la Defensa del Puerto de Veracruz, la gobernadora Roc\u00edo Nahle Garc\u00eda recibi\u00f3 a la presidenta de M\u00e9xico, Claudia Sheinbaum Pardo, quien&hellip;<\/p>\n","protected":false},"author":1,"featured_media":5495,"comment_status":"open","ping_status":"closed","sticky":false,"template":"","format":"standard","meta":{"footnotes":""},"categories":[71],"tags":[],"class_list":["post-5494","post","type-post","status-publish","format-standard","has-post-thumbnail","hentry","category-estatal"],"magazineBlocksPostFeaturedMedia":{"thumbnail":"https:\/\/vocesdeveracruz.com.mx\/wp-content\/uploads\/2026\/04\/FB_IMG_1776811385793-150x150.jpg","medium":"https:\/\/vocesdeveracruz.com.mx\/wp-content\/uploads\/2026\/04\/FB_IMG_1776811385793-300x300.jpg","medium_large":"https:\/\/vocesdeveracruz.com.mx\/wp-content\/uploads\/2026\/04\/FB_IMG_1776811385793-768x768.jpg","large":"https:\/\/vocesdeveracruz.com.mx\/wp-content\/uploads\/2026\/04\/FB_IMG_1776811385793-1024x1024.jpg","1536x1536":"https:\/\/vocesdeveracruz.com.mx\/wp-content\/uploads\/2026\/04\/FB_IMG_1776811385793.jpg","2048x2048":"https:\/\/vocesdeveracruz.com.mx\/wp-content\/uploads\/2026\/04\/FB_IMG_1776811385793.jpg"},"magazineBlocksPostAuthor":{"name":"admin","avatar":"https:\/\/secure.gravatar.com\/avatar\/9d5013f9042ef2dfeb4122e9609da41e1858252ad644b84f2ec3a64ab59cceaf?s=96&d=mm&r=g"},"magazineBlocksPostCommentsNumber":"0","magazineBlocksPostExcerpt":"Alvarado, Ver.- En el marco del 112 Aniversario de la Defensa del Puerto de Veracruz, la gobernadora Roc\u00edo Nahle Garc\u00eda recibi\u00f3 a la presidenta de M\u00e9xico, Claudia Sheinbaum Pardo, quien&hellip;","magazineBlocksPostCategories":["ESTATAL"],"magazineBlocksPostViewCount":49,"magazineBlocksPostReadTime":2,"magazine_blocks_featured_image_url":{"full":["https:\/\/vocesdeveracruz.com.mx\/wp-content\/uploads\/2026\/04\/FB_IMG_1776811385793.jpg",1290,1290,false],"medium":["https:\/\/vocesdeveracruz.com.mx\/wp-content\/uploads\/2026\/04\/FB_IMG_1776811385793-300x300.jpg",300,300,true],"thumbnail":["https:\/\/vocesdeveracruz.com.mx\/wp-content\/uploads\/2026\/04\/FB_IMG_1776811385793-150x150.jpg",150,150,true]},"magazine_blocks_author":{"display_name":"admin","author_link":"https:\/\/vocesdeveracruz.com.mx\/?author=1"},"magazine_blocks_comment":0,"magazine_blocks_author_image":"https:\/\/secure.gravatar.com\/avatar\/9d5013f9042ef2dfeb4122e9609da41e1858252ad644b84f2ec3a64ab59cceaf?s=96&d=mm&r=g","magazine_blocks_category":"<a href=\"https:\/\/vocesdeveracruz.com.mx\/?cat=71\" rel=\"category\">ESTATAL<\/a>","_links":{"self":[{"href":"https:\/\/vocesdeveracruz.com.mx\/index.php?rest_route=\/wp\/v2\/posts\/5494","targetHints":{"allow":["GET"]}}],"collection":[{"href":"https:\/\/vocesdeveracruz.com.mx\/index.php?rest_route=\/wp\/v2\/posts"}],"about":[{"href":"https:\/\/vocesdeveracruz.com.mx\/index.php?rest_route=\/wp\/v2\/types\/post"}],"author":[{"embeddable":true,"href":"https:\/\/vocesdeveracruz.com.mx\/index.php?rest_route=\/wp\/v2\/users\/1"}],"replies":[{"embeddable":true,"href":"https:\/\/vocesdeveracruz.com.mx\/index.php?rest_route=%2Fwp%2Fv2%2Fcomments&post=5494"}],"version-history":[{"count":1,"href":"https:\/\/vocesdeveracruz.com.mx\/index.php?rest_route=\/wp\/v2\/posts\/5494\/revisions"}],"predecessor-version":[{"id":5499,"href":"https:\/\/vocesdeveracruz.com.mx\/index.php?rest_route=\/wp\/v2\/posts\/5494\/revisions\/5499"}],"wp:featuredmedia":[{"embeddable":true,"href":"https:\/\/vocesdeveracruz.com.mx\/index.php?rest_route=\/wp\/v2\/media\/5495"}],"wp:attachment":[{"href":"https:\/\/vocesdeveracruz.com.mx\/index.php?rest_route=%2Fwp%2Fv2%2Fmedia&parent=5494"}],"wp:term":[{"taxonomy":"category","embeddable":true,"href":"https:\/\/vocesdeveracruz.com.mx\/index.php?rest_route=%2Fwp%2Fv2%2Fcategories&post=5494"},{"taxonomy":"post_tag","embeddable":true,"href":"https:\/\/vocesdeveracruz.com.mx\/index.php?rest_route=%2Fwp%2Fv2%2Ftags&post=5494"}],"curies":[{"name":"wp","href":"https:\/\/api.w.org\/{rel}","templated":true}]}}