{"id":5491,"date":"2026-04-16T22:31:55","date_gmt":"2026-04-17T04:31:55","guid":{"rendered":"https:\/\/vocesdeveracruz.com.mx\/?p=5491"},"modified":"2026-04-16T22:31:55","modified_gmt":"2026-04-17T04:31:55","slug":"realizan-en-el-congreso-foro-sobre-la-ley-de-acecho","status":"publish","type":"post","link":"https:\/\/vocesdeveracruz.com.mx\/?p=5491","title":{"rendered":"Realizan en el Congreso foro sobre la Ley de Acecho"},"content":{"rendered":"\n<p><span ;=\"\" style=\"font-size:24px\">En el auditorio Sebasti\u00e1n Lerdo de Tejada del Palacio Legislativo se realiz\u00f3 el foro del proyecto de la Ley de Acecho. Al dar la bienvenida a las asistentes, la presidenta de la Comisi\u00f3n Permanente para la Igualdad de G\u00e9nero, diputada Astrid S\u00e1nchez Moguel, destac\u00f3 la participaci\u00f3n de la sociedad y de las organizaciones e instituciones en la concreci\u00f3n de propuestas de esta naturaleza.<\/span><br><br><br><span ;=\"\" style=\"font-size:24px\">En este espacio de reflexi\u00f3n y di\u00e1logo, integrantes de Nosotras para Ellas A. C. expusieron lo referente al trabajo colectivo y el acompa\u00f1amiento, la integraci\u00f3n de carpetas, la labor de las instituciones y la tipificaci\u00f3n del delito de acecho.<\/span><br><br><br><span ;=\"\" style=\"font-size:24px\">Asistieron las diputadas Roxana Barrag\u00e1n Hern\u00e1ndez, Nallely Mendoza Camarillo, Dorheny Garc\u00eda Cayetano y Victoria Guti\u00e9rrez P\u00e9rez; la directora general del Instituto Veracruzano de las Mujeres (IVM), Zaira Fabiola del Toro Olivares; la presidenta de la Comisi\u00f3n Estatal de Derechos Humanos de Veracruz (CEDHV), Minerva Regina P\u00e9rez L\u00f3pez, y p\u00fablico en general.<\/span><br><br><!--\/data\/user\/0\/com.samsung.android.app.notes\/files\/clipdata\/clipdata_bodytext_260416_223105_541.sdocx--><\/p>\n","protected":false},"excerpt":{"rendered":"<p>En el auditorio Sebasti\u00e1n Lerdo de Tejada del Palacio Legislativo se realiz\u00f3 el foro del proyecto de la Ley de Acecho. Al dar la bienvenida a las asistentes, la presidenta&hellip;<\/p>\n","protected":false},"author":1,"featured_media":5492,"comment_status":"open","ping_status":"closed","sticky":false,"template":"","format":"standard","meta":{"footnotes":""},"categories":[71],"tags":[],"class_list":["post-5491","post","type-post","status-publish","format-standard","has-post-thumbnail","hentry","category-estatal"],"magazineBlocksPostFeaturedMedia":{"thumbnail":"https:\/\/vocesdeveracruz.com.mx\/wp-content\/uploads\/2026\/04\/FB_IMG_1776400237213-150x150.jpg","medium":"https:\/\/vocesdeveracruz.com.mx\/wp-content\/uploads\/2026\/04\/FB_IMG_1776400237213-300x200.jpg","medium_large":"https:\/\/vocesdeveracruz.com.mx\/wp-content\/uploads\/2026\/04\/FB_IMG_1776400237213-768x512.jpg","large":"https:\/\/vocesdeveracruz.com.mx\/wp-content\/uploads\/2026\/04\/FB_IMG_1776400237213-1024x682.jpg","1536x1536":"https:\/\/vocesdeveracruz.com.mx\/wp-content\/uploads\/2026\/04\/FB_IMG_1776400237213-1536x1023.jpg","2048x2048":"https:\/\/vocesdeveracruz.com.mx\/wp-content\/uploads\/2026\/04\/FB_IMG_1776400237213.jpg"},"magazineBlocksPostAuthor":{"name":"admin","avatar":"https:\/\/secure.gravatar.com\/avatar\/9d5013f9042ef2dfeb4122e9609da41e1858252ad644b84f2ec3a64ab59cceaf?s=96&d=mm&r=g"},"magazineBlocksPostCommentsNumber":"0","magazineBlocksPostExcerpt":"En el auditorio Sebasti\u00e1n Lerdo de Tejada del Palacio Legislativo se realiz\u00f3 el foro del proyecto de la Ley de Acecho. Al dar la bienvenida a las asistentes, la presidenta&hellip;","magazineBlocksPostCategories":["ESTATAL"],"magazineBlocksPostViewCount":12,"magazineBlocksPostReadTime":1,"magazine_blocks_featured_image_url":{"full":["https:\/\/vocesdeveracruz.com.mx\/wp-content\/uploads\/2026\/04\/FB_IMG_1776400237213.jpg",1600,1066,false],"medium":["https:\/\/vocesdeveracruz.com.mx\/wp-content\/uploads\/2026\/04\/FB_IMG_1776400237213-300x200.jpg",300,200,true],"thumbnail":["https:\/\/vocesdeveracruz.com.mx\/wp-content\/uploads\/2026\/04\/FB_IMG_1776400237213-150x150.jpg",150,150,true]},"magazine_blocks_author":{"display_name":"admin","author_link":"https:\/\/vocesdeveracruz.com.mx\/?author=1"},"magazine_blocks_comment":0,"magazine_blocks_author_image":"https:\/\/secure.gravatar.com\/avatar\/9d5013f9042ef2dfeb4122e9609da41e1858252ad644b84f2ec3a64ab59cceaf?s=96&d=mm&r=g","magazine_blocks_category":"<a href=\"https:\/\/vocesdeveracruz.com.mx\/?cat=71\" rel=\"category\">ESTATAL<\/a>","_links":{"self":[{"href":"https:\/\/vocesdeveracruz.com.mx\/index.php?rest_route=\/wp\/v2\/posts\/5491","targetHints":{"allow":["GET"]}}],"collection":[{"href":"https:\/\/vocesdeveracruz.com.mx\/index.php?rest_route=\/wp\/v2\/posts"}],"about":[{"href":"https:\/\/vocesdeveracruz.com.mx\/index.php?rest_route=\/wp\/v2\/types\/post"}],"author":[{"embeddable":true,"href":"https:\/\/vocesdeveracruz.com.mx\/index.php?rest_route=\/wp\/v2\/users\/1"}],"replies":[{"embeddable":true,"href":"https:\/\/vocesdeveracruz.com.mx\/index.php?rest_route=%2Fwp%2Fv2%2Fcomments&post=5491"}],"version-history":[{"count":1,"href":"https:\/\/vocesdeveracruz.com.mx\/index.php?rest_route=\/wp\/v2\/posts\/5491\/revisions"}],"predecessor-version":[{"id":5493,"href":"https:\/\/vocesdeveracruz.com.mx\/index.php?rest_route=\/wp\/v2\/posts\/5491\/revisions\/5493"}],"wp:featuredmedia":[{"embeddable":true,"href":"https:\/\/vocesdeveracruz.com.mx\/index.php?rest_route=\/wp\/v2\/media\/5492"}],"wp:attachment":[{"href":"https:\/\/vocesdeveracruz.com.mx\/index.php?rest_route=%2Fwp%2Fv2%2Fmedia&parent=5491"}],"wp:term":[{"taxonomy":"category","embeddable":true,"href":"https:\/\/vocesdeveracruz.com.mx\/index.php?rest_route=%2Fwp%2Fv2%2Fcategories&post=5491"},{"taxonomy":"post_tag","embeddable":true,"href":"https:\/\/vocesdeveracruz.com.mx\/index.php?rest_route=%2Fwp%2Fv2%2Ftags&post=5491"}],"curies":[{"name":"wp","href":"https:\/\/api.w.org\/{rel}","templated":true}]}}