{"id":5477,"date":"2026-04-16T22:20:55","date_gmt":"2026-04-17T04:20:55","guid":{"rendered":"https:\/\/vocesdeveracruz.com.mx\/?p=5477"},"modified":"2026-04-16T22:20:55","modified_gmt":"2026-04-17T04:20:55","slug":"actualizarian-el-numero-de-ediles-de-ayuntamientos-de-la-entidad","status":"publish","type":"post","link":"https:\/\/vocesdeveracruz.com.mx\/?p=5477","title":{"rendered":"Actualizar\u00edan el n\u00famero de ediles de Ayuntamientos de la entidad"},"content":{"rendered":"\n<p><span ;=\"\" style=\"font-size:24px\">La diputada Montserrat Ortega Ruiz present\u00f3 al Pleno de la LXVII Legislatura una iniciativa que prev\u00e9 reformar diversas disposiciones de la Ley Org\u00e1nica del Municipio Libre cuyo objeto es modificar el n\u00famero de ediles de los Ayuntamientos de la entidad de acuerdo con la poblaci\u00f3n que indica el \u00faltimo censo de poblaci\u00f3n, en concordancia la reciente reforma constitucional federal, para que los ahorros que puedan generarse sean destinados a programas sociales, obras p\u00fablicos o servicios municipales en beneficio de la gente que habita sus respectivos territorios.<\/span><br><br><br><span ;=\"\" style=\"font-size:24px\">Durante la Tercera Sesi\u00f3n del Segundo Periodo Ordinario, correspondiente al Segundo A\u00f1o de Labores, la integrante del Grupo Legislativo Mixto Veracruz nos Une (VNU), explic\u00f3 que su iniciativa da cumplimiento a las recientes reformas al Art\u00edculo 115 de la Constituci\u00f3n Pol\u00edtica Federal, en correlaci\u00f3n con lo que indica el Art\u00edculo 68 de la Carta Magna estatal y el Art\u00edculo 21 de la Ley Org\u00e1nica del Municipio Libre.<\/span><br><br><br><span ;=\"\" style=\"font-size:24px\">De lo anterior, la legisladora detall\u00f3 que, como resultado de un an\u00e1lisis minucioso, 92 municipios de la entidad se encuentran excedidos en el n\u00famero de ediles, de acuerdo con el n\u00famero de poblaci\u00f3n que tienen, seg\u00fan el \u00faltimo censo de poblaci\u00f3n del a\u00f1o 2020 del Instituto Nacional de Estad\u00edstica y Geograf\u00eda (Inegi).<\/span><br><br><br><span ;=\"\" style=\"font-size:24px\">Agreg\u00f3 que esos 92 municipios, que representan m\u00e1s del 43 por ciento del total de los ayuntamientos veracruzanos, tienen un exceso de ediles que van de uno hasta siete integrantes de m\u00e1s, \u201cde aqu\u00ed que es urgente la actualizaci\u00f3n del n\u00famero de ediles, puesto que ello representar\u00eda una disminuci\u00f3n de 230 servidores p\u00fablicos que, en t\u00e9rminos econ\u00f3micos, implicar\u00eda un ahorro anual en las finanzas p\u00fablicas\u201d.<\/span><br><br><br><span ;=\"\" style=\"font-size:24px\">Por consiguiente, la diputada Ortega Ruiz propone que la redacci\u00f3n del segundo p\u00e1rrafo del Art\u00edculo 21 de la Ley Org\u00e1nica del Municipio Libre para establecer que el Congreso del Estado deber\u00e1 modificar, por el voto de las dos terceras partes de sus integrantes, el n\u00famero de Ediles con base en el \u00faltimo Censo General de Poblaci\u00f3n y Vivienda de los Estados Unidos Mexicanos y, a m\u00e1s tardar, noventa d\u00edas antes del inicio del proceso electoral que corresponda, escuchando la opini\u00f3n de los Ayuntamientos.<\/span><br><br><br><span ;=\"\" style=\"font-size:24px\">De igual manera, a trav\u00e9s del Articulo Segundo Transitorio, se propone el n\u00famero de ediles que habr\u00e1n de integrar los Ayuntamientos cuyo periodo de gobierno iniciar\u00e1 en el a\u00f1o 2030, considerando la poblaci\u00f3n del \u00faltimo censo de poblaci\u00f3n y vivienda 2020.<\/span><br><br><br><span ;=\"\" style=\"font-size:24px\">La iniciativa fue turnada para su an\u00e1lisis a las Comisiones Permanentes Unidas de Gobernaci\u00f3n, y de Organizaci\u00f3n Pol\u00edtica y Procesos Electorales. Se adhirieron a la misma el diputado Adri\u00e1n Sigfrido \u00c1vila Estrada y las diputadas Mar\u00eda Elena C\u00f3rdova Molina y Ana Rosa Vald\u00e9s Salazar.<\/span><!--\/data\/user\/0\/com.samsung.android.app.notes\/files\/clipdata\/clipdata_bodytext_260416_221948_167.sdocx--><\/p>\n\n\n\n<p><\/p>\n","protected":false},"excerpt":{"rendered":"<p>La diputada Montserrat Ortega Ruiz present\u00f3 al Pleno de la LXVII Legislatura una iniciativa que prev\u00e9 reformar diversas disposiciones de la Ley Org\u00e1nica del Municipio Libre cuyo objeto es modificar&hellip;<\/p>\n","protected":false},"author":1,"featured_media":5478,"comment_status":"open","ping_status":"closed","sticky":false,"template":"","format":"standard","meta":{"footnotes":""},"categories":[71],"tags":[],"class_list":["post-5477","post","type-post","status-publish","format-standard","has-post-thumbnail","hentry","category-estatal"],"magazineBlocksPostFeaturedMedia":{"thumbnail":"https:\/\/vocesdeveracruz.com.mx\/wp-content\/uploads\/2026\/04\/FB_IMG_1776399485163-150x150.jpg","medium":"https:\/\/vocesdeveracruz.com.mx\/wp-content\/uploads\/2026\/04\/FB_IMG_1776399485163-300x200.jpg","medium_large":"https:\/\/vocesdeveracruz.com.mx\/wp-content\/uploads\/2026\/04\/FB_IMG_1776399485163-768x513.jpg","large":"https:\/\/vocesdeveracruz.com.mx\/wp-content\/uploads\/2026\/04\/FB_IMG_1776399485163-1024x684.jpg","1536x1536":"https:\/\/vocesdeveracruz.com.mx\/wp-content\/uploads\/2026\/04\/FB_IMG_1776399485163-1536x1025.jpg","2048x2048":"https:\/\/vocesdeveracruz.com.mx\/wp-content\/uploads\/2026\/04\/FB_IMG_1776399485163.jpg"},"magazineBlocksPostAuthor":{"name":"admin","avatar":"https:\/\/secure.gravatar.com\/avatar\/9d5013f9042ef2dfeb4122e9609da41e1858252ad644b84f2ec3a64ab59cceaf?s=96&d=mm&r=g"},"magazineBlocksPostCommentsNumber":"0","magazineBlocksPostExcerpt":"La diputada Montserrat Ortega Ruiz present\u00f3 al Pleno de la LXVII Legislatura una iniciativa que prev\u00e9 reformar diversas disposiciones de la Ley Org\u00e1nica del Municipio Libre cuyo objeto es modificar&hellip;","magazineBlocksPostCategories":["ESTATAL"],"magazineBlocksPostViewCount":10,"magazineBlocksPostReadTime":3,"magazine_blocks_featured_image_url":{"full":["https:\/\/vocesdeveracruz.com.mx\/wp-content\/uploads\/2026\/04\/FB_IMG_1776399485163.jpg",1600,1068,false],"medium":["https:\/\/vocesdeveracruz.com.mx\/wp-content\/uploads\/2026\/04\/FB_IMG_1776399485163-300x200.jpg",300,200,true],"thumbnail":["https:\/\/vocesdeveracruz.com.mx\/wp-content\/uploads\/2026\/04\/FB_IMG_1776399485163-150x150.jpg",150,150,true]},"magazine_blocks_author":{"display_name":"admin","author_link":"https:\/\/vocesdeveracruz.com.mx\/?author=1"},"magazine_blocks_comment":0,"magazine_blocks_author_image":"https:\/\/secure.gravatar.com\/avatar\/9d5013f9042ef2dfeb4122e9609da41e1858252ad644b84f2ec3a64ab59cceaf?s=96&d=mm&r=g","magazine_blocks_category":"<a href=\"https:\/\/vocesdeveracruz.com.mx\/?cat=71\" rel=\"category\">ESTATAL<\/a>","_links":{"self":[{"href":"https:\/\/vocesdeveracruz.com.mx\/index.php?rest_route=\/wp\/v2\/posts\/5477","targetHints":{"allow":["GET"]}}],"collection":[{"href":"https:\/\/vocesdeveracruz.com.mx\/index.php?rest_route=\/wp\/v2\/posts"}],"about":[{"href":"https:\/\/vocesdeveracruz.com.mx\/index.php?rest_route=\/wp\/v2\/types\/post"}],"author":[{"embeddable":true,"href":"https:\/\/vocesdeveracruz.com.mx\/index.php?rest_route=\/wp\/v2\/users\/1"}],"replies":[{"embeddable":true,"href":"https:\/\/vocesdeveracruz.com.mx\/index.php?rest_route=%2Fwp%2Fv2%2Fcomments&post=5477"}],"version-history":[{"count":1,"href":"https:\/\/vocesdeveracruz.com.mx\/index.php?rest_route=\/wp\/v2\/posts\/5477\/revisions"}],"predecessor-version":[{"id":5479,"href":"https:\/\/vocesdeveracruz.com.mx\/index.php?rest_route=\/wp\/v2\/posts\/5477\/revisions\/5479"}],"wp:featuredmedia":[{"embeddable":true,"href":"https:\/\/vocesdeveracruz.com.mx\/index.php?rest_route=\/wp\/v2\/media\/5478"}],"wp:attachment":[{"href":"https:\/\/vocesdeveracruz.com.mx\/index.php?rest_route=%2Fwp%2Fv2%2Fmedia&parent=5477"}],"wp:term":[{"taxonomy":"category","embeddable":true,"href":"https:\/\/vocesdeveracruz.com.mx\/index.php?rest_route=%2Fwp%2Fv2%2Fcategories&post=5477"},{"taxonomy":"post_tag","embeddable":true,"href":"https:\/\/vocesdeveracruz.com.mx\/index.php?rest_route=%2Fwp%2Fv2%2Ftags&post=5477"}],"curies":[{"name":"wp","href":"https:\/\/api.w.org\/{rel}","templated":true}]}}