{"id":5472,"date":"2026-04-16T22:16:15","date_gmt":"2026-04-17T04:16:15","guid":{"rendered":"https:\/\/vocesdeveracruz.com.mx\/?p=5472"},"modified":"2026-04-16T22:16:15","modified_gmt":"2026-04-17T04:16:15","slug":"propone-diputada-reforma-constitucional-para-actualizar-el-derecho-a-la-vivienda","status":"publish","type":"post","link":"https:\/\/vocesdeveracruz.com.mx\/?p=5472","title":{"rendered":"Propone diputada reforma constitucional, para actualizar el derecho a la vivienda"},"content":{"rendered":"\n<p><br><span ;=\"\" style=\"font-size:24px\">Con la finalidad de sustituir en el Art\u00edculo 9 de la Constituci\u00f3n Pol\u00edtica del Estado el concepto \u201cvivienda digna y decorosa\u201d, por el de \u201cvivienda adecuada\u201d, as\u00ed como establecer que este derecho corresponde a toda persona y no \u00fanicamente a la familia, la diputada Valeria M\u00e9ndez Moctezuma present\u00f3 una iniciativa ante el Pleno y explic\u00f3 que, de aprobarse, representar\u00eda una evoluci\u00f3n normativa que ampl\u00eda el alcance, fortalece el contenido y se alinea con los Derechos Humanos.<\/span><br><br><br><span ;=\"\" style=\"font-size:24px\">La integrante del Grupo Legislativo de Morena, durante su intervenci\u00f3n en la Tercera Sesi\u00f3n del Segundo Periodo Ordinario, subray\u00f3 que la citada adecuaci\u00f3n permitir\u00e1 dotar al derecho a la vivienda de mayor claridad normativa y orientar\u00e1 de manera m\u00e1s precisa la actuaci\u00f3n de las autoridades estatales y municipales, al reconocer la vivienda no solo como un espacio f\u00edsico, sino como un entorno que debe garantizar condiciones de seguridad, habitabilidad y accesibilidad.<\/span><br><br><br><span ;=\"\" style=\"font-size:24px\">Agreg\u00f3 que el objeto de su iniciativa es armonizar la Constituci\u00f3n Pol\u00edtica del Estado de Veracruz, reconociendo expresamente el derecho de toda persona a una vivienda adecuada, con la Constituci\u00f3n Pol\u00edtica de los Estados Unidos Mexicanos, reafirmando as\u00ed el compromiso del Congreso de Veracruz con la dignidad humana, la igualdad y el bienestar de quienes lo habitan.<\/span><br><br><br><span ;=\"\" style=\"font-size:24px\">Previamente, la diputada M\u00e9ndez Moctezuma puntualiz\u00f3 que el derecho a la vivienda constituye uno de los pilares esenciales para el pleno desarrollo de la persona y la materializaci\u00f3n de la dignidad humana y que contar con un espacio donde habitar en condiciones adecuadas no solo satisface una necesidad b\u00e1sica, sino que permite el ejercicio efectivo de otros derechos fundamentales, tales como la salud, seguridad, vida privada, desarrollo personal y la convivencia social.<\/span><br><br><br><span ;=\"\" style=\"font-size:24px\">Destac\u00f3 que el concepto de vivienda adecuada ha sido desarrollado por el Comit\u00e9 de Derechos Econ\u00f3micos, Sociales y Culturales de las Naciones Unidas y subraya que el concepto var\u00eda en funci\u00f3n de factores sociales, culturales, econ\u00f3micos, clim\u00e1ticos y ambientales, pero que identifica elementos m\u00ednimos comunes que deben estar presentes en toda vivienda para considerarse compatible con los est\u00e1ndares internacionales.<\/span><br><br><br><span ;=\"\" style=\"font-size:24px\">Por consiguiente, enunci\u00f3 los citados elementos m\u00ednimos que son: seguridad jur\u00eddica de la tenencia, disponibilidad de servicios, materiales, facilidades e infraestructura, gastos soportables, habitabilidad, asequibilidad, adecuaci\u00f3n cultural y lugar.<\/span><br><br><br><span ;=\"\" style=\"font-size:24px\">La iniciativa fue turnada para el tr\u00e1mite correspondiente a las Comisiones Permanentes Unidas de Justicia y Puntos Constitucionales, de Derechos Humanos y Atenci\u00f3n a Grupos Vulnerables, y de Desarrollo Urbano, Ordenamiento Territorial, Vivienda y Fundo Legal. Se adhirieron a la misma los Grupos Legislativos de Morena y del Partido Verde Ecologista de M\u00e9xico (PVEM).<\/span><br><br><!--\/data\/user\/0\/com.samsung.android.app.notes\/files\/clipdata\/clipdata_bodytext_260416_221456_413.sdocx--><\/p>\n","protected":false},"excerpt":{"rendered":"<p>Con la finalidad de sustituir en el Art\u00edculo 9 de la Constituci\u00f3n Pol\u00edtica del Estado el concepto \u201cvivienda digna y decorosa\u201d, por el de \u201cvivienda adecuada\u201d, as\u00ed como establecer que&hellip;<\/p>\n","protected":false},"author":1,"featured_media":5473,"comment_status":"open","ping_status":"closed","sticky":false,"template":"","format":"standard","meta":{"footnotes":""},"categories":[71],"tags":[],"class_list":["post-5472","post","type-post","status-publish","format-standard","has-post-thumbnail","hentry","category-estatal"],"magazineBlocksPostFeaturedMedia":{"thumbnail":"https:\/\/vocesdeveracruz.com.mx\/wp-content\/uploads\/2026\/04\/FB_IMG_1776399260092-150x150.jpg","medium":"https:\/\/vocesdeveracruz.com.mx\/wp-content\/uploads\/2026\/04\/FB_IMG_1776399260092-300x200.jpg","medium_large":"https:\/\/vocesdeveracruz.com.mx\/wp-content\/uploads\/2026\/04\/FB_IMG_1776399260092-768x511.jpg","large":"https:\/\/vocesdeveracruz.com.mx\/wp-content\/uploads\/2026\/04\/FB_IMG_1776399260092-1024x682.jpg","1536x1536":"https:\/\/vocesdeveracruz.com.mx\/wp-content\/uploads\/2026\/04\/FB_IMG_1776399260092.jpg","2048x2048":"https:\/\/vocesdeveracruz.com.mx\/wp-content\/uploads\/2026\/04\/FB_IMG_1776399260092.jpg"},"magazineBlocksPostAuthor":{"name":"admin","avatar":"https:\/\/secure.gravatar.com\/avatar\/9d5013f9042ef2dfeb4122e9609da41e1858252ad644b84f2ec3a64ab59cceaf?s=96&d=mm&r=g"},"magazineBlocksPostCommentsNumber":"0","magazineBlocksPostExcerpt":"Con la finalidad de sustituir en el Art\u00edculo 9 de la Constituci\u00f3n Pol\u00edtica del Estado el concepto \u201cvivienda digna y decorosa\u201d, por el de \u201cvivienda adecuada\u201d, as\u00ed como establecer que&hellip;","magazineBlocksPostCategories":["ESTATAL"],"magazineBlocksPostViewCount":15,"magazineBlocksPostReadTime":3,"magazine_blocks_featured_image_url":{"full":["https:\/\/vocesdeveracruz.com.mx\/wp-content\/uploads\/2026\/04\/FB_IMG_1776399260092.jpg",1280,852,false],"medium":["https:\/\/vocesdeveracruz.com.mx\/wp-content\/uploads\/2026\/04\/FB_IMG_1776399260092-300x200.jpg",300,200,true],"thumbnail":["https:\/\/vocesdeveracruz.com.mx\/wp-content\/uploads\/2026\/04\/FB_IMG_1776399260092-150x150.jpg",150,150,true]},"magazine_blocks_author":{"display_name":"admin","author_link":"https:\/\/vocesdeveracruz.com.mx\/?author=1"},"magazine_blocks_comment":0,"magazine_blocks_author_image":"https:\/\/secure.gravatar.com\/avatar\/9d5013f9042ef2dfeb4122e9609da41e1858252ad644b84f2ec3a64ab59cceaf?s=96&d=mm&r=g","magazine_blocks_category":"<a href=\"https:\/\/vocesdeveracruz.com.mx\/?cat=71\" rel=\"category\">ESTATAL<\/a>","_links":{"self":[{"href":"https:\/\/vocesdeveracruz.com.mx\/index.php?rest_route=\/wp\/v2\/posts\/5472","targetHints":{"allow":["GET"]}}],"collection":[{"href":"https:\/\/vocesdeveracruz.com.mx\/index.php?rest_route=\/wp\/v2\/posts"}],"about":[{"href":"https:\/\/vocesdeveracruz.com.mx\/index.php?rest_route=\/wp\/v2\/types\/post"}],"author":[{"embeddable":true,"href":"https:\/\/vocesdeveracruz.com.mx\/index.php?rest_route=\/wp\/v2\/users\/1"}],"replies":[{"embeddable":true,"href":"https:\/\/vocesdeveracruz.com.mx\/index.php?rest_route=%2Fwp%2Fv2%2Fcomments&post=5472"}],"version-history":[{"count":1,"href":"https:\/\/vocesdeveracruz.com.mx\/index.php?rest_route=\/wp\/v2\/posts\/5472\/revisions"}],"predecessor-version":[{"id":5474,"href":"https:\/\/vocesdeveracruz.com.mx\/index.php?rest_route=\/wp\/v2\/posts\/5472\/revisions\/5474"}],"wp:featuredmedia":[{"embeddable":true,"href":"https:\/\/vocesdeveracruz.com.mx\/index.php?rest_route=\/wp\/v2\/media\/5473"}],"wp:attachment":[{"href":"https:\/\/vocesdeveracruz.com.mx\/index.php?rest_route=%2Fwp%2Fv2%2Fmedia&parent=5472"}],"wp:term":[{"taxonomy":"category","embeddable":true,"href":"https:\/\/vocesdeveracruz.com.mx\/index.php?rest_route=%2Fwp%2Fv2%2Fcategories&post=5472"},{"taxonomy":"post_tag","embeddable":true,"href":"https:\/\/vocesdeveracruz.com.mx\/index.php?rest_route=%2Fwp%2Fv2%2Ftags&post=5472"}],"curies":[{"name":"wp","href":"https:\/\/api.w.org\/{rel}","templated":true}]}}