{"id":5466,"date":"2026-04-16T22:13:53","date_gmt":"2026-04-17T04:13:53","guid":{"rendered":"https:\/\/vocesdeveracruz.com.mx\/?p=5466"},"modified":"2026-04-16T22:13:53","modified_gmt":"2026-04-17T04:13:53","slug":"propone-diputada-incorporar-en-la-ley-la-figura-de-violencia-por-control-digital","status":"publish","type":"post","link":"https:\/\/vocesdeveracruz.com.mx\/?p=5466","title":{"rendered":"Propone diputada incorporar en la ley la figura de \u201cViolencia por Control Digital\u201d"},"content":{"rendered":"\n<p>Con la finalidad de avanzar hacia un enfoque preventivo que permita identificar y atender las distintas conductas antes de que escalen a formas graves de violencia, la diputada Elizabeth Morales Garc\u00eda present\u00f3 una iniciativa que incorporar\u00eda en la Ley de Acceso de las Mujeres a una Vida Libre de Violencia la figura de Violencia de Control Digital.<\/p>\n\n\n\n<p>La integrante del Partido del Trabajo (PT), durante su intervenci\u00f3n en la Tercera Sesi\u00f3n Ordinaria, subray\u00f3 que su propuesta no tiene car\u00e1cter punitivo ni busca criminalizar conductas en el \u00e1mbito de la vida privada. Sino por el contrario, dijo, su objetivo es visibilizar, prevenir y atender una forma de violencia que actualmente se encuentra normalizada, garantizando el respeto a los derechos fundamentales de las mujeres, en particular su privacidad, autonom\u00eda y libertad.<\/p>\n\n\n\n<p>Expuso que la incorporaci\u00f3n de este concepto permitir\u00e1 no solo actualizar el marco normativo estatal frente a los desaf\u00edos contempor\u00e1neos, sino tambi\u00e9n enviar un mensaje claro: \u201cla violencia contra las mujeres, en cualquiera de sus formas, incluyendo la digital, no es normal ni debe ser tolerada\u201d, precis\u00f3.<\/p>\n\n\n\n<p>De acuerdo con el contenido de la iniciativa, se incorporar\u00eda la figura de Violencia por Control Digital, entendi\u00e9ndose como toda acci\u00f3n u omisi\u00f3n realizada mediante el uso de tecnolog\u00edas de la informaci\u00f3n y comunicaci\u00f3n que, de manera reiterada, sistem\u00e1tica o mediante presi\u00f3n, intimidaci\u00f3n, manipulaci\u00f3n o coacci\u00f3n, y sin el consentimiento libre, informado y expreso de la mujer, tenga por objeto o resultado vigilar, controlar, limitar o afectar su autonom\u00eda, privacidad, seguridad o libertad personal.<\/p>\n\n\n\n<p>Se establece que constituye Violencia por Control Digital, de manera enunciativa m\u00e1s no limitativa: solicitar, exigir o presionar para obtener la ubicaci\u00f3n en tiempo real de manera reiterada o bajo presi\u00f3n; revisar dispositivos o informaci\u00f3n digital sin autorizaci\u00f3n, instalar o imponer mecanismos de monitoreo o vigilancia digital y limitar, condicionar o restringir el uso de medios de comunicaci\u00f3n digitales.<\/p>\n\n\n\n<p>Asimismo, solicitar, obtener o imponer el acceso a contrase\u00f1as o cuentas personales o cualquier otra conducta an\u00e1loga que tenga por efecto anular, someter o restringir la autonom\u00eda, privacidad o libertad digital de la mujer.<\/p>\n\n\n\n<p>La iniciativa, a la que se adhiri\u00f3 el Grupo Legislativo del Partido Verde Ecologista de M\u00e9xico, fue turnada para su an\u00e1lisis a las Comisiones Permanentes Unidas Para la Igualdad de G\u00e9nero, y de Procuraci\u00f3n de Justicia.<\/p>\n","protected":false},"excerpt":{"rendered":"<p>Con la finalidad de avanzar hacia un enfoque preventivo que permita identificar y atender las distintas conductas antes de que escalen a formas graves de violencia, la diputada Elizabeth Morales&hellip;<\/p>\n","protected":false},"author":1,"featured_media":5468,"comment_status":"open","ping_status":"closed","sticky":false,"template":"","format":"standard","meta":{"footnotes":""},"categories":[71],"tags":[],"class_list":["post-5466","post","type-post","status-publish","format-standard","has-post-thumbnail","hentry","category-estatal"],"magazineBlocksPostFeaturedMedia":{"thumbnail":"https:\/\/vocesdeveracruz.com.mx\/wp-content\/uploads\/2026\/04\/FB_IMG_1776399214080-150x150.jpg","medium":"https:\/\/vocesdeveracruz.com.mx\/wp-content\/uploads\/2026\/04\/FB_IMG_1776399214080-300x200.jpg","medium_large":"https:\/\/vocesdeveracruz.com.mx\/wp-content\/uploads\/2026\/04\/FB_IMG_1776399214080-768x513.jpg","large":"https:\/\/vocesdeveracruz.com.mx\/wp-content\/uploads\/2026\/04\/FB_IMG_1776399214080-1024x684.jpg","1536x1536":"https:\/\/vocesdeveracruz.com.mx\/wp-content\/uploads\/2026\/04\/FB_IMG_1776399214080-1536x1025.jpg","2048x2048":"https:\/\/vocesdeveracruz.com.mx\/wp-content\/uploads\/2026\/04\/FB_IMG_1776399214080.jpg"},"magazineBlocksPostAuthor":{"name":"admin","avatar":"https:\/\/secure.gravatar.com\/avatar\/9d5013f9042ef2dfeb4122e9609da41e1858252ad644b84f2ec3a64ab59cceaf?s=96&d=mm&r=g"},"magazineBlocksPostCommentsNumber":"0","magazineBlocksPostExcerpt":"Con la finalidad de avanzar hacia un enfoque preventivo que permita identificar y atender las distintas conductas antes de que escalen a formas graves de violencia, la diputada Elizabeth Morales&hellip;","magazineBlocksPostCategories":["ESTATAL"],"magazineBlocksPostViewCount":10,"magazineBlocksPostReadTime":3,"magazine_blocks_featured_image_url":{"full":["https:\/\/vocesdeveracruz.com.mx\/wp-content\/uploads\/2026\/04\/FB_IMG_1776399214080.jpg",1600,1068,false],"medium":["https:\/\/vocesdeveracruz.com.mx\/wp-content\/uploads\/2026\/04\/FB_IMG_1776399214080-300x200.jpg",300,200,true],"thumbnail":["https:\/\/vocesdeveracruz.com.mx\/wp-content\/uploads\/2026\/04\/FB_IMG_1776399214080-150x150.jpg",150,150,true]},"magazine_blocks_author":{"display_name":"admin","author_link":"https:\/\/vocesdeveracruz.com.mx\/?author=1"},"magazine_blocks_comment":0,"magazine_blocks_author_image":"https:\/\/secure.gravatar.com\/avatar\/9d5013f9042ef2dfeb4122e9609da41e1858252ad644b84f2ec3a64ab59cceaf?s=96&d=mm&r=g","magazine_blocks_category":"<a href=\"https:\/\/vocesdeveracruz.com.mx\/?cat=71\" rel=\"category\">ESTATAL<\/a>","_links":{"self":[{"href":"https:\/\/vocesdeveracruz.com.mx\/index.php?rest_route=\/wp\/v2\/posts\/5466","targetHints":{"allow":["GET"]}}],"collection":[{"href":"https:\/\/vocesdeveracruz.com.mx\/index.php?rest_route=\/wp\/v2\/posts"}],"about":[{"href":"https:\/\/vocesdeveracruz.com.mx\/index.php?rest_route=\/wp\/v2\/types\/post"}],"author":[{"embeddable":true,"href":"https:\/\/vocesdeveracruz.com.mx\/index.php?rest_route=\/wp\/v2\/users\/1"}],"replies":[{"embeddable":true,"href":"https:\/\/vocesdeveracruz.com.mx\/index.php?rest_route=%2Fwp%2Fv2%2Fcomments&post=5466"}],"version-history":[{"count":1,"href":"https:\/\/vocesdeveracruz.com.mx\/index.php?rest_route=\/wp\/v2\/posts\/5466\/revisions"}],"predecessor-version":[{"id":5469,"href":"https:\/\/vocesdeveracruz.com.mx\/index.php?rest_route=\/wp\/v2\/posts\/5466\/revisions\/5469"}],"wp:featuredmedia":[{"embeddable":true,"href":"https:\/\/vocesdeveracruz.com.mx\/index.php?rest_route=\/wp\/v2\/media\/5468"}],"wp:attachment":[{"href":"https:\/\/vocesdeveracruz.com.mx\/index.php?rest_route=%2Fwp%2Fv2%2Fmedia&parent=5466"}],"wp:term":[{"taxonomy":"category","embeddable":true,"href":"https:\/\/vocesdeveracruz.com.mx\/index.php?rest_route=%2Fwp%2Fv2%2Fcategories&post=5466"},{"taxonomy":"post_tag","embeddable":true,"href":"https:\/\/vocesdeveracruz.com.mx\/index.php?rest_route=%2Fwp%2Fv2%2Ftags&post=5466"}],"curies":[{"name":"wp","href":"https:\/\/api.w.org\/{rel}","templated":true}]}}