{"id":5463,"date":"2026-04-16T22:10:27","date_gmt":"2026-04-17T04:10:27","guid":{"rendered":"https:\/\/vocesdeveracruz.com.mx\/?p=5463"},"modified":"2026-04-16T22:10:27","modified_gmt":"2026-04-17T04:10:27","slug":"buscan-combatir-nepotismo-en-los-dif-municipales","status":"publish","type":"post","link":"https:\/\/vocesdeveracruz.com.mx\/?p=5463","title":{"rendered":"Buscan combatir nepotismo en los DIF municipales"},"content":{"rendered":"\n<p><br><span ;=\"\" style=\"font-size:24px\">El Grupo Legislativo del Partido Verde Ecologista de M\u00e9xico (PVEM) en el Congreso de Veracruz propuso actualizar las leyes Org\u00e1nica del Municipio Libre y Sobre el Sistema Estatal de Asistencia Social para combatir el nepotismo en los sistemas municipales para el Desarrollo Integral de la Familia (DIF).<\/span><br><br><br><span ;=\"\" style=\"font-size:24px\">En la Tercera Sesi\u00f3n del Segundo Periodo Ordinario, el diputado Urbano Bautista Mart\u00ednez present\u00f3 la propuesta, que consiste en que el nombramiento para ocupar el cargo honorario de la Presidencia del Patronato o en el DIF Municipal no recaiga en quien tenga v\u00ednculo de matrimonio, concubinato o parentesco hasta el cuarto grado con la o el titular de la presidencia municipal, sindicatura y regidur\u00edas.<\/span><br><br><br><span ;=\"\" style=\"font-size:24px\">Dicho proyecto legislativo refiere que la Ley sobre el Sistema Estatal de Asistencia Social establece que los organismos municipales tienen la responsabilidad de proveer asistencia social a los sectores m\u00e1s vulnerables: ni\u00f1as, ni\u00f1os y adolescentes, mujeres, personas adultas mayores, con discapacidad y familias en pobreza extrema, y sus tareas consisten en la procuraci\u00f3n de la defensa del menor y la familia, el manejo de centros de rehabilitaci\u00f3n, hasta la ejecuci\u00f3n de programas alimentarios.<\/span><br><br><br><span ;=\"\" style=\"font-size:24px\">Se\u00f1ala que, al recaer en un familiar hasta el cuarto grado, el cargo de la presidencia honoraria ha sido utilizado como una plataforma de promoci\u00f3n personal para posicionar al c\u00f3nyuge o pariente como sucesor pol\u00edtico, lucrando con la necesidad de la gente.<\/span><br><br><br><span ;=\"\" style=\"font-size:24px\">Las y los proponentes consideran que, aunque el cargo de Presidente o Presidenta del Patronato sea de car\u00e1cter honorario, quien lo ejerce detenta poder de decisi\u00f3n de facto, utiliza recursos materiales y goza de una plataforma de influencia pol\u00edtica equiparable a la del edil, rompiendo los contrapesos naturales de auditor\u00eda.<\/span><br><br><br><span ;=\"\" style=\"font-size:24px\">Por tal raz\u00f3n, pusieron a disposici\u00f3n del Pleno la Iniciativa con Proyecto de Decreto por el que se adiciona el Art\u00edculo 114 Bis a la Ley Org\u00e1nica del Municipio Libre y se adiciona el Art\u00edculo 47 Bis a la Ley sobre el Sistema Estatal de Asistencia Social, ambas del estado de Veracruz, que fue turnada a la Comisi\u00f3n Permanente de Gobernaci\u00f3n.<\/span><br><\/p>\n\n\n\n<p><\/p>\n","protected":false},"excerpt":{"rendered":"<p>El Grupo Legislativo del Partido Verde Ecologista de M\u00e9xico (PVEM) en el Congreso de Veracruz propuso actualizar las leyes Org\u00e1nica del Municipio Libre y Sobre el Sistema Estatal de Asistencia&hellip;<\/p>\n","protected":false},"author":1,"featured_media":5464,"comment_status":"open","ping_status":"closed","sticky":false,"template":"","format":"standard","meta":{"footnotes":""},"categories":[71],"tags":[],"class_list":["post-5463","post","type-post","status-publish","format-standard","has-post-thumbnail","hentry","category-estatal"],"magazineBlocksPostFeaturedMedia":{"thumbnail":"https:\/\/vocesdeveracruz.com.mx\/wp-content\/uploads\/2026\/04\/FB_IMG_1776398802556-150x150.jpg","medium":"https:\/\/vocesdeveracruz.com.mx\/wp-content\/uploads\/2026\/04\/FB_IMG_1776398802556-300x200.jpg","medium_large":"https:\/\/vocesdeveracruz.com.mx\/wp-content\/uploads\/2026\/04\/FB_IMG_1776398802556-768x513.jpg","large":"https:\/\/vocesdeveracruz.com.mx\/wp-content\/uploads\/2026\/04\/FB_IMG_1776398802556-1024x684.jpg","1536x1536":"https:\/\/vocesdeveracruz.com.mx\/wp-content\/uploads\/2026\/04\/FB_IMG_1776398802556-1536x1025.jpg","2048x2048":"https:\/\/vocesdeveracruz.com.mx\/wp-content\/uploads\/2026\/04\/FB_IMG_1776398802556.jpg"},"magazineBlocksPostAuthor":{"name":"admin","avatar":"https:\/\/secure.gravatar.com\/avatar\/9d5013f9042ef2dfeb4122e9609da41e1858252ad644b84f2ec3a64ab59cceaf?s=96&d=mm&r=g"},"magazineBlocksPostCommentsNumber":"0","magazineBlocksPostExcerpt":"El Grupo Legislativo del Partido Verde Ecologista de M\u00e9xico (PVEM) en el Congreso de Veracruz propuso actualizar las leyes Org\u00e1nica del Municipio Libre y Sobre el Sistema Estatal de Asistencia&hellip;","magazineBlocksPostCategories":["ESTATAL"],"magazineBlocksPostViewCount":49,"magazineBlocksPostReadTime":2,"magazine_blocks_featured_image_url":{"full":["https:\/\/vocesdeveracruz.com.mx\/wp-content\/uploads\/2026\/04\/FB_IMG_1776398802556.jpg",1600,1068,false],"medium":["https:\/\/vocesdeveracruz.com.mx\/wp-content\/uploads\/2026\/04\/FB_IMG_1776398802556-300x200.jpg",300,200,true],"thumbnail":["https:\/\/vocesdeveracruz.com.mx\/wp-content\/uploads\/2026\/04\/FB_IMG_1776398802556-150x150.jpg",150,150,true]},"magazine_blocks_author":{"display_name":"admin","author_link":"https:\/\/vocesdeveracruz.com.mx\/?author=1"},"magazine_blocks_comment":0,"magazine_blocks_author_image":"https:\/\/secure.gravatar.com\/avatar\/9d5013f9042ef2dfeb4122e9609da41e1858252ad644b84f2ec3a64ab59cceaf?s=96&d=mm&r=g","magazine_blocks_category":"<a href=\"https:\/\/vocesdeveracruz.com.mx\/?cat=71\" rel=\"category\">ESTATAL<\/a>","_links":{"self":[{"href":"https:\/\/vocesdeveracruz.com.mx\/index.php?rest_route=\/wp\/v2\/posts\/5463","targetHints":{"allow":["GET"]}}],"collection":[{"href":"https:\/\/vocesdeveracruz.com.mx\/index.php?rest_route=\/wp\/v2\/posts"}],"about":[{"href":"https:\/\/vocesdeveracruz.com.mx\/index.php?rest_route=\/wp\/v2\/types\/post"}],"author":[{"embeddable":true,"href":"https:\/\/vocesdeveracruz.com.mx\/index.php?rest_route=\/wp\/v2\/users\/1"}],"replies":[{"embeddable":true,"href":"https:\/\/vocesdeveracruz.com.mx\/index.php?rest_route=%2Fwp%2Fv2%2Fcomments&post=5463"}],"version-history":[{"count":1,"href":"https:\/\/vocesdeveracruz.com.mx\/index.php?rest_route=\/wp\/v2\/posts\/5463\/revisions"}],"predecessor-version":[{"id":5465,"href":"https:\/\/vocesdeveracruz.com.mx\/index.php?rest_route=\/wp\/v2\/posts\/5463\/revisions\/5465"}],"wp:featuredmedia":[{"embeddable":true,"href":"https:\/\/vocesdeveracruz.com.mx\/index.php?rest_route=\/wp\/v2\/media\/5464"}],"wp:attachment":[{"href":"https:\/\/vocesdeveracruz.com.mx\/index.php?rest_route=%2Fwp%2Fv2%2Fmedia&parent=5463"}],"wp:term":[{"taxonomy":"category","embeddable":true,"href":"https:\/\/vocesdeveracruz.com.mx\/index.php?rest_route=%2Fwp%2Fv2%2Fcategories&post=5463"},{"taxonomy":"post_tag","embeddable":true,"href":"https:\/\/vocesdeveracruz.com.mx\/index.php?rest_route=%2Fwp%2Fv2%2Ftags&post=5463"}],"curies":[{"name":"wp","href":"https:\/\/api.w.org\/{rel}","templated":true}]}}