{"id":5458,"date":"2026-04-16T22:05:57","date_gmt":"2026-04-17T04:05:57","guid":{"rendered":"https:\/\/vocesdeveracruz.com.mx\/?p=5458"},"modified":"2026-04-16T22:05:57","modified_gmt":"2026-04-17T04:05:57","slug":"saneamiento-integral-de-cuerpos-de-agua-en-veracruz-impulsa-diputada","status":"publish","type":"post","link":"https:\/\/vocesdeveracruz.com.mx\/?p=5458","title":{"rendered":"Saneamiento integral de cuerpos de agua en Veracruz, impulsa diputada"},"content":{"rendered":"\n<p><br><span ;=\"\" style=\"font-size:19px\">Con la finalidad de revertir el deterioro de los recursos h\u00eddricos en la entidad y garantizar el derecho humano al agua, la diputada Ana Rosa Vald\u00e9s Salazar present\u00f3 al Pleno de la LXVII Legislatura una iniciativa que reforma y adiciona diversas disposiciones de la Ley Org\u00e1nica del Municipio Libre, para facultar a los ayuntamientos a promover el saneamiento de cuerpos de agua y fomentar una cultura del cuidado y uso responsable del vital l\u00edquido.<\/span><br><br><br><span ;=\"\" style=\"font-size:19px\">La propuesta prev\u00e9 que los ayuntamientos, en coordinaci\u00f3n con autoridades federales y estatales, promuevan y ejecuten programas de saneamiento de manantiales, arroyos, r\u00edos y lagos, as\u00ed como la construcci\u00f3n de plantas de tratamiento, colectores de aguas residuales y obras de captaci\u00f3n de agua de lluvia.<\/span><br><br><br><span ;=\"\" style=\"font-size:19px\">Destac\u00f3 que sanear los cuerpos de agua en Veracruz es una meta alcanzable mediante la inversi\u00f3n en infraestructura hidr\u00e1ulica y plantas de tratamiento, toda vez que, \u201cen el cobro por el servicio que ejecutan los organismos operadores de agua, ya recaudan fondos espec\u00edficos para el saneamiento, por lo que la correcta aplicaci\u00f3n de estos recursos permitir\u00eda limpiar gradualmente r\u00edos y lagos, protegiendo la salud de cuerpos de agua y del Golfo de M\u00e9xico\u201d, advirti\u00f3 la legisladora.<\/span><br><br><br><span ;=\"\" style=\"font-size:19px\">Asimismo, dijo, que la iniciativa faculta a los ayuntamientos para que, a trav\u00e9s de las comisiones edilicias de Salud y Asistencia P\u00fablica y de Agua Potable, Drenaje, Alcantarillado, Tratamiento y Disposici\u00f3n de Aguas Residuales, impulsen la participaci\u00f3n ciudadana y fortalezcan la cultura del agua desde el \u00e1mbito educativo y social, privilegiando su uso racional y eficiente como recurso vital y escaso.<\/span><br><br><br><span ;=\"\" style=\"font-size:19px\">Para finalizar, Vald\u00e9s Salazar record\u00f3 que Veracruz posee una enorme riqueza natural, sin embargo, la actividad humana y el crecimiento poblacional han convertido los cuerpos de agua en focos de contaminaci\u00f3n que ponen en peligro la salud p\u00fablica y afectan a las comunidades.<\/span><br><br><br><span ;=\"\" style=\"font-size:19px\">El proyecto de decreto que propone reformar el art\u00edculo 35, fracci\u00f3n XIII, 49 fracciones X y XI y 56, fracci\u00f3n I; y adicionar una fracci\u00f3n XII al art\u00edculo 49 de la Ley Org\u00e1nica del Municipio Libre fue turnada a las Comisiones Permanentes Unidas de Gobernaci\u00f3n, de Agua Potable y Saneamiento, y de Educaci\u00f3n y Cultura, para su estudio y dictamen.<\/span><br><br><!--\/data\/user\/0\/com.samsung.android.app.notes\/files\/clipdata\/clipdata_bodytext_260416_220454_371.sdocx--><\/p>\n","protected":false},"excerpt":{"rendered":"<p>Con la finalidad de revertir el deterioro de los recursos h\u00eddricos en la entidad y garantizar el derecho humano al agua, la diputada Ana Rosa Vald\u00e9s Salazar present\u00f3 al Pleno&hellip;<\/p>\n","protected":false},"author":1,"featured_media":5459,"comment_status":"open","ping_status":"closed","sticky":false,"template":"","format":"standard","meta":{"footnotes":""},"categories":[71],"tags":[],"class_list":["post-5458","post","type-post","status-publish","format-standard","has-post-thumbnail","hentry","category-estatal"],"magazineBlocksPostFeaturedMedia":{"thumbnail":"https:\/\/vocesdeveracruz.com.mx\/wp-content\/uploads\/2026\/04\/FB_IMG_1776398676138-150x150.jpg","medium":"https:\/\/vocesdeveracruz.com.mx\/wp-content\/uploads\/2026\/04\/FB_IMG_1776398676138-300x200.jpg","medium_large":"https:\/\/vocesdeveracruz.com.mx\/wp-content\/uploads\/2026\/04\/FB_IMG_1776398676138-768x511.jpg","large":"https:\/\/vocesdeveracruz.com.mx\/wp-content\/uploads\/2026\/04\/FB_IMG_1776398676138-1024x682.jpg","1536x1536":"https:\/\/vocesdeveracruz.com.mx\/wp-content\/uploads\/2026\/04\/FB_IMG_1776398676138.jpg","2048x2048":"https:\/\/vocesdeveracruz.com.mx\/wp-content\/uploads\/2026\/04\/FB_IMG_1776398676138.jpg"},"magazineBlocksPostAuthor":{"name":"admin","avatar":"https:\/\/secure.gravatar.com\/avatar\/9d5013f9042ef2dfeb4122e9609da41e1858252ad644b84f2ec3a64ab59cceaf?s=96&d=mm&r=g"},"magazineBlocksPostCommentsNumber":"0","magazineBlocksPostExcerpt":"Con la finalidad de revertir el deterioro de los recursos h\u00eddricos en la entidad y garantizar el derecho humano al agua, la diputada Ana Rosa Vald\u00e9s Salazar present\u00f3 al Pleno&hellip;","magazineBlocksPostCategories":["ESTATAL"],"magazineBlocksPostViewCount":9,"magazineBlocksPostReadTime":2,"magazine_blocks_featured_image_url":{"full":["https:\/\/vocesdeveracruz.com.mx\/wp-content\/uploads\/2026\/04\/FB_IMG_1776398676138.jpg",1280,852,false],"medium":["https:\/\/vocesdeveracruz.com.mx\/wp-content\/uploads\/2026\/04\/FB_IMG_1776398676138-300x200.jpg",300,200,true],"thumbnail":["https:\/\/vocesdeveracruz.com.mx\/wp-content\/uploads\/2026\/04\/FB_IMG_1776398676138-150x150.jpg",150,150,true]},"magazine_blocks_author":{"display_name":"admin","author_link":"https:\/\/vocesdeveracruz.com.mx\/?author=1"},"magazine_blocks_comment":0,"magazine_blocks_author_image":"https:\/\/secure.gravatar.com\/avatar\/9d5013f9042ef2dfeb4122e9609da41e1858252ad644b84f2ec3a64ab59cceaf?s=96&d=mm&r=g","magazine_blocks_category":"<a href=\"https:\/\/vocesdeveracruz.com.mx\/?cat=71\" rel=\"category\">ESTATAL<\/a>","_links":{"self":[{"href":"https:\/\/vocesdeveracruz.com.mx\/index.php?rest_route=\/wp\/v2\/posts\/5458","targetHints":{"allow":["GET"]}}],"collection":[{"href":"https:\/\/vocesdeveracruz.com.mx\/index.php?rest_route=\/wp\/v2\/posts"}],"about":[{"href":"https:\/\/vocesdeveracruz.com.mx\/index.php?rest_route=\/wp\/v2\/types\/post"}],"author":[{"embeddable":true,"href":"https:\/\/vocesdeveracruz.com.mx\/index.php?rest_route=\/wp\/v2\/users\/1"}],"replies":[{"embeddable":true,"href":"https:\/\/vocesdeveracruz.com.mx\/index.php?rest_route=%2Fwp%2Fv2%2Fcomments&post=5458"}],"version-history":[{"count":1,"href":"https:\/\/vocesdeveracruz.com.mx\/index.php?rest_route=\/wp\/v2\/posts\/5458\/revisions"}],"predecessor-version":[{"id":5460,"href":"https:\/\/vocesdeveracruz.com.mx\/index.php?rest_route=\/wp\/v2\/posts\/5458\/revisions\/5460"}],"wp:featuredmedia":[{"embeddable":true,"href":"https:\/\/vocesdeveracruz.com.mx\/index.php?rest_route=\/wp\/v2\/media\/5459"}],"wp:attachment":[{"href":"https:\/\/vocesdeveracruz.com.mx\/index.php?rest_route=%2Fwp%2Fv2%2Fmedia&parent=5458"}],"wp:term":[{"taxonomy":"category","embeddable":true,"href":"https:\/\/vocesdeveracruz.com.mx\/index.php?rest_route=%2Fwp%2Fv2%2Fcategories&post=5458"},{"taxonomy":"post_tag","embeddable":true,"href":"https:\/\/vocesdeveracruz.com.mx\/index.php?rest_route=%2Fwp%2Fv2%2Ftags&post=5458"}],"curies":[{"name":"wp","href":"https:\/\/api.w.org\/{rel}","templated":true}]}}