{"id":5454,"date":"2026-04-16T22:04:04","date_gmt":"2026-04-17T04:04:04","guid":{"rendered":"https:\/\/vocesdeveracruz.com.mx\/?p=5454"},"modified":"2026-04-16T22:04:04","modified_gmt":"2026-04-17T04:04:04","slug":"regular-contratacion-o-reestructuracion-de-la-deuda-publica-propone-glpan","status":"publish","type":"post","link":"https:\/\/vocesdeveracruz.com.mx\/?p=5454","title":{"rendered":"Regular contrataci\u00f3n o reestructuraci\u00f3n de la deuda p\u00fablica, propone GLPAN"},"content":{"rendered":"\n<p>Con la finalidad de regular la contrataci\u00f3n de deuda p\u00fablica, as\u00ed como las reestructuraciones de la misma que realice el Gobierno del Estado de Veracruz con cualquiera de las instituciones financieras autorizadas dentro del territorio nacional, el Grupo Legislativo del Partido Acci\u00f3n Nacional (PAN) present\u00f3 al Pleno de la LXVII Legislatura una iniciativa de reforma al C\u00f3digo Financiero del Estado.<\/p>\n\n\n\n<p>De acuerdo con la propuesta, se plantea establecer que el Gobierno del Estado podr\u00e1 recurrir al endeudamiento directo, refinanciamiento o la reestructuraci\u00f3n de la deuda p\u00fablica, como fuente de recursos, previa autorizaci\u00f3n del Congreso y en los t\u00e9rminos establecidos en el C\u00f3digo Financiero, as\u00ed como en la Ley de Disciplina.<\/p>\n\n\n\n<p>La iniciativa del GLPAN pretende incorporar en el citado Art\u00edculo que cuando se pretenda realizar un refinanciamiento o reestructura no se requerir\u00e1 autorizaci\u00f3n, siempre y cuando se cumplan con las siguientes condiciones: que exista una mejora en la tasa de inter\u00e9s, incluyendo los costos asociados, lo cual deber\u00e1 estar fundamentado en el c\u00e1lculo de la tasa efectiva que se realice o, trat\u00e1ndose de reestructuraciones, exista una mejora en las condiciones contractuales.<\/p>\n\n\n\n<p>Tambi\u00e9n cuando no se incremente el saldo insoluto y en los casos que no se ampl\u00ede el plazo de vencimiento original de los Financiamientos respectivos, no se otorgue plazo o periodo de gracia, ni se modifique el perfil de amortizaciones del principal del Financiamiento durante el periodo de la administraci\u00f3n en curso, ni durante la totalidad del periodo del Financiamiento.<\/p>\n\n\n\n<p>Dentro de los 15 d\u00edas naturales siguientes a la celebraci\u00f3n del refinanciamiento o reestructuraci\u00f3n, el Gobierno del Estado deber\u00e1 informar al Congreso sobre la celebraci\u00f3n de este tipo de operaciones, as\u00ed como presentar la solicitud de inscripci\u00f3n ante el Registro P\u00fablico \u00danico.<\/p>\n\n\n\n<p>En la Tribuna y en nombre de su bancada, la diputada Indira de Jes\u00fas Rosales San Rom\u00e1n subray\u00f3 que la reestructuraci\u00f3n financiera puede reducir la carga de endeudamiento, reducir sus pagos de intereses y aumentar su flujo de disponibilidad.<\/p>\n\n\n\n<p>Agreg\u00f3 que esto puede mejorar la capacidad del Estado para cumplir con sus obligaciones a corto, mediano y largo plazo, as\u00ed como evitar el incumplimiento o la insolvencia, \u201cla reestructuraci\u00f3n financiera puede permitir superar los desaf\u00edos financieros y alcanzar objetivos estrat\u00e9gicos\u201d.<\/p>\n\n\n\n<p>El contenido de la propuesta legislativa refiere que la reestructuraci\u00f3n tambi\u00e9n puede conllevar algunos inconvenientes, como diluir la propiedad, aumentar los costes de endeudamiento futuros, desencadenar consecuencias fiscales o afectar la calificaci\u00f3n crediticia de la entidad, \u201cpor esta raz\u00f3n es necesario que este Poder Legislativo en ejercicio de las facultades constitucionales que tiene revise y, en su caso, autorice cuales son las mejores condiciones para realizar una reestructuraci\u00f3n a la deuda p\u00fablica\u201d.<\/p>\n\n\n\n<p>La iniciativa fue turnada para su an\u00e1lisis a la Comisi\u00f3n Permanente de Hacienda del Estado. Se adhirieron a la propuesta las diputadas Ana Rosa Vald\u00e9s Salazar y Mar\u00eda Elena C\u00f3rdova Molina y el diputado H\u00e9ctor Yunes Landa.<\/p>\n\n\n\n<p><\/p>\n","protected":false},"excerpt":{"rendered":"<p>Con la finalidad de regular la contrataci\u00f3n de deuda p\u00fablica, as\u00ed como las reestructuraciones de la misma que realice el Gobierno del Estado de Veracruz con cualquiera de las instituciones&hellip;<\/p>\n","protected":false},"author":1,"featured_media":5455,"comment_status":"open","ping_status":"closed","sticky":false,"template":"","format":"standard","meta":{"footnotes":""},"categories":[71],"tags":[],"class_list":["post-5454","post","type-post","status-publish","format-standard","has-post-thumbnail","hentry","category-estatal"],"magazineBlocksPostFeaturedMedia":{"thumbnail":"https:\/\/vocesdeveracruz.com.mx\/wp-content\/uploads\/2026\/04\/FB_IMG_1776398627677-150x150.jpg","medium":"https:\/\/vocesdeveracruz.com.mx\/wp-content\/uploads\/2026\/04\/FB_IMG_1776398627677-300x200.jpg","medium_large":"https:\/\/vocesdeveracruz.com.mx\/wp-content\/uploads\/2026\/04\/FB_IMG_1776398627677-768x513.jpg","large":"https:\/\/vocesdeveracruz.com.mx\/wp-content\/uploads\/2026\/04\/FB_IMG_1776398627677-1024x684.jpg","1536x1536":"https:\/\/vocesdeveracruz.com.mx\/wp-content\/uploads\/2026\/04\/FB_IMG_1776398627677-1536x1025.jpg","2048x2048":"https:\/\/vocesdeveracruz.com.mx\/wp-content\/uploads\/2026\/04\/FB_IMG_1776398627677.jpg"},"magazineBlocksPostAuthor":{"name":"admin","avatar":"https:\/\/secure.gravatar.com\/avatar\/9d5013f9042ef2dfeb4122e9609da41e1858252ad644b84f2ec3a64ab59cceaf?s=96&d=mm&r=g"},"magazineBlocksPostCommentsNumber":"0","magazineBlocksPostExcerpt":"Con la finalidad de regular la contrataci\u00f3n de deuda p\u00fablica, as\u00ed como las reestructuraciones de la misma que realice el Gobierno del Estado de Veracruz con cualquiera de las instituciones&hellip;","magazineBlocksPostCategories":["ESTATAL"],"magazineBlocksPostViewCount":12,"magazineBlocksPostReadTime":3,"magazine_blocks_featured_image_url":{"full":["https:\/\/vocesdeveracruz.com.mx\/wp-content\/uploads\/2026\/04\/FB_IMG_1776398627677.jpg",1600,1068,false],"medium":["https:\/\/vocesdeveracruz.com.mx\/wp-content\/uploads\/2026\/04\/FB_IMG_1776398627677-300x200.jpg",300,200,true],"thumbnail":["https:\/\/vocesdeveracruz.com.mx\/wp-content\/uploads\/2026\/04\/FB_IMG_1776398627677-150x150.jpg",150,150,true]},"magazine_blocks_author":{"display_name":"admin","author_link":"https:\/\/vocesdeveracruz.com.mx\/?author=1"},"magazine_blocks_comment":0,"magazine_blocks_author_image":"https:\/\/secure.gravatar.com\/avatar\/9d5013f9042ef2dfeb4122e9609da41e1858252ad644b84f2ec3a64ab59cceaf?s=96&d=mm&r=g","magazine_blocks_category":"<a href=\"https:\/\/vocesdeveracruz.com.mx\/?cat=71\" rel=\"category\">ESTATAL<\/a>","_links":{"self":[{"href":"https:\/\/vocesdeveracruz.com.mx\/index.php?rest_route=\/wp\/v2\/posts\/5454","targetHints":{"allow":["GET"]}}],"collection":[{"href":"https:\/\/vocesdeveracruz.com.mx\/index.php?rest_route=\/wp\/v2\/posts"}],"about":[{"href":"https:\/\/vocesdeveracruz.com.mx\/index.php?rest_route=\/wp\/v2\/types\/post"}],"author":[{"embeddable":true,"href":"https:\/\/vocesdeveracruz.com.mx\/index.php?rest_route=\/wp\/v2\/users\/1"}],"replies":[{"embeddable":true,"href":"https:\/\/vocesdeveracruz.com.mx\/index.php?rest_route=%2Fwp%2Fv2%2Fcomments&post=5454"}],"version-history":[{"count":1,"href":"https:\/\/vocesdeveracruz.com.mx\/index.php?rest_route=\/wp\/v2\/posts\/5454\/revisions"}],"predecessor-version":[{"id":5456,"href":"https:\/\/vocesdeveracruz.com.mx\/index.php?rest_route=\/wp\/v2\/posts\/5454\/revisions\/5456"}],"wp:featuredmedia":[{"embeddable":true,"href":"https:\/\/vocesdeveracruz.com.mx\/index.php?rest_route=\/wp\/v2\/media\/5455"}],"wp:attachment":[{"href":"https:\/\/vocesdeveracruz.com.mx\/index.php?rest_route=%2Fwp%2Fv2%2Fmedia&parent=5454"}],"wp:term":[{"taxonomy":"category","embeddable":true,"href":"https:\/\/vocesdeveracruz.com.mx\/index.php?rest_route=%2Fwp%2Fv2%2Fcategories&post=5454"},{"taxonomy":"post_tag","embeddable":true,"href":"https:\/\/vocesdeveracruz.com.mx\/index.php?rest_route=%2Fwp%2Fv2%2Ftags&post=5454"}],"curies":[{"name":"wp","href":"https:\/\/api.w.org\/{rel}","templated":true}]}}