{"id":5449,"date":"2026-04-16T21:53:47","date_gmt":"2026-04-17T03:53:47","guid":{"rendered":"https:\/\/vocesdeveracruz.com.mx\/?p=5449"},"modified":"2026-04-16T21:53:47","modified_gmt":"2026-04-17T03:53:47","slug":"reclasificar-el-delito-de-abigeato-y-sancionar-el-trafico-ilegal-de-ganado-plantea-diputada","status":"publish","type":"post","link":"https:\/\/vocesdeveracruz.com.mx\/?p=5449","title":{"rendered":"Reclasificar el delito de abigeato y sancionar el tr\u00e1fico ilegal de ganado, plantea diputada"},"content":{"rendered":"\n<p>La diputada Naomi Edith G\u00f3mez Santos present\u00f3 una iniciativa que prev\u00e9 reformar diversas disposiciones del C\u00f3digo Penal estatal para reclasificar el abigeato a fin que deje de ser considerado como delito patrimonial y sea reconocido como una conducta que afecta directamente la producci\u00f3n pecuaria, la econom\u00eda y la seguridad alimentaria del estado.<\/p>\n\n\n\n<p>Durante su intervenci\u00f3n en la Tercera Sesi\u00f3n del Segundo Periodo Ordinario, correspondiente al Segundo A\u00f1o de Labores, la presidenta de la Mesa Directiva subray\u00f3 que el objetivo de su iniciativa es fortalecer la protecci\u00f3n del sector ganadero y cerrar espacios a la impunidad, \u201cactualmente el abigeato permite, en muchos casos, que quienes los cometen eviten la prisi\u00f3n mediante acuerdos reparatorios, lo que ha generado impunidad y ha desincentivado la denuncia por parte de productores ganaderos\u201d.<\/p>\n\n\n\n<p>La diputada destac\u00f3 que en la legislaci\u00f3n penal vigente no existe el delito de Tr\u00e1fico Ilegal de Ganado, situaci\u00f3n que ha permitido pr\u00e1cticas como la simulaci\u00f3n de propiedad mediante aretes y el uso de documentaci\u00f3n ap\u00f3crifa para movilizar y comercializar animales.<\/p>\n\n\n\n<p>Subray\u00f3 que su iniciativa responde a la necesidad de actualizar el marco legal para proteger al campo veracruzano, garantizar justicia para las y los productores y sancionar de manera efectiva las conductas que afectan a la actividad pecuaria.<\/p>\n\n\n\n<p>Por consiguiente, se propone la creaci\u00f3n del delito de Tr\u00e1fico Ilegal de Ganado, mediante el cual se sancionar\u00eda la movilizaci\u00f3n, comercializaci\u00f3n e identificaci\u00f3n ilegal de ganado, incluyendo el uso indebido de aretes del sistema Nacional de Identificaci\u00f3n Individual de Ganado (SINIIGA), con penas que ir\u00edan de los 3 a 8 a\u00f1os de prisi\u00f3n y multas de hasta 1,500 Unidades de Medida y Actualizaci\u00f3n (UMAs).<\/p>\n\n\n\n<p>Asimismo, se contempla que, en caso de que participe alg\u00fan servidor p\u00fablico en estas conductas, se le imponga la destituci\u00f3n del cargo y la inhabilitaci\u00f3n hasta por 10 a\u00f1os.<\/p>\n\n\n\n<p>La iniciativa fue turnada para su estudio y dictamen a las Comisiones Permanentes Unidas de Justicia y Puntos Constitucionales, y de Desarrollo Agropecuario, Rural y Forestal. Se adhirieron los Grupos Legislativos de Morena, PAN, PVEM y Mixto Veracruz nos Une, as\u00ed como las y los integrantes de los Partidos del Trabajo (PT) y de Movimiento Ciudadano (MC).<\/p>\n","protected":false},"excerpt":{"rendered":"<p>La diputada Naomi Edith G\u00f3mez Santos present\u00f3 una iniciativa que prev\u00e9 reformar diversas disposiciones del C\u00f3digo Penal estatal para reclasificar el abigeato a fin que deje de ser considerado como&hellip;<\/p>\n","protected":false},"author":1,"featured_media":5450,"comment_status":"open","ping_status":"closed","sticky":false,"template":"","format":"standard","meta":{"footnotes":""},"categories":[71],"tags":[],"class_list":["post-5449","post","type-post","status-publish","format-standard","has-post-thumbnail","hentry","category-estatal"],"magazineBlocksPostFeaturedMedia":{"thumbnail":"https:\/\/vocesdeveracruz.com.mx\/wp-content\/uploads\/2026\/04\/FB_IMG_1776398006542-150x150.jpg","medium":"https:\/\/vocesdeveracruz.com.mx\/wp-content\/uploads\/2026\/04\/FB_IMG_1776398006542-300x200.jpg","medium_large":"https:\/\/vocesdeveracruz.com.mx\/wp-content\/uploads\/2026\/04\/FB_IMG_1776398006542-768x511.jpg","large":"https:\/\/vocesdeveracruz.com.mx\/wp-content\/uploads\/2026\/04\/FB_IMG_1776398006542-1024x682.jpg","1536x1536":"https:\/\/vocesdeveracruz.com.mx\/wp-content\/uploads\/2026\/04\/FB_IMG_1776398006542.jpg","2048x2048":"https:\/\/vocesdeveracruz.com.mx\/wp-content\/uploads\/2026\/04\/FB_IMG_1776398006542.jpg"},"magazineBlocksPostAuthor":{"name":"admin","avatar":"https:\/\/secure.gravatar.com\/avatar\/9d5013f9042ef2dfeb4122e9609da41e1858252ad644b84f2ec3a64ab59cceaf?s=96&d=mm&r=g"},"magazineBlocksPostCommentsNumber":"0","magazineBlocksPostExcerpt":"La diputada Naomi Edith G\u00f3mez Santos present\u00f3 una iniciativa que prev\u00e9 reformar diversas disposiciones del C\u00f3digo Penal estatal para reclasificar el abigeato a fin que deje de ser considerado como&hellip;","magazineBlocksPostCategories":["ESTATAL"],"magazineBlocksPostViewCount":37,"magazineBlocksPostReadTime":2,"magazine_blocks_featured_image_url":{"full":["https:\/\/vocesdeveracruz.com.mx\/wp-content\/uploads\/2026\/04\/FB_IMG_1776398006542.jpg",1280,852,false],"medium":["https:\/\/vocesdeveracruz.com.mx\/wp-content\/uploads\/2026\/04\/FB_IMG_1776398006542-300x200.jpg",300,200,true],"thumbnail":["https:\/\/vocesdeveracruz.com.mx\/wp-content\/uploads\/2026\/04\/FB_IMG_1776398006542-150x150.jpg",150,150,true]},"magazine_blocks_author":{"display_name":"admin","author_link":"https:\/\/vocesdeveracruz.com.mx\/?author=1"},"magazine_blocks_comment":0,"magazine_blocks_author_image":"https:\/\/secure.gravatar.com\/avatar\/9d5013f9042ef2dfeb4122e9609da41e1858252ad644b84f2ec3a64ab59cceaf?s=96&d=mm&r=g","magazine_blocks_category":"<a href=\"https:\/\/vocesdeveracruz.com.mx\/?cat=71\" rel=\"category\">ESTATAL<\/a>","_links":{"self":[{"href":"https:\/\/vocesdeveracruz.com.mx\/index.php?rest_route=\/wp\/v2\/posts\/5449","targetHints":{"allow":["GET"]}}],"collection":[{"href":"https:\/\/vocesdeveracruz.com.mx\/index.php?rest_route=\/wp\/v2\/posts"}],"about":[{"href":"https:\/\/vocesdeveracruz.com.mx\/index.php?rest_route=\/wp\/v2\/types\/post"}],"author":[{"embeddable":true,"href":"https:\/\/vocesdeveracruz.com.mx\/index.php?rest_route=\/wp\/v2\/users\/1"}],"replies":[{"embeddable":true,"href":"https:\/\/vocesdeveracruz.com.mx\/index.php?rest_route=%2Fwp%2Fv2%2Fcomments&post=5449"}],"version-history":[{"count":1,"href":"https:\/\/vocesdeveracruz.com.mx\/index.php?rest_route=\/wp\/v2\/posts\/5449\/revisions"}],"predecessor-version":[{"id":5451,"href":"https:\/\/vocesdeveracruz.com.mx\/index.php?rest_route=\/wp\/v2\/posts\/5449\/revisions\/5451"}],"wp:featuredmedia":[{"embeddable":true,"href":"https:\/\/vocesdeveracruz.com.mx\/index.php?rest_route=\/wp\/v2\/media\/5450"}],"wp:attachment":[{"href":"https:\/\/vocesdeveracruz.com.mx\/index.php?rest_route=%2Fwp%2Fv2%2Fmedia&parent=5449"}],"wp:term":[{"taxonomy":"category","embeddable":true,"href":"https:\/\/vocesdeveracruz.com.mx\/index.php?rest_route=%2Fwp%2Fv2%2Fcategories&post=5449"},{"taxonomy":"post_tag","embeddable":true,"href":"https:\/\/vocesdeveracruz.com.mx\/index.php?rest_route=%2Fwp%2Fv2%2Ftags&post=5449"}],"curies":[{"name":"wp","href":"https:\/\/api.w.org\/{rel}","templated":true}]}}