{"id":5441,"date":"2026-04-16T09:10:50","date_gmt":"2026-04-16T15:10:50","guid":{"rendered":"https:\/\/vocesdeveracruz.com.mx\/?p=5441"},"modified":"2026-04-16T09:10:50","modified_gmt":"2026-04-16T15:10:50","slug":"mortandad-de-peces-alarma-a-comunidades-en-el-sistema-lagunario-chairel","status":"publish","type":"post","link":"https:\/\/vocesdeveracruz.com.mx\/?p=5441","title":{"rendered":"Mortandad de peces alarma a comunidades en el sistema lagunario Chairel"},"content":{"rendered":"\n<p><\/p>\n\n\n\n<p><\/p>\n\n\n\n<p>P\u00e1nuco, Ver.- Vecinos de la localidad Mata de la Monteada reportaron una preocupante mortandad de peces en el Estero de Camalote, el cual forma parte del sistema lagunario Chairel, situaci\u00f3n que ha generado inquietud entre habitantes y pescadores de la zona.<\/p>\n\n\n\n<p>De acuerdo con los pobladores, este fen\u00f3meno ya suma tres d\u00edas consecutivos sin que autoridades como SEMARNAT, CONAGUA, PROFEPA o COMAPA hayan emitido alg\u00fan pronunciamiento o realizado inspecciones para atender el problema, lo que ha derivado en un foco de contaminaci\u00f3n por la descomposici\u00f3n de los ejemplares.<\/p>\n\n\n\n<p>Pescadores locales se\u00f1alaron que la causa principal podr\u00eda ser la interrupci\u00f3n en la migraci\u00f3n natural de las especies entre el agua dulce y salobre, derivado de las malas condiciones en que se encuentran las esclusas y compuertas del estero, lo que impide el flujo adecuado del agua.<\/p>\n\n\n\n<p>Explicaron que especies como carpas, bobos y plateados propias de agua dulce no logran adaptarse al agua salada, por lo que, en su intento por regresar a su h\u00e1bitat natural, terminan muriendo. Ante esta situaci\u00f3n, habitantes de comunidades como Cerro de Mayorazgo y Mata de la Monteada han comenzado a apoyar trasladando peces desde zonas salobres hacia \u00e1reas de agua dulce para evitar m\u00e1s p\u00e9rdidas.<\/p>\n\n\n\n<div class=\"wp-block-columns is-layout-flex wp-container-core-columns-is-layout-9d6595d7 wp-block-columns-is-layout-flex\">\n<div class=\"wp-block-column is-layout-flow wp-block-column-is-layout-flow\">\n<figure class=\"wp-block-image size-large\"><img loading=\"lazy\" decoding=\"async\" width=\"768\" height=\"1024\" src=\"https:\/\/vocesdeveracruz.com.mx\/wp-content\/uploads\/2026\/04\/235495-768x1024.jpg\" alt=\"\" class=\"wp-image-5443\" srcset=\"https:\/\/vocesdeveracruz.com.mx\/wp-content\/uploads\/2026\/04\/235495-768x1024.jpg 768w, https:\/\/vocesdeveracruz.com.mx\/wp-content\/uploads\/2026\/04\/235495-225x300.jpg 225w, https:\/\/vocesdeveracruz.com.mx\/wp-content\/uploads\/2026\/04\/235495.jpg 960w\" sizes=\"auto, (max-width: 768px) 100vw, 768px\" \/><\/figure>\n<\/div>\n\n\n\n<div class=\"wp-block-column is-layout-flow wp-block-column-is-layout-flow\">\n<figure class=\"wp-block-image size-full\"><img loading=\"lazy\" decoding=\"async\" width=\"720\" height=\"1007\" src=\"https:\/\/vocesdeveracruz.com.mx\/wp-content\/uploads\/2026\/04\/235496.jpg\" alt=\"\" class=\"wp-image-5444\" srcset=\"https:\/\/vocesdeveracruz.com.mx\/wp-content\/uploads\/2026\/04\/235496.jpg 720w, https:\/\/vocesdeveracruz.com.mx\/wp-content\/uploads\/2026\/04\/235496-214x300.jpg 214w\" sizes=\"auto, (max-width: 720px) 100vw, 720px\" \/><\/figure>\n<\/div>\n<\/div>\n\n\n\n<p><\/p>\n","protected":false},"excerpt":{"rendered":"<p>P\u00e1nuco, Ver.- Vecinos de la localidad Mata de la Monteada reportaron una preocupante mortandad de peces en el Estero de Camalote, el cual forma parte del sistema lagunario Chairel, situaci\u00f3n&hellip;<\/p>\n","protected":false},"author":1,"featured_media":5442,"comment_status":"open","ping_status":"closed","sticky":false,"template":"","format":"standard","meta":{"footnotes":""},"categories":[72],"tags":[],"class_list":["post-5441","post","type-post","status-publish","format-standard","has-post-thumbnail","hentry","category-local"],"magazineBlocksPostFeaturedMedia":{"thumbnail":"https:\/\/vocesdeveracruz.com.mx\/wp-content\/uploads\/2026\/04\/Photo_1776323002709-150x150.jpg","medium":"https:\/\/vocesdeveracruz.com.mx\/wp-content\/uploads\/2026\/04\/Photo_1776323002709-191x300.jpg","medium_large":"https:\/\/vocesdeveracruz.com.mx\/wp-content\/uploads\/2026\/04\/Photo_1776323002709.jpg","large":"https:\/\/vocesdeveracruz.com.mx\/wp-content\/uploads\/2026\/04\/Photo_1776323002709.jpg","1536x1536":"https:\/\/vocesdeveracruz.com.mx\/wp-content\/uploads\/2026\/04\/Photo_1776323002709.jpg","2048x2048":"https:\/\/vocesdeveracruz.com.mx\/wp-content\/uploads\/2026\/04\/Photo_1776323002709.jpg"},"magazineBlocksPostAuthor":{"name":"admin","avatar":"https:\/\/secure.gravatar.com\/avatar\/9d5013f9042ef2dfeb4122e9609da41e1858252ad644b84f2ec3a64ab59cceaf?s=96&d=mm&r=g"},"magazineBlocksPostCommentsNumber":"0","magazineBlocksPostExcerpt":"P\u00e1nuco, Ver.- Vecinos de la localidad Mata de la Monteada reportaron una preocupante mortandad de peces en el Estero de Camalote, el cual forma parte del sistema lagunario Chairel, situaci\u00f3n&hellip;","magazineBlocksPostCategories":["LOCAL"],"magazineBlocksPostViewCount":15,"magazineBlocksPostReadTime":2,"magazine_blocks_featured_image_url":{"full":["https:\/\/vocesdeveracruz.com.mx\/wp-content\/uploads\/2026\/04\/Photo_1776323002709.jpg",622,978,false],"medium":["https:\/\/vocesdeveracruz.com.mx\/wp-content\/uploads\/2026\/04\/Photo_1776323002709-191x300.jpg",191,300,true],"thumbnail":["https:\/\/vocesdeveracruz.com.mx\/wp-content\/uploads\/2026\/04\/Photo_1776323002709-150x150.jpg",150,150,true]},"magazine_blocks_author":{"display_name":"admin","author_link":"https:\/\/vocesdeveracruz.com.mx\/?author=1"},"magazine_blocks_comment":0,"magazine_blocks_author_image":"https:\/\/secure.gravatar.com\/avatar\/9d5013f9042ef2dfeb4122e9609da41e1858252ad644b84f2ec3a64ab59cceaf?s=96&d=mm&r=g","magazine_blocks_category":"<a href=\"https:\/\/vocesdeveracruz.com.mx\/?cat=72\" rel=\"category\">LOCAL<\/a>","_links":{"self":[{"href":"https:\/\/vocesdeveracruz.com.mx\/index.php?rest_route=\/wp\/v2\/posts\/5441","targetHints":{"allow":["GET"]}}],"collection":[{"href":"https:\/\/vocesdeveracruz.com.mx\/index.php?rest_route=\/wp\/v2\/posts"}],"about":[{"href":"https:\/\/vocesdeveracruz.com.mx\/index.php?rest_route=\/wp\/v2\/types\/post"}],"author":[{"embeddable":true,"href":"https:\/\/vocesdeveracruz.com.mx\/index.php?rest_route=\/wp\/v2\/users\/1"}],"replies":[{"embeddable":true,"href":"https:\/\/vocesdeveracruz.com.mx\/index.php?rest_route=%2Fwp%2Fv2%2Fcomments&post=5441"}],"version-history":[{"count":1,"href":"https:\/\/vocesdeveracruz.com.mx\/index.php?rest_route=\/wp\/v2\/posts\/5441\/revisions"}],"predecessor-version":[{"id":5445,"href":"https:\/\/vocesdeveracruz.com.mx\/index.php?rest_route=\/wp\/v2\/posts\/5441\/revisions\/5445"}],"wp:featuredmedia":[{"embeddable":true,"href":"https:\/\/vocesdeveracruz.com.mx\/index.php?rest_route=\/wp\/v2\/media\/5442"}],"wp:attachment":[{"href":"https:\/\/vocesdeveracruz.com.mx\/index.php?rest_route=%2Fwp%2Fv2%2Fmedia&parent=5441"}],"wp:term":[{"taxonomy":"category","embeddable":true,"href":"https:\/\/vocesdeveracruz.com.mx\/index.php?rest_route=%2Fwp%2Fv2%2Fcategories&post=5441"},{"taxonomy":"post_tag","embeddable":true,"href":"https:\/\/vocesdeveracruz.com.mx\/index.php?rest_route=%2Fwp%2Fv2%2Ftags&post=5441"}],"curies":[{"name":"wp","href":"https:\/\/api.w.org\/{rel}","templated":true}]}}