{"id":5421,"date":"2026-04-14T15:46:23","date_gmt":"2026-04-14T21:46:23","guid":{"rendered":"https:\/\/vocesdeveracruz.com.mx\/?p=5421"},"modified":"2026-04-14T15:46:23","modified_gmt":"2026-04-14T21:46:23","slug":"100-dias-de-trabajo-y-resultados-en-tantoyuca-alcalde-roberto-san-roman-destaca-avances","status":"publish","type":"post","link":"https:\/\/vocesdeveracruz.com.mx\/?p=5421","title":{"rendered":"100 d\u00edas de trabajo y resultados en Tantoyuca: alcalde Roberto San Rom\u00e1n destaca avances"},"content":{"rendered":"\n<p>Tantoyuca, Ver.- A 100 d\u00edas del inicio de su administraci\u00f3n, el alcalde Roberto San Rom\u00e1n afirm\u00f3 que en el municipio \u201clos compromisos se cumplen\u201d, destacando una serie de acciones enfocadas en mejorar la calidad de vida de la poblaci\u00f3n y sentar las bases de la transformaci\u00f3n en la ciudad.<\/p>\n\n\n\n<p>Durante este periodo, el gobierno municipal ha impulsado programas y obras en distintos rubros, logrando la entrega de m\u00e1s de 5 mil despensas a familias de colonias y comunidades, as\u00ed como la realizaci\u00f3n de 2,500 consultas m\u00e9dicas, fortaleciendo con ello el sistema de salud local y la atenci\u00f3n a sectores vulnerables.<\/p>\n\n\n\n<div class=\"wp-block-columns is-layout-flex wp-container-core-columns-is-layout-9d6595d7 wp-block-columns-is-layout-flex\">\n<div class=\"wp-block-column is-layout-flow wp-block-column-is-layout-flow\">\n<figure class=\"wp-block-image size-full\"><img loading=\"lazy\" decoding=\"async\" width=\"960\" height=\"640\" src=\"https:\/\/vocesdeveracruz.com.mx\/wp-content\/uploads\/2026\/04\/233937.jpg\" alt=\"\" class=\"wp-image-5423\" srcset=\"https:\/\/vocesdeveracruz.com.mx\/wp-content\/uploads\/2026\/04\/233937.jpg 960w, https:\/\/vocesdeveracruz.com.mx\/wp-content\/uploads\/2026\/04\/233937-300x200.jpg 300w, https:\/\/vocesdeveracruz.com.mx\/wp-content\/uploads\/2026\/04\/233937-768x512.jpg 768w\" sizes=\"auto, (max-width: 960px) 100vw, 960px\" \/><\/figure>\n<\/div>\n\n\n\n<div class=\"wp-block-column is-layout-flow wp-block-column-is-layout-flow\">\n<figure class=\"wp-block-image size-full\"><img loading=\"lazy\" decoding=\"async\" width=\"960\" height=\"640\" src=\"https:\/\/vocesdeveracruz.com.mx\/wp-content\/uploads\/2026\/04\/233938.jpg\" alt=\"\" class=\"wp-image-5424\" srcset=\"https:\/\/vocesdeveracruz.com.mx\/wp-content\/uploads\/2026\/04\/233938.jpg 960w, https:\/\/vocesdeveracruz.com.mx\/wp-content\/uploads\/2026\/04\/233938-300x200.jpg 300w, https:\/\/vocesdeveracruz.com.mx\/wp-content\/uploads\/2026\/04\/233938-768x512.jpg 768w\" sizes=\"auto, (max-width: 960px) 100vw, 960px\" \/><\/figure>\n<\/div>\n\n\n\n<div class=\"wp-block-column is-layout-flow wp-block-column-is-layout-flow\">\n<figure class=\"wp-block-image size-large\"><img loading=\"lazy\" decoding=\"async\" width=\"1024\" height=\"682\" src=\"https:\/\/vocesdeveracruz.com.mx\/wp-content\/uploads\/2026\/04\/233940-1024x682.jpg\" alt=\"\" class=\"wp-image-5425\" srcset=\"https:\/\/vocesdeveracruz.com.mx\/wp-content\/uploads\/2026\/04\/233940-1024x682.jpg 1024w, https:\/\/vocesdeveracruz.com.mx\/wp-content\/uploads\/2026\/04\/233940-300x200.jpg 300w, https:\/\/vocesdeveracruz.com.mx\/wp-content\/uploads\/2026\/04\/233940-768x512.jpg 768w, https:\/\/vocesdeveracruz.com.mx\/wp-content\/uploads\/2026\/04\/233940.jpg 1280w\" sizes=\"auto, (max-width: 1024px) 100vw, 1024px\" \/><\/figure>\n<\/div>\n<\/div>\n\n\n\n<p>Asimismo, se report\u00f3 la instalaci\u00f3n de m\u00e1s de 300 luminarias nuevas, adem\u00e1s de la ejecuci\u00f3n de obras y rehabilitaci\u00f3n de calles, carreteras y espacios p\u00fablicos. En materia de seguridad y atenci\u00f3n a emergencias, Protecci\u00f3n Civil fue reforzada con la incorporaci\u00f3n de una nueva pipa y una lancha, ampliando su capacidad de respuesta ante contingencias.<\/p>\n\n\n\n<p>El edil tambi\u00e9n resalt\u00f3 la realizaci\u00f3n de eventos como la Expoferia y el Carnaval Tantoyuca 2026, que reunieron a m\u00e1s de 70 mil visitantes, as\u00ed como un proceso democr\u00e1tico hist\u00f3rico donde las 28 congregaciones eligieron libremente a sus autoridades. Finalmente, subray\u00f3 que su gobierno continuar\u00e1 trabajando para rescatar, transformar y posicionar a Tantoyuca en el lugar que merece.<\/p>\n","protected":false},"excerpt":{"rendered":"<p>Tantoyuca, Ver.- A 100 d\u00edas del inicio de su administraci\u00f3n, el alcalde Roberto San Rom\u00e1n afirm\u00f3 que en el municipio \u201clos compromisos se cumplen\u201d, destacando una serie de acciones enfocadas&hellip;<\/p>\n","protected":false},"author":1,"featured_media":5422,"comment_status":"open","ping_status":"closed","sticky":false,"template":"","format":"standard","meta":{"footnotes":""},"categories":[75],"tags":[],"class_list":["post-5421","post","type-post","status-publish","format-standard","has-post-thumbnail","hentry","category-regional"],"magazineBlocksPostFeaturedMedia":{"thumbnail":"https:\/\/vocesdeveracruz.com.mx\/wp-content\/uploads\/2026\/04\/FB_IMG_1776202991495-150x150.jpg","medium":"https:\/\/vocesdeveracruz.com.mx\/wp-content\/uploads\/2026\/04\/FB_IMG_1776202991495-300x200.jpg","medium_large":"https:\/\/vocesdeveracruz.com.mx\/wp-content\/uploads\/2026\/04\/FB_IMG_1776202991495-768x512.jpg","large":"https:\/\/vocesdeveracruz.com.mx\/wp-content\/uploads\/2026\/04\/FB_IMG_1776202991495.jpg","1536x1536":"https:\/\/vocesdeveracruz.com.mx\/wp-content\/uploads\/2026\/04\/FB_IMG_1776202991495.jpg","2048x2048":"https:\/\/vocesdeveracruz.com.mx\/wp-content\/uploads\/2026\/04\/FB_IMG_1776202991495.jpg"},"magazineBlocksPostAuthor":{"name":"admin","avatar":"https:\/\/secure.gravatar.com\/avatar\/9d5013f9042ef2dfeb4122e9609da41e1858252ad644b84f2ec3a64ab59cceaf?s=96&d=mm&r=g"},"magazineBlocksPostCommentsNumber":"0","magazineBlocksPostExcerpt":"Tantoyuca, Ver.- A 100 d\u00edas del inicio de su administraci\u00f3n, el alcalde Roberto San Rom\u00e1n afirm\u00f3 que en el municipio \u201clos compromisos se cumplen\u201d, destacando una serie de acciones enfocadas&hellip;","magazineBlocksPostCategories":["REGIONAL"],"magazineBlocksPostViewCount":65,"magazineBlocksPostReadTime":2,"magazine_blocks_featured_image_url":{"full":["https:\/\/vocesdeveracruz.com.mx\/wp-content\/uploads\/2026\/04\/FB_IMG_1776202991495.jpg",960,640,false],"medium":["https:\/\/vocesdeveracruz.com.mx\/wp-content\/uploads\/2026\/04\/FB_IMG_1776202991495-300x200.jpg",300,200,true],"thumbnail":["https:\/\/vocesdeveracruz.com.mx\/wp-content\/uploads\/2026\/04\/FB_IMG_1776202991495-150x150.jpg",150,150,true]},"magazine_blocks_author":{"display_name":"admin","author_link":"https:\/\/vocesdeveracruz.com.mx\/?author=1"},"magazine_blocks_comment":0,"magazine_blocks_author_image":"https:\/\/secure.gravatar.com\/avatar\/9d5013f9042ef2dfeb4122e9609da41e1858252ad644b84f2ec3a64ab59cceaf?s=96&d=mm&r=g","magazine_blocks_category":"<a href=\"https:\/\/vocesdeveracruz.com.mx\/?cat=75\" rel=\"category\">REGIONAL<\/a>","_links":{"self":[{"href":"https:\/\/vocesdeveracruz.com.mx\/index.php?rest_route=\/wp\/v2\/posts\/5421","targetHints":{"allow":["GET"]}}],"collection":[{"href":"https:\/\/vocesdeveracruz.com.mx\/index.php?rest_route=\/wp\/v2\/posts"}],"about":[{"href":"https:\/\/vocesdeveracruz.com.mx\/index.php?rest_route=\/wp\/v2\/types\/post"}],"author":[{"embeddable":true,"href":"https:\/\/vocesdeveracruz.com.mx\/index.php?rest_route=\/wp\/v2\/users\/1"}],"replies":[{"embeddable":true,"href":"https:\/\/vocesdeveracruz.com.mx\/index.php?rest_route=%2Fwp%2Fv2%2Fcomments&post=5421"}],"version-history":[{"count":1,"href":"https:\/\/vocesdeveracruz.com.mx\/index.php?rest_route=\/wp\/v2\/posts\/5421\/revisions"}],"predecessor-version":[{"id":5426,"href":"https:\/\/vocesdeveracruz.com.mx\/index.php?rest_route=\/wp\/v2\/posts\/5421\/revisions\/5426"}],"wp:featuredmedia":[{"embeddable":true,"href":"https:\/\/vocesdeveracruz.com.mx\/index.php?rest_route=\/wp\/v2\/media\/5422"}],"wp:attachment":[{"href":"https:\/\/vocesdeveracruz.com.mx\/index.php?rest_route=%2Fwp%2Fv2%2Fmedia&parent=5421"}],"wp:term":[{"taxonomy":"category","embeddable":true,"href":"https:\/\/vocesdeveracruz.com.mx\/index.php?rest_route=%2Fwp%2Fv2%2Fcategories&post=5421"},{"taxonomy":"post_tag","embeddable":true,"href":"https:\/\/vocesdeveracruz.com.mx\/index.php?rest_route=%2Fwp%2Fv2%2Ftags&post=5421"}],"curies":[{"name":"wp","href":"https:\/\/api.w.org\/{rel}","templated":true}]}}