{"id":5416,"date":"2026-04-11T10:05:37","date_gmt":"2026-04-11T16:05:37","guid":{"rendered":"https:\/\/vocesdeveracruz.com.mx\/?p=5416"},"modified":"2026-04-11T10:05:37","modified_gmt":"2026-04-11T16:05:37","slug":"poderes-legislativo-y-ejecutivo-suman-esfuerzos-por-el-bien-de-veracruz","status":"publish","type":"post","link":"https:\/\/vocesdeveracruz.com.mx\/?p=5416","title":{"rendered":"Poderes Legislativo y Ejecutivo suman esfuerzos por el bien de Veracruz"},"content":{"rendered":"\n<p>El Grupo Legislativo de Morena, encabezado por su coordinador, el diputado Esteban Bautista Hern\u00e1ndez, y por la Presidenta de la Mesa Directiva del Congreso, diputada Naomi Edith G\u00f3mez Santos, se reuni\u00f3 con la gobernadora de Veracruz, Roc\u00edo Nahle Garc\u00eda, quien destac\u00f3 el respaldo de la LXVII Legislatura a las minutas para reformar la Constituci\u00f3n federal.<\/p>\n\n\n\n<p>Durante la reuni\u00f3n de trabajo efectuada en Palacio de Gobierno, las y los legisladores explicaron que las reformas aprobadas en lo que va del Segundo Periodo Ordinario de Sesiones del Segundo A\u00f1o de Labores por cuanto al l\u00edmite a las jubilaciones y pensiones de las entidades p\u00fablicas, as\u00ed como en materia electoral y de administraci\u00f3n p\u00fablica, remitidas ambas por la C\u00e1mara de Diputados del Congreso de la Uni\u00f3n, responden a un compromiso social con el pueblo no s\u00f3lo de Veracruz, sino de todo M\u00e9xico.<\/p>\n\n\n\n<div class=\"wp-block-columns is-layout-flex wp-container-core-columns-is-layout-9d6595d7 wp-block-columns-is-layout-flex\">\n<div class=\"wp-block-column is-layout-flow wp-block-column-is-layout-flow\">\n<figure class=\"wp-block-image size-large is-resized\"><img loading=\"lazy\" decoding=\"async\" width=\"1024\" height=\"683\" src=\"https:\/\/vocesdeveracruz.com.mx\/wp-content\/uploads\/2026\/04\/669608302_1376389631184974_3755345556373339057_n-1024x683.jpg\" alt=\"\" class=\"wp-image-5417\" style=\"aspect-ratio:1.4992850406157778;width:484px;height:auto\" srcset=\"https:\/\/vocesdeveracruz.com.mx\/wp-content\/uploads\/2026\/04\/669608302_1376389631184974_3755345556373339057_n-1024x683.jpg 1024w, https:\/\/vocesdeveracruz.com.mx\/wp-content\/uploads\/2026\/04\/669608302_1376389631184974_3755345556373339057_n-300x200.jpg 300w, https:\/\/vocesdeveracruz.com.mx\/wp-content\/uploads\/2026\/04\/669608302_1376389631184974_3755345556373339057_n-768x512.jpg 768w, https:\/\/vocesdeveracruz.com.mx\/wp-content\/uploads\/2026\/04\/669608302_1376389631184974_3755345556373339057_n.jpg 1280w\" sizes=\"auto, (max-width: 1024px) 100vw, 1024px\" \/><\/figure>\n<\/div>\n\n\n\n<div class=\"wp-block-column is-layout-flow wp-block-column-is-layout-flow\">\n<figure class=\"wp-block-image size-large is-resized\"><img loading=\"lazy\" decoding=\"async\" width=\"1024\" height=\"461\" src=\"https:\/\/vocesdeveracruz.com.mx\/wp-content\/uploads\/2026\/04\/669724480_1376389484518322_3486741717753397277_n-1024x461.jpg\" alt=\"\" class=\"wp-image-5418\" style=\"aspect-ratio:2.2213207121929233;width:706px;height:auto\" srcset=\"https:\/\/vocesdeveracruz.com.mx\/wp-content\/uploads\/2026\/04\/669724480_1376389484518322_3486741717753397277_n-1024x461.jpg 1024w, https:\/\/vocesdeveracruz.com.mx\/wp-content\/uploads\/2026\/04\/669724480_1376389484518322_3486741717753397277_n-300x135.jpg 300w, https:\/\/vocesdeveracruz.com.mx\/wp-content\/uploads\/2026\/04\/669724480_1376389484518322_3486741717753397277_n-768x346.jpg 768w, https:\/\/vocesdeveracruz.com.mx\/wp-content\/uploads\/2026\/04\/669724480_1376389484518322_3486741717753397277_n.jpg 1280w\" sizes=\"auto, (max-width: 1024px) 100vw, 1024px\" \/><\/figure>\n<\/div>\n<\/div>\n\n\n\n<p>Al respecto, la titular del Poder Ejecutivo reconoci\u00f3 el trabajo coordinado, la unidad y la convicci\u00f3n de las y los diputados locales al impulsar reformas que acaban con los privilegios de unos cu\u00e1ntos, poniendo por encima las necesidades de la poblaci\u00f3n.<\/p>\n","protected":false},"excerpt":{"rendered":"<p>El Grupo Legislativo de Morena, encabezado por su coordinador, el diputado Esteban Bautista Hern\u00e1ndez, y por la Presidenta de la Mesa Directiva del Congreso, diputada Naomi Edith G\u00f3mez Santos, se&hellip;<\/p>\n","protected":false},"author":1,"featured_media":5419,"comment_status":"open","ping_status":"closed","sticky":false,"template":"","format":"standard","meta":{"footnotes":""},"categories":[71],"tags":[],"class_list":["post-5416","post","type-post","status-publish","format-standard","has-post-thumbnail","hentry","category-estatal"],"magazineBlocksPostFeaturedMedia":{"thumbnail":"https:\/\/vocesdeveracruz.com.mx\/wp-content\/uploads\/2026\/04\/668942902_1376389637851640_2006683264652469587_n-150x150.jpg","medium":"https:\/\/vocesdeveracruz.com.mx\/wp-content\/uploads\/2026\/04\/668942902_1376389637851640_2006683264652469587_n-300x200.jpg","medium_large":"https:\/\/vocesdeveracruz.com.mx\/wp-content\/uploads\/2026\/04\/668942902_1376389637851640_2006683264652469587_n-768x512.jpg","large":"https:\/\/vocesdeveracruz.com.mx\/wp-content\/uploads\/2026\/04\/668942902_1376389637851640_2006683264652469587_n-1024x683.jpg","1536x1536":"https:\/\/vocesdeveracruz.com.mx\/wp-content\/uploads\/2026\/04\/668942902_1376389637851640_2006683264652469587_n.jpg","2048x2048":"https:\/\/vocesdeveracruz.com.mx\/wp-content\/uploads\/2026\/04\/668942902_1376389637851640_2006683264652469587_n.jpg"},"magazineBlocksPostAuthor":{"name":"admin","avatar":"https:\/\/secure.gravatar.com\/avatar\/9d5013f9042ef2dfeb4122e9609da41e1858252ad644b84f2ec3a64ab59cceaf?s=96&d=mm&r=g"},"magazineBlocksPostCommentsNumber":"0","magazineBlocksPostExcerpt":"El Grupo Legislativo de Morena, encabezado por su coordinador, el diputado Esteban Bautista Hern\u00e1ndez, y por la Presidenta de la Mesa Directiva del Congreso, diputada Naomi Edith G\u00f3mez Santos, se&hellip;","magazineBlocksPostCategories":["ESTATAL"],"magazineBlocksPostViewCount":47,"magazineBlocksPostReadTime":1,"magazine_blocks_featured_image_url":{"full":["https:\/\/vocesdeveracruz.com.mx\/wp-content\/uploads\/2026\/04\/668942902_1376389637851640_2006683264652469587_n.jpg",1280,854,false],"medium":["https:\/\/vocesdeveracruz.com.mx\/wp-content\/uploads\/2026\/04\/668942902_1376389637851640_2006683264652469587_n-300x200.jpg",300,200,true],"thumbnail":["https:\/\/vocesdeveracruz.com.mx\/wp-content\/uploads\/2026\/04\/668942902_1376389637851640_2006683264652469587_n-150x150.jpg",150,150,true]},"magazine_blocks_author":{"display_name":"admin","author_link":"https:\/\/vocesdeveracruz.com.mx\/?author=1"},"magazine_blocks_comment":0,"magazine_blocks_author_image":"https:\/\/secure.gravatar.com\/avatar\/9d5013f9042ef2dfeb4122e9609da41e1858252ad644b84f2ec3a64ab59cceaf?s=96&d=mm&r=g","magazine_blocks_category":"<a href=\"https:\/\/vocesdeveracruz.com.mx\/?cat=71\" rel=\"category\">ESTATAL<\/a>","_links":{"self":[{"href":"https:\/\/vocesdeveracruz.com.mx\/index.php?rest_route=\/wp\/v2\/posts\/5416","targetHints":{"allow":["GET"]}}],"collection":[{"href":"https:\/\/vocesdeveracruz.com.mx\/index.php?rest_route=\/wp\/v2\/posts"}],"about":[{"href":"https:\/\/vocesdeveracruz.com.mx\/index.php?rest_route=\/wp\/v2\/types\/post"}],"author":[{"embeddable":true,"href":"https:\/\/vocesdeveracruz.com.mx\/index.php?rest_route=\/wp\/v2\/users\/1"}],"replies":[{"embeddable":true,"href":"https:\/\/vocesdeveracruz.com.mx\/index.php?rest_route=%2Fwp%2Fv2%2Fcomments&post=5416"}],"version-history":[{"count":1,"href":"https:\/\/vocesdeveracruz.com.mx\/index.php?rest_route=\/wp\/v2\/posts\/5416\/revisions"}],"predecessor-version":[{"id":5420,"href":"https:\/\/vocesdeveracruz.com.mx\/index.php?rest_route=\/wp\/v2\/posts\/5416\/revisions\/5420"}],"wp:featuredmedia":[{"embeddable":true,"href":"https:\/\/vocesdeveracruz.com.mx\/index.php?rest_route=\/wp\/v2\/media\/5419"}],"wp:attachment":[{"href":"https:\/\/vocesdeveracruz.com.mx\/index.php?rest_route=%2Fwp%2Fv2%2Fmedia&parent=5416"}],"wp:term":[{"taxonomy":"category","embeddable":true,"href":"https:\/\/vocesdeveracruz.com.mx\/index.php?rest_route=%2Fwp%2Fv2%2Fcategories&post=5416"},{"taxonomy":"post_tag","embeddable":true,"href":"https:\/\/vocesdeveracruz.com.mx\/index.php?rest_route=%2Fwp%2Fv2%2Ftags&post=5416"}],"curies":[{"name":"wp","href":"https:\/\/api.w.org\/{rel}","templated":true}]}}