{"id":5413,"date":"2026-04-09T18:16:31","date_gmt":"2026-04-10T00:16:31","guid":{"rendered":"https:\/\/vocesdeveracruz.com.mx\/?p=5413"},"modified":"2026-04-09T18:16:31","modified_gmt":"2026-04-10T00:16:31","slug":"propone-diputada-reforma-que-reestructuraria-la-ceapp","status":"publish","type":"post","link":"https:\/\/vocesdeveracruz.com.mx\/?p=5413","title":{"rendered":"Propone diputada reforma que reestructurar\u00eda la CEAPP"},"content":{"rendered":"\n<p>La diputada Ana Rosa Vald\u00e9s Salazar present\u00f3 al Pleno de la LXVII Legislatura una iniciativa con proyecto de decreto que reformar\u00eda el Art\u00edculo 67, fracci\u00f3n V, incisos B y C, de la Constituci\u00f3n Pol\u00edtica del Estado, con la finalidad de reducir de 9 a 5 el n\u00famero de integrantes de la Comisi\u00f3n Estatal para la Atenci\u00f3n y Protecci\u00f3n de los Periodistas (CEAPP) y eliminar la facultad de la persona titular del Poder Ejecutivo de realizar la propuesta de quienes conforman dicho organismo, otorg\u00e1ndola en su lugar al Congreso del Estado para que \u00e9ste emita la convocatoria respectiva.<\/p>\n\n\n\n<p>La coordinadora del Grupo Legislativo Mixto Veracruz nos Une (VNU) advirti\u00f3 la importancia del periodismo como intermediario entre gobernantes y gobernados, por lo que \u2013indic\u00f3- se convierte en un elemento de la democracia y, en consecuencia, debe garantizarse a quienes realizan esa actividad un desempe\u00f1o seguro en su funci\u00f3n de informar, analizar o criticar acontecimientos, demandas sociales, decisiones de los poderes p\u00fablicos y todo cuanto incumbe a la colectividad.<\/p>\n\n\n\n<p>Asever\u00f3 que la conciencia de la realidad motiv\u00f3 en 2012 la creaci\u00f3n de la CEAPP como organismo aut\u00f3nomo del Estado, con personalidad jur\u00eddica y patrimonio propios, autonom\u00eda t\u00e9cnica, presupuestal y de gesti\u00f3n, responsable de atender y proteger la integridad de los periodistas, as\u00ed como de promover las condiciones para el libre ejercicio de la profesi\u00f3n del periodismo, con pleno respeto al derecho a la informaci\u00f3n p\u00fablica y a la libertad de expresi\u00f3n.<\/p>\n\n\n\n<p>La legisladora puntualiz\u00f3 que, en consecuencia, presenta la propuesta a solicitud expresa de las y los periodistas y que consiste en reformar la legislaci\u00f3n local para que la CEAPP se integre s\u00f3lo por periodistas propuestos por sus colegas y un Secretario Ejecutivo propuesto por la persona titular de la Gubernatura del Estado.<\/p>\n\n\n\n<p>De acuerdo con el contenido de la iniciativa, se establecer\u00eda que la Comisi\u00f3n se integrar\u00eda por cuatro periodistas y un acad\u00e9mico dedicado a tareas de ense\u00f1anza, difusi\u00f3n o investigaci\u00f3n relacionadas con el periodismo, quienes tendr\u00e1n el car\u00e1cter de Comisionados; y un Secretario Ejecutivo, que participar\u00e1 en las sesiones de la misma con voz pero sin voto.<\/p>\n\n\n\n<p>Los Comisionados y el Secretario Ejecutivo ser\u00e1n nombrados por el Congreso del Estado, con el voto de las dos terceras partes de los diputados presentes, y durar\u00e1n en su encargo cuatro a\u00f1os con posibilidad de reelecci\u00f3n por una sola vez.<\/p>\n\n\n\n<p>Al efecto, el Congreso emitir\u00e1 convocatoria a los periodistas del Estado para que, por s\u00ed o a trav\u00e9s de sus agrupaciones o medios de comunicaci\u00f3n, propongan como Comisionados a profesionales del periodismo y acad\u00e9micos vinculados con este ejercicio profesional.<\/p>\n\n\n\n<p>El Secretario Ejecutivo ser\u00e1 propuesto por la persona titular de la Gubernatura del Estado. La Ley se\u00f1alar\u00e1 el procedimiento para la designaci\u00f3n del Presidente de la Comisi\u00f3n, as\u00ed como las atribuciones de \u00e9ste, de los dem\u00e1s Comisionados y del Secretario Ejecutivo.<\/p>\n\n\n\n<p>La iniciativa fue turnada para su an\u00e1lisis a las Comisiones Permanentes Unidas de Justicia y Puntos Constitucionales, y de Atenci\u00f3n y Protecci\u00f3n de los Periodistas.<\/p>\n","protected":false},"excerpt":{"rendered":"<p>La diputada Ana Rosa Vald\u00e9s Salazar present\u00f3 al Pleno de la LXVII Legislatura una iniciativa con proyecto de decreto que reformar\u00eda el Art\u00edculo 67, fracci\u00f3n V, incisos B y C,&hellip;<\/p>\n","protected":false},"author":1,"featured_media":5414,"comment_status":"open","ping_status":"closed","sticky":false,"template":"","format":"standard","meta":{"footnotes":""},"categories":[71],"tags":[],"class_list":["post-5413","post","type-post","status-publish","format-standard","has-post-thumbnail","hentry","category-estatal"],"magazineBlocksPostFeaturedMedia":{"thumbnail":"https:\/\/vocesdeveracruz.com.mx\/wp-content\/uploads\/2026\/04\/NOV09ABRIL2026ANAR-150x150.jpg","medium":"https:\/\/vocesdeveracruz.com.mx\/wp-content\/uploads\/2026\/04\/NOV09ABRIL2026ANAR-300x200.jpg","medium_large":"https:\/\/vocesdeveracruz.com.mx\/wp-content\/uploads\/2026\/04\/NOV09ABRIL2026ANAR-768x511.jpg","large":"https:\/\/vocesdeveracruz.com.mx\/wp-content\/uploads\/2026\/04\/NOV09ABRIL2026ANAR-1024x682.jpg","1536x1536":"https:\/\/vocesdeveracruz.com.mx\/wp-content\/uploads\/2026\/04\/NOV09ABRIL2026ANAR.jpg","2048x2048":"https:\/\/vocesdeveracruz.com.mx\/wp-content\/uploads\/2026\/04\/NOV09ABRIL2026ANAR.jpg"},"magazineBlocksPostAuthor":{"name":"admin","avatar":"https:\/\/secure.gravatar.com\/avatar\/9d5013f9042ef2dfeb4122e9609da41e1858252ad644b84f2ec3a64ab59cceaf?s=96&d=mm&r=g"},"magazineBlocksPostCommentsNumber":"0","magazineBlocksPostExcerpt":"La diputada Ana Rosa Vald\u00e9s Salazar present\u00f3 al Pleno de la LXVII Legislatura una iniciativa con proyecto de decreto que reformar\u00eda el Art\u00edculo 67, fracci\u00f3n V, incisos B y C,&hellip;","magazineBlocksPostCategories":["ESTATAL"],"magazineBlocksPostViewCount":29,"magazineBlocksPostReadTime":3,"magazine_blocks_featured_image_url":{"full":["https:\/\/vocesdeveracruz.com.mx\/wp-content\/uploads\/2026\/04\/NOV09ABRIL2026ANAR.jpg",1280,852,false],"medium":["https:\/\/vocesdeveracruz.com.mx\/wp-content\/uploads\/2026\/04\/NOV09ABRIL2026ANAR-300x200.jpg",300,200,true],"thumbnail":["https:\/\/vocesdeveracruz.com.mx\/wp-content\/uploads\/2026\/04\/NOV09ABRIL2026ANAR-150x150.jpg",150,150,true]},"magazine_blocks_author":{"display_name":"admin","author_link":"https:\/\/vocesdeveracruz.com.mx\/?author=1"},"magazine_blocks_comment":0,"magazine_blocks_author_image":"https:\/\/secure.gravatar.com\/avatar\/9d5013f9042ef2dfeb4122e9609da41e1858252ad644b84f2ec3a64ab59cceaf?s=96&d=mm&r=g","magazine_blocks_category":"<a href=\"https:\/\/vocesdeveracruz.com.mx\/?cat=71\" rel=\"category\">ESTATAL<\/a>","_links":{"self":[{"href":"https:\/\/vocesdeveracruz.com.mx\/index.php?rest_route=\/wp\/v2\/posts\/5413","targetHints":{"allow":["GET"]}}],"collection":[{"href":"https:\/\/vocesdeveracruz.com.mx\/index.php?rest_route=\/wp\/v2\/posts"}],"about":[{"href":"https:\/\/vocesdeveracruz.com.mx\/index.php?rest_route=\/wp\/v2\/types\/post"}],"author":[{"embeddable":true,"href":"https:\/\/vocesdeveracruz.com.mx\/index.php?rest_route=\/wp\/v2\/users\/1"}],"replies":[{"embeddable":true,"href":"https:\/\/vocesdeveracruz.com.mx\/index.php?rest_route=%2Fwp%2Fv2%2Fcomments&post=5413"}],"version-history":[{"count":1,"href":"https:\/\/vocesdeveracruz.com.mx\/index.php?rest_route=\/wp\/v2\/posts\/5413\/revisions"}],"predecessor-version":[{"id":5415,"href":"https:\/\/vocesdeveracruz.com.mx\/index.php?rest_route=\/wp\/v2\/posts\/5413\/revisions\/5415"}],"wp:featuredmedia":[{"embeddable":true,"href":"https:\/\/vocesdeveracruz.com.mx\/index.php?rest_route=\/wp\/v2\/media\/5414"}],"wp:attachment":[{"href":"https:\/\/vocesdeveracruz.com.mx\/index.php?rest_route=%2Fwp%2Fv2%2Fmedia&parent=5413"}],"wp:term":[{"taxonomy":"category","embeddable":true,"href":"https:\/\/vocesdeveracruz.com.mx\/index.php?rest_route=%2Fwp%2Fv2%2Fcategories&post=5413"},{"taxonomy":"post_tag","embeddable":true,"href":"https:\/\/vocesdeveracruz.com.mx\/index.php?rest_route=%2Fwp%2Fv2%2Ftags&post=5413"}],"curies":[{"name":"wp","href":"https:\/\/api.w.org\/{rel}","templated":true}]}}