{"id":5410,"date":"2026-04-09T18:15:48","date_gmt":"2026-04-10T00:15:48","guid":{"rendered":"https:\/\/vocesdeveracruz.com.mx\/?p=5410"},"modified":"2026-04-09T18:15:48","modified_gmt":"2026-04-10T00:15:48","slug":"tendrian-ayuntamientos-atribuciones-para-promover-creacion-de-empresas-turisticas","status":"publish","type":"post","link":"https:\/\/vocesdeveracruz.com.mx\/?p=5410","title":{"rendered":"Tendr\u00edan Ayuntamientos atribuciones para promover creaci\u00f3n de empresas tur\u00edsticas"},"content":{"rendered":"\n<p>La diputada Mar\u00eda Elena C\u00f3rdova Molina present\u00f3 al Pleno de la LXVII Legislatura una iniciativa que reformar\u00eda la fracci\u00f3n XIII del Art\u00edculo 6 de la Ley de Turismo del estado para establecer como atribuci\u00f3n de los Ayuntamientos la promoci\u00f3n, mediante la creaci\u00f3n de incentivos y la puesta en marcha de acciones sustentadas en la mejora regulatoria, el impulso de las micro, peque\u00f1as y medianas empresas tur\u00edsticas.<\/p>\n\n\n\n<p>Durante su intervenci\u00f3n en la Segunda Sesi\u00f3n del Segundo Periodo Ordinario, correspondiente al Segundo A\u00f1o de la Labores, la diputada de Movimiento Ciudadano (MC) dijo que el Art\u00edculo 6 de la Ley de Turismo se\u00f1ala un conjunto de atribuciones para que las administraciones municipales sean part\u00edcipes de actos que otorguen al turismo su lugar leg\u00edtimo como palanca de desarrollo.<\/p>\n\n\n\n<p>Agreg\u00f3 que en el caso espec\u00edfico de la fracci\u00f3n XIII del citado Art\u00edculo, se observa que los Ayuntamientos tienen la posibilidad de promover el impulso de las micro, peque\u00f1as y medianas empresas tur\u00edsticas. \u201cPese a ser una atribuci\u00f3n de noble intenci\u00f3n, para evitar se quede \u00fanicamente en eso, es crucial reformar esa porci\u00f3n normativa con la finalidad de darle un nuevo dinamismo y, de paso, terminar con una ambig\u00fcedad, porque se dice qu\u00e9 hacer, pero no c\u00f3mo\u201d, precis\u00f3.<\/p>\n\n\n\n<p>Por consiguiente, indic\u00f3 la diputada Elena C\u00f3rdova, se plantea clarificar esa atribuci\u00f3n para que la promoci\u00f3n de las micro, peque\u00f1as y medianas empresas tur\u00edsticas, a cargo de los Ayuntamientos, se intensifique con la creaci\u00f3n de incentivos, mismos que pudieran consistir en descuentos en los pagos de impuestos y derechos, inclusive apoyar con cr\u00e9ditos a quienes tengan dificultades para acceder a uno por la v\u00eda bancaria.<\/p>\n\n\n\n<p>Asimismo, la legisladora destac\u00f3 que quedar\u00e1 en los gobiernos municipales el decidir la manera de ayudar de acuerdo a sus condiciones financieras.<\/p>\n\n\n\n<p>\u201cQue los sacrificios de emprendedoras y emprendedores, que luchan por salir adelante en sus micro, peque\u00f1os y medianos negocios, se recompensen con mejores esquemas de apoyo institucionales en aras de expandir sus proyectos hasta donde lleguen sus \u00edmpetus\u201d, concluy\u00f3.<\/p>\n\n\n\n<p>La iniciativa fue turnada a la Comisi\u00f3n Permanente de Turismo, para el tr\u00e1mite correspondiente.<\/p>\n","protected":false},"excerpt":{"rendered":"<p>La diputada Mar\u00eda Elena C\u00f3rdova Molina present\u00f3 al Pleno de la LXVII Legislatura una iniciativa que reformar\u00eda la fracci\u00f3n XIII del Art\u00edculo 6 de la Ley de Turismo del estado&hellip;<\/p>\n","protected":false},"author":1,"featured_media":5411,"comment_status":"open","ping_status":"closed","sticky":false,"template":"","format":"standard","meta":{"footnotes":""},"categories":[71],"tags":[],"class_list":["post-5410","post","type-post","status-publish","format-standard","has-post-thumbnail","hentry","category-estatal"],"magazineBlocksPostFeaturedMedia":{"thumbnail":"https:\/\/vocesdeveracruz.com.mx\/wp-content\/uploads\/2026\/04\/NOV09ABRIL2026ELENA-150x150.jpg","medium":"https:\/\/vocesdeveracruz.com.mx\/wp-content\/uploads\/2026\/04\/NOV09ABRIL2026ELENA-300x200.jpg","medium_large":"https:\/\/vocesdeveracruz.com.mx\/wp-content\/uploads\/2026\/04\/NOV09ABRIL2026ELENA-768x511.jpg","large":"https:\/\/vocesdeveracruz.com.mx\/wp-content\/uploads\/2026\/04\/NOV09ABRIL2026ELENA-1024x682.jpg","1536x1536":"https:\/\/vocesdeveracruz.com.mx\/wp-content\/uploads\/2026\/04\/NOV09ABRIL2026ELENA.jpg","2048x2048":"https:\/\/vocesdeveracruz.com.mx\/wp-content\/uploads\/2026\/04\/NOV09ABRIL2026ELENA.jpg"},"magazineBlocksPostAuthor":{"name":"admin","avatar":"https:\/\/secure.gravatar.com\/avatar\/9d5013f9042ef2dfeb4122e9609da41e1858252ad644b84f2ec3a64ab59cceaf?s=96&d=mm&r=g"},"magazineBlocksPostCommentsNumber":"0","magazineBlocksPostExcerpt":"La diputada Mar\u00eda Elena C\u00f3rdova Molina present\u00f3 al Pleno de la LXVII Legislatura una iniciativa que reformar\u00eda la fracci\u00f3n XIII del Art\u00edculo 6 de la Ley de Turismo del estado&hellip;","magazineBlocksPostCategories":["ESTATAL"],"magazineBlocksPostViewCount":24,"magazineBlocksPostReadTime":2,"magazine_blocks_featured_image_url":{"full":["https:\/\/vocesdeveracruz.com.mx\/wp-content\/uploads\/2026\/04\/NOV09ABRIL2026ELENA.jpg",1280,852,false],"medium":["https:\/\/vocesdeveracruz.com.mx\/wp-content\/uploads\/2026\/04\/NOV09ABRIL2026ELENA-300x200.jpg",300,200,true],"thumbnail":["https:\/\/vocesdeveracruz.com.mx\/wp-content\/uploads\/2026\/04\/NOV09ABRIL2026ELENA-150x150.jpg",150,150,true]},"magazine_blocks_author":{"display_name":"admin","author_link":"https:\/\/vocesdeveracruz.com.mx\/?author=1"},"magazine_blocks_comment":0,"magazine_blocks_author_image":"https:\/\/secure.gravatar.com\/avatar\/9d5013f9042ef2dfeb4122e9609da41e1858252ad644b84f2ec3a64ab59cceaf?s=96&d=mm&r=g","magazine_blocks_category":"<a href=\"https:\/\/vocesdeveracruz.com.mx\/?cat=71\" rel=\"category\">ESTATAL<\/a>","_links":{"self":[{"href":"https:\/\/vocesdeveracruz.com.mx\/index.php?rest_route=\/wp\/v2\/posts\/5410","targetHints":{"allow":["GET"]}}],"collection":[{"href":"https:\/\/vocesdeveracruz.com.mx\/index.php?rest_route=\/wp\/v2\/posts"}],"about":[{"href":"https:\/\/vocesdeveracruz.com.mx\/index.php?rest_route=\/wp\/v2\/types\/post"}],"author":[{"embeddable":true,"href":"https:\/\/vocesdeveracruz.com.mx\/index.php?rest_route=\/wp\/v2\/users\/1"}],"replies":[{"embeddable":true,"href":"https:\/\/vocesdeveracruz.com.mx\/index.php?rest_route=%2Fwp%2Fv2%2Fcomments&post=5410"}],"version-history":[{"count":1,"href":"https:\/\/vocesdeveracruz.com.mx\/index.php?rest_route=\/wp\/v2\/posts\/5410\/revisions"}],"predecessor-version":[{"id":5412,"href":"https:\/\/vocesdeveracruz.com.mx\/index.php?rest_route=\/wp\/v2\/posts\/5410\/revisions\/5412"}],"wp:featuredmedia":[{"embeddable":true,"href":"https:\/\/vocesdeveracruz.com.mx\/index.php?rest_route=\/wp\/v2\/media\/5411"}],"wp:attachment":[{"href":"https:\/\/vocesdeveracruz.com.mx\/index.php?rest_route=%2Fwp%2Fv2%2Fmedia&parent=5410"}],"wp:term":[{"taxonomy":"category","embeddable":true,"href":"https:\/\/vocesdeveracruz.com.mx\/index.php?rest_route=%2Fwp%2Fv2%2Fcategories&post=5410"},{"taxonomy":"post_tag","embeddable":true,"href":"https:\/\/vocesdeveracruz.com.mx\/index.php?rest_route=%2Fwp%2Fv2%2Ftags&post=5410"}],"curies":[{"name":"wp","href":"https:\/\/api.w.org\/{rel}","templated":true}]}}