{"id":5407,"date":"2026-04-09T18:14:43","date_gmt":"2026-04-10T00:14:43","guid":{"rendered":"https:\/\/vocesdeveracruz.com.mx\/?p=5407"},"modified":"2026-04-09T18:14:43","modified_gmt":"2026-04-10T00:14:43","slug":"busca-diputado-proteccion-a-menores-en-actividades-deportivas","status":"publish","type":"post","link":"https:\/\/vocesdeveracruz.com.mx\/?p=5407","title":{"rendered":"Busca diputado protecci\u00f3n a menores en actividades deportivas"},"content":{"rendered":"\n<p>El diputado Adri\u00e1n Sigfrido \u00c1vila Estrada propuso actualizar tres leyes estatales a fin de proteger a la ni\u00f1ez y adolescencia veracruzanas en actividades y espacios deportivos y garantizar as\u00ed la seguridad en entornos de convivencia, formaci\u00f3n y bienestar, mediante la prevenci\u00f3n de riesgos.<\/p>\n\n\n\n<p>La Iniciativa, presentada durante la Segunda Sesi\u00f3n del Segundo Periodo Ordinario del segundo a\u00f1o de esta legislatura, busca que los ayuntamientos regulen la forma, lugares, horarios, modalidades y dem\u00e1s aspectos relativos a la venta y consumo de bebidas alcoh\u00f3licas en actividades de esta naturaleza a las que acudan ni\u00f1as, ni\u00f1os y adolescentes, como participantes o espectadores.<\/p>\n\n\n\n<p>Tambi\u00e9n plantea ampliar la obligaci\u00f3n de las autoridades de garantizar que las actividades relacionadas con la cultura f\u00edsica y el deporte se desarrollen en entornos seguros, libres de violencia, discriminaci\u00f3n y de cualquier conducta que ponga en riesgo su bienestar.<\/p>\n\n\n\n<p>A\u00f1ade a esto incluir y precisar en las atribuciones de los ayuntamientos, de las Comisiones de Educaci\u00f3n, Recreaci\u00f3n, Cultura, Actos C\u00edvicos y Fomento Deportivo, la facultad de fijar condiciones para regular la venta y vigilar el consumo de bebidas alcoh\u00f3licas en eventos deportivos donde participen o asistan ni\u00f1as, ni\u00f1os y adolescentes.<\/p>\n\n\n\n<p>El prop\u00f3sito, precisa el proyecto legislativo, es restringir temporalmente la venta durante los horarios en que se realicen dichos eventos, lo cual, aclara, no supone costos directos para la administraci\u00f3n p\u00fablica.<\/p>\n\n\n\n<p>El autor de la propuesta advierte que \u00e9sta no pretende limitar la convivencia ni restringir actividades recreativas, sino garantizar que los espacios deportivos cumplan su funci\u00f3n social como entornos de formaci\u00f3n, convivencia pac\u00edfica y bienestar.<\/p>\n\n\n\n<p>Con la adhesi\u00f3n del Grupo Legislativo del Partido Verde Ecologista de M\u00e9xico (PVEM), la Iniciativa con Proyecto de Decreto por el que se reforman y adicionan diversas disposiciones a las leyes Del Sistema Estatal de Cultura F\u00edsica y Deporte, De los Derechos de Ni\u00f1as, Ni\u00f1os y Adolescentes y Org\u00e1nica del Municipio Libre, todas del estado de Veracruz, fue turnada a las Comisiones Permanentes Unidas de Gobernaci\u00f3n, De Derechos de la Ni\u00f1ez, la Adolescencia y la Familia y De Juventud, Deporte y Atletas con Discapacidad.<\/p>\n","protected":false},"excerpt":{"rendered":"<p>El diputado Adri\u00e1n Sigfrido \u00c1vila Estrada propuso actualizar tres leyes estatales a fin de proteger a la ni\u00f1ez y adolescencia veracruzanas en actividades y espacios deportivos y garantizar as\u00ed la&hellip;<\/p>\n","protected":false},"author":1,"featured_media":5408,"comment_status":"open","ping_status":"closed","sticky":false,"template":"","format":"standard","meta":{"footnotes":""},"categories":[71],"tags":[],"class_list":["post-5407","post","type-post","status-publish","format-standard","has-post-thumbnail","hentry","category-estatal"],"magazineBlocksPostFeaturedMedia":{"thumbnail":"https:\/\/vocesdeveracruz.com.mx\/wp-content\/uploads\/2026\/04\/NOV09ABRIL2026ADRIAN-150x150.jpg","medium":"https:\/\/vocesdeveracruz.com.mx\/wp-content\/uploads\/2026\/04\/NOV09ABRIL2026ADRIAN-300x200.jpg","medium_large":"https:\/\/vocesdeveracruz.com.mx\/wp-content\/uploads\/2026\/04\/NOV09ABRIL2026ADRIAN-768x513.jpg","large":"https:\/\/vocesdeveracruz.com.mx\/wp-content\/uploads\/2026\/04\/NOV09ABRIL2026ADRIAN-1024x684.jpg","1536x1536":"https:\/\/vocesdeveracruz.com.mx\/wp-content\/uploads\/2026\/04\/NOV09ABRIL2026ADRIAN-1536x1025.jpg","2048x2048":"https:\/\/vocesdeveracruz.com.mx\/wp-content\/uploads\/2026\/04\/NOV09ABRIL2026ADRIAN.jpg"},"magazineBlocksPostAuthor":{"name":"admin","avatar":"https:\/\/secure.gravatar.com\/avatar\/9d5013f9042ef2dfeb4122e9609da41e1858252ad644b84f2ec3a64ab59cceaf?s=96&d=mm&r=g"},"magazineBlocksPostCommentsNumber":"0","magazineBlocksPostExcerpt":"El diputado Adri\u00e1n Sigfrido \u00c1vila Estrada propuso actualizar tres leyes estatales a fin de proteger a la ni\u00f1ez y adolescencia veracruzanas en actividades y espacios deportivos y garantizar as\u00ed la&hellip;","magazineBlocksPostCategories":["ESTATAL"],"magazineBlocksPostViewCount":22,"magazineBlocksPostReadTime":2,"magazine_blocks_featured_image_url":{"full":["https:\/\/vocesdeveracruz.com.mx\/wp-content\/uploads\/2026\/04\/NOV09ABRIL2026ADRIAN.jpg",1600,1068,false],"medium":["https:\/\/vocesdeveracruz.com.mx\/wp-content\/uploads\/2026\/04\/NOV09ABRIL2026ADRIAN-300x200.jpg",300,200,true],"thumbnail":["https:\/\/vocesdeveracruz.com.mx\/wp-content\/uploads\/2026\/04\/NOV09ABRIL2026ADRIAN-150x150.jpg",150,150,true]},"magazine_blocks_author":{"display_name":"admin","author_link":"https:\/\/vocesdeveracruz.com.mx\/?author=1"},"magazine_blocks_comment":0,"magazine_blocks_author_image":"https:\/\/secure.gravatar.com\/avatar\/9d5013f9042ef2dfeb4122e9609da41e1858252ad644b84f2ec3a64ab59cceaf?s=96&d=mm&r=g","magazine_blocks_category":"<a href=\"https:\/\/vocesdeveracruz.com.mx\/?cat=71\" rel=\"category\">ESTATAL<\/a>","_links":{"self":[{"href":"https:\/\/vocesdeveracruz.com.mx\/index.php?rest_route=\/wp\/v2\/posts\/5407","targetHints":{"allow":["GET"]}}],"collection":[{"href":"https:\/\/vocesdeveracruz.com.mx\/index.php?rest_route=\/wp\/v2\/posts"}],"about":[{"href":"https:\/\/vocesdeveracruz.com.mx\/index.php?rest_route=\/wp\/v2\/types\/post"}],"author":[{"embeddable":true,"href":"https:\/\/vocesdeveracruz.com.mx\/index.php?rest_route=\/wp\/v2\/users\/1"}],"replies":[{"embeddable":true,"href":"https:\/\/vocesdeveracruz.com.mx\/index.php?rest_route=%2Fwp%2Fv2%2Fcomments&post=5407"}],"version-history":[{"count":1,"href":"https:\/\/vocesdeveracruz.com.mx\/index.php?rest_route=\/wp\/v2\/posts\/5407\/revisions"}],"predecessor-version":[{"id":5409,"href":"https:\/\/vocesdeveracruz.com.mx\/index.php?rest_route=\/wp\/v2\/posts\/5407\/revisions\/5409"}],"wp:featuredmedia":[{"embeddable":true,"href":"https:\/\/vocesdeveracruz.com.mx\/index.php?rest_route=\/wp\/v2\/media\/5408"}],"wp:attachment":[{"href":"https:\/\/vocesdeveracruz.com.mx\/index.php?rest_route=%2Fwp%2Fv2%2Fmedia&parent=5407"}],"wp:term":[{"taxonomy":"category","embeddable":true,"href":"https:\/\/vocesdeveracruz.com.mx\/index.php?rest_route=%2Fwp%2Fv2%2Fcategories&post=5407"},{"taxonomy":"post_tag","embeddable":true,"href":"https:\/\/vocesdeveracruz.com.mx\/index.php?rest_route=%2Fwp%2Fv2%2Ftags&post=5407"}],"curies":[{"name":"wp","href":"https:\/\/api.w.org\/{rel}","templated":true}]}}