{"id":5404,"date":"2026-04-09T18:13:58","date_gmt":"2026-04-10T00:13:58","guid":{"rendered":"https:\/\/vocesdeveracruz.com.mx\/?p=5404"},"modified":"2026-04-09T18:13:58","modified_gmt":"2026-04-10T00:13:58","slug":"agilizar-permisos-forestales-para-el-valle-de-perote-pide-diputado","status":"publish","type":"post","link":"https:\/\/vocesdeveracruz.com.mx\/?p=5404","title":{"rendered":"Agilizar permisos forestales para el Valle de Perote, pide diputado"},"content":{"rendered":"\n<p>A trav\u00e9s de un Anteproyecto de Punto de Acuerdo, el diputado Paul Mart\u00ednez Marie, representante del distrito IX, hizo un llamado a la Secretar\u00eda de Medio Ambiente y Recursos Naturales (SEMARNAT) y a la Procuradur\u00eda Federal de Protecci\u00f3n al Ambiente (PROFEPA) para que agilicen los tr\u00e1mites de aprovechamiento forestal en la regi\u00f3n del Valle de Perote.<\/p>\n\n\n\n<p>En el uso de la tribuna, el legislador expuso que productores de los municipios de Perote, Ayahualulco, Acajete, Las Vigas de Ram\u00edrez, Xico, Coatepec, Tlacolulan, Cosautl\u00e1n, Altotonga, Jalacingo, Villa Aldama y Acatl\u00e1n, reportan que la SEMARNAT ha retrasado los permisos de aprovechamiento forestal solicitados con antelaci\u00f3n, por lo que, ante la necesidad de proveer de sustento a sus familias, han dispuesto de los productos sin las autorizaciones correspondientes.<\/p>\n\n\n\n<p>Ante esta situaci\u00f3n, explic\u00f3 Mart\u00ednez Marie, la PROFEPA ha iniciado procedimientos y clausura de peque\u00f1os predios, bajo el argumento de no contar con dichos permisos a pesar de haber sido tramitados en tiempo y forma.<\/p>\n\n\n\n<p>Esta situaci\u00f3n, dijo, \u201cha generado un c\u00edrculo vicioso donde el productor es el principal perjudicado, propiciando que la tala clandestina aumente, se paralice la econom\u00eda local y se generen problemas de migraci\u00f3n laboral por la falta de certeza en la actividad forestal sustentable\u201d.<\/p>\n\n\n\n<p>Finalmente, el diputado solicit\u00f3 que sea garantizada la protecci\u00f3n de los bosques contra la tala inmoderada y se apoye el sustento familiar de los productores que dependen de la actividad forestal regulada.<\/p>\n\n\n\n<p>El Anteproyecto fue turnado para su an\u00e1lisis a la Junta de Coordinaci\u00f3n Pol\u00edtica.<\/p>\n","protected":false},"excerpt":{"rendered":"<p>A trav\u00e9s de un Anteproyecto de Punto de Acuerdo, el diputado Paul Mart\u00ednez Marie, representante del distrito IX, hizo un llamado a la Secretar\u00eda de Medio Ambiente y Recursos Naturales&hellip;<\/p>\n","protected":false},"author":1,"featured_media":5405,"comment_status":"open","ping_status":"closed","sticky":false,"template":"","format":"standard","meta":{"footnotes":""},"categories":[71],"tags":[],"class_list":["post-5404","post","type-post","status-publish","format-standard","has-post-thumbnail","hentry","category-estatal"],"magazineBlocksPostFeaturedMedia":{"thumbnail":"https:\/\/vocesdeveracruz.com.mx\/wp-content\/uploads\/2026\/04\/NOV09ABRIL2026PAUL-150x150.jpg","medium":"https:\/\/vocesdeveracruz.com.mx\/wp-content\/uploads\/2026\/04\/NOV09ABRIL2026PAUL-300x200.jpg","medium_large":"https:\/\/vocesdeveracruz.com.mx\/wp-content\/uploads\/2026\/04\/NOV09ABRIL2026PAUL-768x511.jpg","large":"https:\/\/vocesdeveracruz.com.mx\/wp-content\/uploads\/2026\/04\/NOV09ABRIL2026PAUL-1024x682.jpg","1536x1536":"https:\/\/vocesdeveracruz.com.mx\/wp-content\/uploads\/2026\/04\/NOV09ABRIL2026PAUL.jpg","2048x2048":"https:\/\/vocesdeveracruz.com.mx\/wp-content\/uploads\/2026\/04\/NOV09ABRIL2026PAUL.jpg"},"magazineBlocksPostAuthor":{"name":"admin","avatar":"https:\/\/secure.gravatar.com\/avatar\/9d5013f9042ef2dfeb4122e9609da41e1858252ad644b84f2ec3a64ab59cceaf?s=96&d=mm&r=g"},"magazineBlocksPostCommentsNumber":"0","magazineBlocksPostExcerpt":"A trav\u00e9s de un Anteproyecto de Punto de Acuerdo, el diputado Paul Mart\u00ednez Marie, representante del distrito IX, hizo un llamado a la Secretar\u00eda de Medio Ambiente y Recursos Naturales&hellip;","magazineBlocksPostCategories":["ESTATAL"],"magazineBlocksPostViewCount":34,"magazineBlocksPostReadTime":2,"magazine_blocks_featured_image_url":{"full":["https:\/\/vocesdeveracruz.com.mx\/wp-content\/uploads\/2026\/04\/NOV09ABRIL2026PAUL.jpg",1280,852,false],"medium":["https:\/\/vocesdeveracruz.com.mx\/wp-content\/uploads\/2026\/04\/NOV09ABRIL2026PAUL-300x200.jpg",300,200,true],"thumbnail":["https:\/\/vocesdeveracruz.com.mx\/wp-content\/uploads\/2026\/04\/NOV09ABRIL2026PAUL-150x150.jpg",150,150,true]},"magazine_blocks_author":{"display_name":"admin","author_link":"https:\/\/vocesdeveracruz.com.mx\/?author=1"},"magazine_blocks_comment":0,"magazine_blocks_author_image":"https:\/\/secure.gravatar.com\/avatar\/9d5013f9042ef2dfeb4122e9609da41e1858252ad644b84f2ec3a64ab59cceaf?s=96&d=mm&r=g","magazine_blocks_category":"<a href=\"https:\/\/vocesdeveracruz.com.mx\/?cat=71\" rel=\"category\">ESTATAL<\/a>","_links":{"self":[{"href":"https:\/\/vocesdeveracruz.com.mx\/index.php?rest_route=\/wp\/v2\/posts\/5404","targetHints":{"allow":["GET"]}}],"collection":[{"href":"https:\/\/vocesdeveracruz.com.mx\/index.php?rest_route=\/wp\/v2\/posts"}],"about":[{"href":"https:\/\/vocesdeveracruz.com.mx\/index.php?rest_route=\/wp\/v2\/types\/post"}],"author":[{"embeddable":true,"href":"https:\/\/vocesdeveracruz.com.mx\/index.php?rest_route=\/wp\/v2\/users\/1"}],"replies":[{"embeddable":true,"href":"https:\/\/vocesdeveracruz.com.mx\/index.php?rest_route=%2Fwp%2Fv2%2Fcomments&post=5404"}],"version-history":[{"count":1,"href":"https:\/\/vocesdeveracruz.com.mx\/index.php?rest_route=\/wp\/v2\/posts\/5404\/revisions"}],"predecessor-version":[{"id":5406,"href":"https:\/\/vocesdeveracruz.com.mx\/index.php?rest_route=\/wp\/v2\/posts\/5404\/revisions\/5406"}],"wp:featuredmedia":[{"embeddable":true,"href":"https:\/\/vocesdeveracruz.com.mx\/index.php?rest_route=\/wp\/v2\/media\/5405"}],"wp:attachment":[{"href":"https:\/\/vocesdeveracruz.com.mx\/index.php?rest_route=%2Fwp%2Fv2%2Fmedia&parent=5404"}],"wp:term":[{"taxonomy":"category","embeddable":true,"href":"https:\/\/vocesdeveracruz.com.mx\/index.php?rest_route=%2Fwp%2Fv2%2Fcategories&post=5404"},{"taxonomy":"post_tag","embeddable":true,"href":"https:\/\/vocesdeveracruz.com.mx\/index.php?rest_route=%2Fwp%2Fv2%2Ftags&post=5404"}],"curies":[{"name":"wp","href":"https:\/\/api.w.org\/{rel}","templated":true}]}}