{"id":5401,"date":"2026-04-09T18:13:19","date_gmt":"2026-04-10T00:13:19","guid":{"rendered":"https:\/\/vocesdeveracruz.com.mx\/?p=5401"},"modified":"2026-04-09T18:13:19","modified_gmt":"2026-04-10T00:13:19","slug":"propone-diputada-sancionar-la-omision-de-aviso-en-casos-de-embarazo-infantil","status":"publish","type":"post","link":"https:\/\/vocesdeveracruz.com.mx\/?p=5401","title":{"rendered":"Propone diputada sancionar la omisi\u00f3n de aviso, en casos de embarazo infantil"},"content":{"rendered":"\n<p>Con el objetivo de combatir la impunidad y garantizar la protecci\u00f3n integral de la ni\u00f1ez veracruzana, la diputada Elizabeth Morales Garc\u00eda present\u00f3 ante el Pleno de la LXVII Legislatura una iniciativa de Decreto que modifica y adiciona diversas disposiciones a la Ley de Salud y al C\u00f3digo Penal, ambos del Estado de Veracruz, en materia de Omisi\u00f3n de Aviso, en Casos de Embarazo Infantil.<\/p>\n\n\n\n<p>La iniciativa busca establecer, de forma obligatoria y clara, que todo embarazo detectado en personas menores de 15 a\u00f1os sea notificado de manera inmediata -en un plazo no mayor a 24 horas- a la Fiscal\u00eda General del Estado (FGE) y autoridades competentes.<\/p>\n\n\n\n<p>Igualmente, explic\u00f3 la legisladora, se propone tipificar como delito la omisi\u00f3n de este aviso por parte del personal de salud o instituciones responsables, garantizando la protecci\u00f3n integral de ni\u00f1as y adolescentes, y el combate a la impunidad asociada a estos hechos.<\/p>\n\n\n\n<p>Para tal fin, se prev\u00e9n sanciones de seis meses a tres a\u00f1os de prisi\u00f3n, y multa de cien a quinientas unidades de medida y actualizaci\u00f3n (UMA\u00b4s), y la inhabilitaci\u00f3n de uno a tres a\u00f1os para el ejercicio profesional para quienes incumplan con esta obligaci\u00f3n.<\/p>\n\n\n\n<p>Asimismo, destac\u00f3 la integrante del Partido del Trabajo, el proyecto busca fortalecer la atenci\u00f3n a las v\u00edctimas, garantizando servicios m\u00e9dicos, psicol\u00f3gicos y acompa\u00f1amiento jur\u00eddico inmediato, adem\u00e1s de proponer la implementaci\u00f3n de mecanismos de coordinaci\u00f3n interinstitucional y capacitaci\u00f3n obligatoria para el personal que detecte estos casos.<\/p>\n\n\n\n<p>Finalmente, precis\u00f3 que esta medida no busca criminalizar la pr\u00e1ctica m\u00e9dica, sino garantizar la actuaci\u00f3n oportuna y coordinada del Estado frente a posibles casos de violencia sexual, priorizando en todo momento la protecci\u00f3n integral de ni\u00f1as y adolescentes.<\/p>\n\n\n\n<p>\u201cCuando el Estado interviene a tiempo, protege. Cuando act\u00faa con coordinaci\u00f3n, atiende y cuando responde con responsabilidad, garantiza justicia\u201d, concluy\u00f3 la legisladora.<\/p>\n\n\n\n<p>La propuesta fue turnada por la presidencia de la Mesa Directiva a las Comisiones Permanentes Unidas de Justicia y Puntos Constitucionales, de Salud y Asistencia y de Derechos de la ni\u00f1ez, la Adolescencia y la Familia. Se adhiri\u00f3 el Grupo Legislativo del Partido Verde Ecologista de M\u00e9xico (PVEM).<\/p>\n","protected":false},"excerpt":{"rendered":"<p>Con el objetivo de combatir la impunidad y garantizar la protecci\u00f3n integral de la ni\u00f1ez veracruzana, la diputada Elizabeth Morales Garc\u00eda present\u00f3 ante el Pleno de la LXVII Legislatura una&hellip;<\/p>\n","protected":false},"author":1,"featured_media":5402,"comment_status":"open","ping_status":"closed","sticky":false,"template":"","format":"standard","meta":{"footnotes":""},"categories":[71],"tags":[],"class_list":["post-5401","post","type-post","status-publish","format-standard","has-post-thumbnail","hentry","category-estatal"],"magazineBlocksPostFeaturedMedia":{"thumbnail":"https:\/\/vocesdeveracruz.com.mx\/wp-content\/uploads\/2026\/04\/NOV09ABRIL2026ELIZABETH-150x150.jpg","medium":"https:\/\/vocesdeveracruz.com.mx\/wp-content\/uploads\/2026\/04\/NOV09ABRIL2026ELIZABETH-300x200.jpg","medium_large":"https:\/\/vocesdeveracruz.com.mx\/wp-content\/uploads\/2026\/04\/NOV09ABRIL2026ELIZABETH-768x513.jpg","large":"https:\/\/vocesdeveracruz.com.mx\/wp-content\/uploads\/2026\/04\/NOV09ABRIL2026ELIZABETH-1024x684.jpg","1536x1536":"https:\/\/vocesdeveracruz.com.mx\/wp-content\/uploads\/2026\/04\/NOV09ABRIL2026ELIZABETH-1536x1025.jpg","2048x2048":"https:\/\/vocesdeveracruz.com.mx\/wp-content\/uploads\/2026\/04\/NOV09ABRIL2026ELIZABETH.jpg"},"magazineBlocksPostAuthor":{"name":"admin","avatar":"https:\/\/secure.gravatar.com\/avatar\/9d5013f9042ef2dfeb4122e9609da41e1858252ad644b84f2ec3a64ab59cceaf?s=96&d=mm&r=g"},"magazineBlocksPostCommentsNumber":"0","magazineBlocksPostExcerpt":"Con el objetivo de combatir la impunidad y garantizar la protecci\u00f3n integral de la ni\u00f1ez veracruzana, la diputada Elizabeth Morales Garc\u00eda present\u00f3 ante el Pleno de la LXVII Legislatura una&hellip;","magazineBlocksPostCategories":["ESTATAL"],"magazineBlocksPostViewCount":23,"magazineBlocksPostReadTime":2,"magazine_blocks_featured_image_url":{"full":["https:\/\/vocesdeveracruz.com.mx\/wp-content\/uploads\/2026\/04\/NOV09ABRIL2026ELIZABETH.jpg",1600,1068,false],"medium":["https:\/\/vocesdeveracruz.com.mx\/wp-content\/uploads\/2026\/04\/NOV09ABRIL2026ELIZABETH-300x200.jpg",300,200,true],"thumbnail":["https:\/\/vocesdeveracruz.com.mx\/wp-content\/uploads\/2026\/04\/NOV09ABRIL2026ELIZABETH-150x150.jpg",150,150,true]},"magazine_blocks_author":{"display_name":"admin","author_link":"https:\/\/vocesdeveracruz.com.mx\/?author=1"},"magazine_blocks_comment":0,"magazine_blocks_author_image":"https:\/\/secure.gravatar.com\/avatar\/9d5013f9042ef2dfeb4122e9609da41e1858252ad644b84f2ec3a64ab59cceaf?s=96&d=mm&r=g","magazine_blocks_category":"<a href=\"https:\/\/vocesdeveracruz.com.mx\/?cat=71\" rel=\"category\">ESTATAL<\/a>","_links":{"self":[{"href":"https:\/\/vocesdeveracruz.com.mx\/index.php?rest_route=\/wp\/v2\/posts\/5401","targetHints":{"allow":["GET"]}}],"collection":[{"href":"https:\/\/vocesdeveracruz.com.mx\/index.php?rest_route=\/wp\/v2\/posts"}],"about":[{"href":"https:\/\/vocesdeveracruz.com.mx\/index.php?rest_route=\/wp\/v2\/types\/post"}],"author":[{"embeddable":true,"href":"https:\/\/vocesdeveracruz.com.mx\/index.php?rest_route=\/wp\/v2\/users\/1"}],"replies":[{"embeddable":true,"href":"https:\/\/vocesdeveracruz.com.mx\/index.php?rest_route=%2Fwp%2Fv2%2Fcomments&post=5401"}],"version-history":[{"count":1,"href":"https:\/\/vocesdeveracruz.com.mx\/index.php?rest_route=\/wp\/v2\/posts\/5401\/revisions"}],"predecessor-version":[{"id":5403,"href":"https:\/\/vocesdeveracruz.com.mx\/index.php?rest_route=\/wp\/v2\/posts\/5401\/revisions\/5403"}],"wp:featuredmedia":[{"embeddable":true,"href":"https:\/\/vocesdeveracruz.com.mx\/index.php?rest_route=\/wp\/v2\/media\/5402"}],"wp:attachment":[{"href":"https:\/\/vocesdeveracruz.com.mx\/index.php?rest_route=%2Fwp%2Fv2%2Fmedia&parent=5401"}],"wp:term":[{"taxonomy":"category","embeddable":true,"href":"https:\/\/vocesdeveracruz.com.mx\/index.php?rest_route=%2Fwp%2Fv2%2Fcategories&post=5401"},{"taxonomy":"post_tag","embeddable":true,"href":"https:\/\/vocesdeveracruz.com.mx\/index.php?rest_route=%2Fwp%2Fv2%2Ftags&post=5401"}],"curies":[{"name":"wp","href":"https:\/\/api.w.org\/{rel}","templated":true}]}}