{"id":5398,"date":"2026-04-09T18:12:37","date_gmt":"2026-04-10T00:12:37","guid":{"rendered":"https:\/\/vocesdeveracruz.com.mx\/?p=5398"},"modified":"2026-04-09T18:12:37","modified_gmt":"2026-04-10T00:12:37","slug":"proteger-a-sindicatos-contra-actos-de-injerencia-externa-plantea-diputado","status":"publish","type":"post","link":"https:\/\/vocesdeveracruz.com.mx\/?p=5398","title":{"rendered":"Proteger a sindicatos contra actos de injerencia externa, plantea diputado"},"content":{"rendered":"\n<p>El diputado Jos\u00e9 Reveriano Mar\u00edn Hern\u00e1ndez present\u00f3 al Pleno la iniciativa con proyecto de decreto que adicionar\u00eda los Art\u00edculos 109 Bis a la Ley Estatal del Servicio Civil y 35 Bis a la Ley de Responsabilidades Administrativas para el Estado, con la finalidad de separar el poder pol\u00edtico de las instituciones sindicales e impedir injerencias en la vida interna de los sindicatos, sancionando toda pr\u00e1ctica que vulnere su independencia.<\/p>\n\n\n\n<p>Durante su intervenci\u00f3n en la Segunda Sesi\u00f3n Ordinaria del Segundo Periodo, correspondiente al Segundo A\u00f1o de Labores, el legislador Mar\u00edn Hern\u00e1ndez subray\u00f3 que con esta iniciativa se pretende consolidar el cambio estructural hacia una democracia sindical en donde la voz de las trabajadoras y trabajadores sea escuchada y respetada, \u201cno hay estado de derecho sin libertad sindical, ni justicia social sin sindicatos libres\u201d.<\/p>\n\n\n\n<p>Asimismo, indic\u00f3 que esta propuesta deviene de una iniciativa presentada el 19 de septiembre de 2024 por el senador Alfonso Cepeda Salas, cuyo fin primordial fue fortalecer la autonom\u00eda sindical. \u201cIniciativa que fue aprobada el 26 de noviembre de 2025, en la C\u00e1mara de Diputados, con 407 votos a favor y que fue publicada el 15 de diciembre de 2025, en el Diario Oficial de la Federaci\u00f3n\u201d.<\/p>\n\n\n\n<p>El contenido de la propuesta legislativa prev\u00e9 se\u00f1alar en la Ley Estatal del Servicio Civil que los sindicatos deber\u00e1n gozar de adecuada protecci\u00f3n contra todo acto de injerencia por parte de las personas servidoras p\u00fablicas en su constituci\u00f3n, funcionamiento, administraci\u00f3n y libre desarrollo de las elecciones sindicales, las condiciones de elegibilidad, la reelecci\u00f3n y\/o la destituci\u00f3n de las directivas de los sindicatos.<\/p>\n\n\n\n<p>Cualquier contravenci\u00f3n a estas disposiciones ser\u00e1 considerada falta administrativa grave y sancionada en los t\u00e9rminos de la Ley General de Responsabilidades Administrativas y de la Ley de Responsabilidades Administrativas para el Estado de Veracruz de Ignacio de la Llave.<\/p>\n\n\n\n<p>Se entender\u00e1 como actos de injerencia sindical, las conductas siguientes: coaccionar, inducir o amenazar a personas trabajadoras o agremiadas para participar o abstenerse de participar en eventos de campa\u00f1a sindical, o para votar por una planilla, dirigente o sindicato determinado; ejercer presi\u00f3n o intimidaci\u00f3n jer\u00e1rquica sobre subordinados para que expresen p\u00fablicamente su apoyo o rechazo a determinada candidatura sindical, u obligar o condicionar la asistencia a actos, m\u00edtines o reuniones sindicales con fines de proselitismo.<\/p>\n\n\n\n<p>Tambi\u00e9n, condicionar la prestaci\u00f3n de servicios institucionales, apoyos, licencias o permisos laborales a la emisi\u00f3n del voto o apoyo hacia una planilla sindical; ofrecer beneficios laborales, ascensos, est\u00edmulos o promociones a cambio de apoyo o voto sindical y negar, suspender o limitar derechos o programas internos, capacitaciones, bonos o reconocimientos como represalia por no apoyar determinada opci\u00f3n sindical.<\/p>\n\n\n\n<p>Asimismo, utilizar programas institucionales o apoyos sociales para inducir o coaccionar el voto sindical; destinar, utilizar o permitir el uso de fondos, bienes, servicios o personal institucional para favorecer o perjudicar a determinada planilla, corriente o dirigencia sindical y difundir propaganda, mensajes o material institucional que promueva o desacredite a una candidatura o grupo sindical, entre otros.<\/p>\n\n\n\n<p>La iniciativa fue turnada para su an\u00e1lisis a las Comisiones Permanentes Unidas de Trabajo y Previsi\u00f3n Social, y de Gobernaci\u00f3n. Se adhirieron a la propuesta los Grupos Legislativos de Morena y del Partido Verde Ecologista de M\u00e9xico (PVEM), las y los integrantes del Partido del Trabajo (PT) y de Movimiento Ciudadano (MC), as\u00ed como el diputado H\u00e9ctor Yunes Landa y la diputada Ana Rosa Vald\u00e9s Salazar.<\/p>\n","protected":false},"excerpt":{"rendered":"<p>El diputado Jos\u00e9 Reveriano Mar\u00edn Hern\u00e1ndez present\u00f3 al Pleno la iniciativa con proyecto de decreto que adicionar\u00eda los Art\u00edculos 109 Bis a la Ley Estatal del Servicio Civil y 35&hellip;<\/p>\n","protected":false},"author":1,"featured_media":5399,"comment_status":"open","ping_status":"closed","sticky":false,"template":"","format":"standard","meta":{"footnotes":""},"categories":[71],"tags":[],"class_list":["post-5398","post","type-post","status-publish","format-standard","has-post-thumbnail","hentry","category-estatal"],"magazineBlocksPostFeaturedMedia":{"thumbnail":"https:\/\/vocesdeveracruz.com.mx\/wp-content\/uploads\/2026\/04\/NOV09ABRIL2026REVERIANO-150x150.jpg","medium":"https:\/\/vocesdeveracruz.com.mx\/wp-content\/uploads\/2026\/04\/NOV09ABRIL2026REVERIANO-300x200.jpg","medium_large":"https:\/\/vocesdeveracruz.com.mx\/wp-content\/uploads\/2026\/04\/NOV09ABRIL2026REVERIANO-768x512.jpg","large":"https:\/\/vocesdeveracruz.com.mx\/wp-content\/uploads\/2026\/04\/NOV09ABRIL2026REVERIANO-1024x682.jpg","1536x1536":"https:\/\/vocesdeveracruz.com.mx\/wp-content\/uploads\/2026\/04\/NOV09ABRIL2026REVERIANO-1536x1023.jpg","2048x2048":"https:\/\/vocesdeveracruz.com.mx\/wp-content\/uploads\/2026\/04\/NOV09ABRIL2026REVERIANO.jpg"},"magazineBlocksPostAuthor":{"name":"admin","avatar":"https:\/\/secure.gravatar.com\/avatar\/9d5013f9042ef2dfeb4122e9609da41e1858252ad644b84f2ec3a64ab59cceaf?s=96&d=mm&r=g"},"magazineBlocksPostCommentsNumber":"0","magazineBlocksPostExcerpt":"El diputado Jos\u00e9 Reveriano Mar\u00edn Hern\u00e1ndez present\u00f3 al Pleno la iniciativa con proyecto de decreto que adicionar\u00eda los Art\u00edculos 109 Bis a la Ley Estatal del Servicio Civil y 35&hellip;","magazineBlocksPostCategories":["ESTATAL"],"magazineBlocksPostViewCount":21,"magazineBlocksPostReadTime":3,"magazine_blocks_featured_image_url":{"full":["https:\/\/vocesdeveracruz.com.mx\/wp-content\/uploads\/2026\/04\/NOV09ABRIL2026REVERIANO.jpg",1600,1066,false],"medium":["https:\/\/vocesdeveracruz.com.mx\/wp-content\/uploads\/2026\/04\/NOV09ABRIL2026REVERIANO-300x200.jpg",300,200,true],"thumbnail":["https:\/\/vocesdeveracruz.com.mx\/wp-content\/uploads\/2026\/04\/NOV09ABRIL2026REVERIANO-150x150.jpg",150,150,true]},"magazine_blocks_author":{"display_name":"admin","author_link":"https:\/\/vocesdeveracruz.com.mx\/?author=1"},"magazine_blocks_comment":0,"magazine_blocks_author_image":"https:\/\/secure.gravatar.com\/avatar\/9d5013f9042ef2dfeb4122e9609da41e1858252ad644b84f2ec3a64ab59cceaf?s=96&d=mm&r=g","magazine_blocks_category":"<a href=\"https:\/\/vocesdeveracruz.com.mx\/?cat=71\" rel=\"category\">ESTATAL<\/a>","_links":{"self":[{"href":"https:\/\/vocesdeveracruz.com.mx\/index.php?rest_route=\/wp\/v2\/posts\/5398","targetHints":{"allow":["GET"]}}],"collection":[{"href":"https:\/\/vocesdeveracruz.com.mx\/index.php?rest_route=\/wp\/v2\/posts"}],"about":[{"href":"https:\/\/vocesdeveracruz.com.mx\/index.php?rest_route=\/wp\/v2\/types\/post"}],"author":[{"embeddable":true,"href":"https:\/\/vocesdeveracruz.com.mx\/index.php?rest_route=\/wp\/v2\/users\/1"}],"replies":[{"embeddable":true,"href":"https:\/\/vocesdeveracruz.com.mx\/index.php?rest_route=%2Fwp%2Fv2%2Fcomments&post=5398"}],"version-history":[{"count":1,"href":"https:\/\/vocesdeveracruz.com.mx\/index.php?rest_route=\/wp\/v2\/posts\/5398\/revisions"}],"predecessor-version":[{"id":5400,"href":"https:\/\/vocesdeveracruz.com.mx\/index.php?rest_route=\/wp\/v2\/posts\/5398\/revisions\/5400"}],"wp:featuredmedia":[{"embeddable":true,"href":"https:\/\/vocesdeveracruz.com.mx\/index.php?rest_route=\/wp\/v2\/media\/5399"}],"wp:attachment":[{"href":"https:\/\/vocesdeveracruz.com.mx\/index.php?rest_route=%2Fwp%2Fv2%2Fmedia&parent=5398"}],"wp:term":[{"taxonomy":"category","embeddable":true,"href":"https:\/\/vocesdeveracruz.com.mx\/index.php?rest_route=%2Fwp%2Fv2%2Fcategories&post=5398"},{"taxonomy":"post_tag","embeddable":true,"href":"https:\/\/vocesdeveracruz.com.mx\/index.php?rest_route=%2Fwp%2Fv2%2Ftags&post=5398"}],"curies":[{"name":"wp","href":"https:\/\/api.w.org\/{rel}","templated":true}]}}