{"id":5394,"date":"2026-04-09T18:09:18","date_gmt":"2026-04-10T00:09:18","guid":{"rendered":"https:\/\/vocesdeveracruz.com.mx\/?p=5394"},"modified":"2026-04-09T18:09:18","modified_gmt":"2026-04-10T00:09:18","slug":"a-comision-iniciativa-para-actualizar-ley-de-la-cedhv","status":"publish","type":"post","link":"https:\/\/vocesdeveracruz.com.mx\/?p=5394","title":{"rendered":"A comisi\u00f3n, iniciativa para actualizar Ley de la CEDHV"},"content":{"rendered":"\n<p>La Mesa Directiva de la LXVII Legislatura turn\u00f3 a la Comisi\u00f3n Permanente de Derechos Humanos y Atenci\u00f3n a Grupos Vulnerables la Iniciativa con proyecto de Decreto por el que se reforman y adicionan diversas disposiciones de la Ley N\u00famero 483 de la Comisi\u00f3n Estatal de Derechos Humanos de Veracruz, presentada por la presidenta del organismo, Minerva Regina P\u00e9rez L\u00f3pez.<\/p>\n\n\n\n<p>La propuesta de iniciativa tiene por objeto armonizar el marco normativo la Comisi\u00f3n, principalmente con el nuevo marco constitucional y legal en materia de transparencia, acceso a la informaci\u00f3n p\u00fablica y protecci\u00f3n de datos personales, a partir del cual se otorgaron atribuciones a la Contralor\u00eda Interna del organismo como autoridad garante.<\/p>\n\n\n\n<p>Adicionalmente, aborda otros aspectos de la Ley relacionados con sus atribuciones y su autonom\u00eda t\u00e9cnica, de gesti\u00f3n y presupuestal reconocida constitucionalmente. Esto tiene la finalidad de fortalecer los procesos y atribuciones del organismo, que le permitan ampliar la perspectiva de acci\u00f3n institucional para hacer frente a las exigencias y requerimientos de la realidad en que se sit\u00faan los derechos humanos.<\/p>\n\n\n\n<p>La parte proponente prev\u00e9 modificaciones en relaci\u00f3n con las actividades de investigaci\u00f3n y promoci\u00f3n para adicionar la facultad de emitir informes tem\u00e1ticos. Adem\u00e1s plantea adicionar la atribuci\u00f3n de vigilar y supervisar el respeto a los derechos humanos de ni\u00f1as, ni\u00f1os y adolescentes que se encuentran en centros de asistencia social dependientes de autoridades estatales o municipales y ampliar las facultades de supervisi\u00f3n penitenciaria a otros centros de detenci\u00f3n como pueden ser los separos.<\/p>\n\n\n\n<p>Esta iniciativa busca, por \u00faltimo, privilegiar el uso de expresiones que sean inclusivas de g\u00e9nero y que visibilicen a las mujeres y en general a las personas, evitando estereotipos de g\u00e9nero respecto de cargos p\u00fablicos de liderazgo vinculados hist\u00f3ricamente a hombres. Contribuye as\u00ed a fortalecer la igualdad sustantiva con el uso del lenguaje incluyente en distintos ordenamientos normativos.<\/p>\n","protected":false},"excerpt":{"rendered":"<p>La Mesa Directiva de la LXVII Legislatura turn\u00f3 a la Comisi\u00f3n Permanente de Derechos Humanos y Atenci\u00f3n a Grupos Vulnerables la Iniciativa con proyecto de Decreto por el que se&hellip;<\/p>\n","protected":false},"author":1,"featured_media":5395,"comment_status":"open","ping_status":"closed","sticky":false,"template":"","format":"standard","meta":{"footnotes":""},"categories":[71],"tags":[],"class_list":["post-5394","post","type-post","status-publish","format-standard","has-post-thumbnail","hentry","category-estatal"],"magazineBlocksPostFeaturedMedia":{"thumbnail":"https:\/\/vocesdeveracruz.com.mx\/wp-content\/uploads\/2026\/04\/NOV09ABRIL2026CEDHV-150x150.jpg","medium":"https:\/\/vocesdeveracruz.com.mx\/wp-content\/uploads\/2026\/04\/NOV09ABRIL2026CEDHV-300x200.jpg","medium_large":"https:\/\/vocesdeveracruz.com.mx\/wp-content\/uploads\/2026\/04\/NOV09ABRIL2026CEDHV-768x512.jpg","large":"https:\/\/vocesdeveracruz.com.mx\/wp-content\/uploads\/2026\/04\/NOV09ABRIL2026CEDHV-1024x683.jpg","1536x1536":"https:\/\/vocesdeveracruz.com.mx\/wp-content\/uploads\/2026\/04\/NOV09ABRIL2026CEDHV.jpg","2048x2048":"https:\/\/vocesdeveracruz.com.mx\/wp-content\/uploads\/2026\/04\/NOV09ABRIL2026CEDHV.jpg"},"magazineBlocksPostAuthor":{"name":"admin","avatar":"https:\/\/secure.gravatar.com\/avatar\/9d5013f9042ef2dfeb4122e9609da41e1858252ad644b84f2ec3a64ab59cceaf?s=96&d=mm&r=g"},"magazineBlocksPostCommentsNumber":"0","magazineBlocksPostExcerpt":"La Mesa Directiva de la LXVII Legislatura turn\u00f3 a la Comisi\u00f3n Permanente de Derechos Humanos y Atenci\u00f3n a Grupos Vulnerables la Iniciativa con proyecto de Decreto por el que se&hellip;","magazineBlocksPostCategories":["ESTATAL"],"magazineBlocksPostViewCount":62,"magazineBlocksPostReadTime":2,"magazine_blocks_featured_image_url":{"full":["https:\/\/vocesdeveracruz.com.mx\/wp-content\/uploads\/2026\/04\/NOV09ABRIL2026CEDHV.jpg",1280,854,false],"medium":["https:\/\/vocesdeveracruz.com.mx\/wp-content\/uploads\/2026\/04\/NOV09ABRIL2026CEDHV-300x200.jpg",300,200,true],"thumbnail":["https:\/\/vocesdeveracruz.com.mx\/wp-content\/uploads\/2026\/04\/NOV09ABRIL2026CEDHV-150x150.jpg",150,150,true]},"magazine_blocks_author":{"display_name":"admin","author_link":"https:\/\/vocesdeveracruz.com.mx\/?author=1"},"magazine_blocks_comment":0,"magazine_blocks_author_image":"https:\/\/secure.gravatar.com\/avatar\/9d5013f9042ef2dfeb4122e9609da41e1858252ad644b84f2ec3a64ab59cceaf?s=96&d=mm&r=g","magazine_blocks_category":"<a href=\"https:\/\/vocesdeveracruz.com.mx\/?cat=71\" rel=\"category\">ESTATAL<\/a>","_links":{"self":[{"href":"https:\/\/vocesdeveracruz.com.mx\/index.php?rest_route=\/wp\/v2\/posts\/5394","targetHints":{"allow":["GET"]}}],"collection":[{"href":"https:\/\/vocesdeveracruz.com.mx\/index.php?rest_route=\/wp\/v2\/posts"}],"about":[{"href":"https:\/\/vocesdeveracruz.com.mx\/index.php?rest_route=\/wp\/v2\/types\/post"}],"author":[{"embeddable":true,"href":"https:\/\/vocesdeveracruz.com.mx\/index.php?rest_route=\/wp\/v2\/users\/1"}],"replies":[{"embeddable":true,"href":"https:\/\/vocesdeveracruz.com.mx\/index.php?rest_route=%2Fwp%2Fv2%2Fcomments&post=5394"}],"version-history":[{"count":1,"href":"https:\/\/vocesdeveracruz.com.mx\/index.php?rest_route=\/wp\/v2\/posts\/5394\/revisions"}],"predecessor-version":[{"id":5396,"href":"https:\/\/vocesdeveracruz.com.mx\/index.php?rest_route=\/wp\/v2\/posts\/5394\/revisions\/5396"}],"wp:featuredmedia":[{"embeddable":true,"href":"https:\/\/vocesdeveracruz.com.mx\/index.php?rest_route=\/wp\/v2\/media\/5395"}],"wp:attachment":[{"href":"https:\/\/vocesdeveracruz.com.mx\/index.php?rest_route=%2Fwp%2Fv2%2Fmedia&parent=5394"}],"wp:term":[{"taxonomy":"category","embeddable":true,"href":"https:\/\/vocesdeveracruz.com.mx\/index.php?rest_route=%2Fwp%2Fv2%2Fcategories&post=5394"},{"taxonomy":"post_tag","embeddable":true,"href":"https:\/\/vocesdeveracruz.com.mx\/index.php?rest_route=%2Fwp%2Fv2%2Ftags&post=5394"}],"curies":[{"name":"wp","href":"https:\/\/api.w.org\/{rel}","templated":true}]}}