{"id":5387,"date":"2026-04-09T18:04:53","date_gmt":"2026-04-10T00:04:53","guid":{"rendered":"https:\/\/vocesdeveracruz.com.mx\/?p=5387"},"modified":"2026-04-09T18:04:53","modified_gmt":"2026-04-10T00:04:53","slug":"diputada-ana-rosa-valdes-nueva-coordinadora-del-grupo-veracruz-nos-une","status":"publish","type":"post","link":"https:\/\/vocesdeveracruz.com.mx\/?p=5387","title":{"rendered":"Diputada Ana Rosa Vald\u00e9s, nueva coordinadora del Grupo Veracruz nos Une"},"content":{"rendered":"\n<p>La Mesa Directiva de la LXVII Legislatura orden\u00f3 realizar el registro correspondiente y se dio por enterada de que, conforme al Acta constitutiva del Grupo Legislativo Mixto Veracruz nos Une (VNU), a partir del 8 de abril de este a\u00f1o la coordinaci\u00f3n de esta bancada es ocupada por la diputada Ana Rosa Vald\u00e9s Salazar, para un periodo de diez meses.<\/p>\n\n\n\n<p>Lo anterior, mediante el informe presentado por la diputada Montserrat Ortega Ruiz, integrante de este Grupo Legislativo y quien ven\u00eda desempe\u00f1\u00e1ndose en la coordinaci\u00f3n.<\/p>\n\n\n\n<p>Por otra parte, el Pleno se dio por enterado de la reincorporaci\u00f3n al cargo del diputado H\u00e9ctor Yunes Landa, a partir del 6 de abril del a\u00f1o en curso.<\/p>\n\n\n\n<p>M\u00e1s asuntos de correspondencia<\/p>\n\n\n\n<p>En tanto, se envi\u00f3 a la Comisi\u00f3n Permanente de Vigilancia el documento presentado por el diputado federal Adri\u00e1n Gonz\u00e1lez Naveda, mediante el cual manifiesta la ausencia injustificada del presidente municipal de Perote, Vinicio Ascencio Fern\u00e1ndez. A su vez, solicita se realice una auditor\u00eda en ese lugar.<\/p>\n\n\n\n<p>Del mismo modo, la Comisi\u00f3n Permanente de Organizaci\u00f3n Pol\u00edtica y Procesos Electorales analizar\u00e1 el documento enviado por el ayuntamiento de Ayahualulco, mediante el cual remite convocatoria para la elecci\u00f3n de agentes y subagentes municipales 2026-2029 y solicita una ampliaci\u00f3n del t\u00e9rmino establecido en el Art\u00edculo 173 de la Ley Org\u00e1nica del Municipio Libre, con el objetivo de no caer en una elecci\u00f3n extraordinaria.<\/p>\n\n\n\n<p>A la Comisi\u00f3n de Hacienda Municipal le fueron turnados los oficios de los Ayuntamientos de Cosautl\u00e1n de Carvajal, Hueyapan de Ocampo y Nanchital de L\u00e1zaro C\u00e1rdenas del R\u00edo, que solicitan autorizaci\u00f3n para suscribir convenio de colaboraci\u00f3n administrativa con la Secretar\u00eda de Gobierno, en materia de catastro.<\/p>\n\n\n\n<p>Las Comisiones Unidas de Hacienda Municipal y de Trabajo y Previsi\u00f3n Social analizar\u00e1n los documentos de los Ayuntamientos de Ayahualulco, Banderilla y Tres Valles que solicitan autorizaci\u00f3n para realizar diversas acciones para el pago de laudos, emitidos por el Tribunal de Conciliaci\u00f3n y Arbitraje.<\/p>\n","protected":false},"excerpt":{"rendered":"<p>La Mesa Directiva de la LXVII Legislatura orden\u00f3 realizar el registro correspondiente y se dio por enterada de que, conforme al Acta constitutiva del Grupo Legislativo Mixto Veracruz nos Une&hellip;<\/p>\n","protected":false},"author":1,"featured_media":5388,"comment_status":"open","ping_status":"closed","sticky":false,"template":"","format":"standard","meta":{"footnotes":""},"categories":[71],"tags":[],"class_list":["post-5387","post","type-post","status-publish","format-standard","has-post-thumbnail","hentry","category-estatal"],"magazineBlocksPostFeaturedMedia":{"thumbnail":"https:\/\/vocesdeveracruz.com.mx\/wp-content\/uploads\/2026\/04\/NOV09ABRIL2026CORRESPONDENCIA1-150x150.jpg","medium":"https:\/\/vocesdeveracruz.com.mx\/wp-content\/uploads\/2026\/04\/NOV09ABRIL2026CORRESPONDENCIA1-300x200.jpg","medium_large":"https:\/\/vocesdeveracruz.com.mx\/wp-content\/uploads\/2026\/04\/NOV09ABRIL2026CORRESPONDENCIA1-768x512.jpg","large":"https:\/\/vocesdeveracruz.com.mx\/wp-content\/uploads\/2026\/04\/NOV09ABRIL2026CORRESPONDENCIA1-1024x683.jpg","1536x1536":"https:\/\/vocesdeveracruz.com.mx\/wp-content\/uploads\/2026\/04\/NOV09ABRIL2026CORRESPONDENCIA1.jpg","2048x2048":"https:\/\/vocesdeveracruz.com.mx\/wp-content\/uploads\/2026\/04\/NOV09ABRIL2026CORRESPONDENCIA1.jpg"},"magazineBlocksPostAuthor":{"name":"admin","avatar":"https:\/\/secure.gravatar.com\/avatar\/9d5013f9042ef2dfeb4122e9609da41e1858252ad644b84f2ec3a64ab59cceaf?s=96&d=mm&r=g"},"magazineBlocksPostCommentsNumber":"0","magazineBlocksPostExcerpt":"La Mesa Directiva de la LXVII Legislatura orden\u00f3 realizar el registro correspondiente y se dio por enterada de que, conforme al Acta constitutiva del Grupo Legislativo Mixto Veracruz nos Une&hellip;","magazineBlocksPostCategories":["ESTATAL"],"magazineBlocksPostViewCount":18,"magazineBlocksPostReadTime":2,"magazine_blocks_featured_image_url":{"full":["https:\/\/vocesdeveracruz.com.mx\/wp-content\/uploads\/2026\/04\/NOV09ABRIL2026CORRESPONDENCIA1.jpg",1280,854,false],"medium":["https:\/\/vocesdeveracruz.com.mx\/wp-content\/uploads\/2026\/04\/NOV09ABRIL2026CORRESPONDENCIA1-300x200.jpg",300,200,true],"thumbnail":["https:\/\/vocesdeveracruz.com.mx\/wp-content\/uploads\/2026\/04\/NOV09ABRIL2026CORRESPONDENCIA1-150x150.jpg",150,150,true]},"magazine_blocks_author":{"display_name":"admin","author_link":"https:\/\/vocesdeveracruz.com.mx\/?author=1"},"magazine_blocks_comment":0,"magazine_blocks_author_image":"https:\/\/secure.gravatar.com\/avatar\/9d5013f9042ef2dfeb4122e9609da41e1858252ad644b84f2ec3a64ab59cceaf?s=96&d=mm&r=g","magazine_blocks_category":"<a href=\"https:\/\/vocesdeveracruz.com.mx\/?cat=71\" rel=\"category\">ESTATAL<\/a>","_links":{"self":[{"href":"https:\/\/vocesdeveracruz.com.mx\/index.php?rest_route=\/wp\/v2\/posts\/5387","targetHints":{"allow":["GET"]}}],"collection":[{"href":"https:\/\/vocesdeveracruz.com.mx\/index.php?rest_route=\/wp\/v2\/posts"}],"about":[{"href":"https:\/\/vocesdeveracruz.com.mx\/index.php?rest_route=\/wp\/v2\/types\/post"}],"author":[{"embeddable":true,"href":"https:\/\/vocesdeveracruz.com.mx\/index.php?rest_route=\/wp\/v2\/users\/1"}],"replies":[{"embeddable":true,"href":"https:\/\/vocesdeveracruz.com.mx\/index.php?rest_route=%2Fwp%2Fv2%2Fcomments&post=5387"}],"version-history":[{"count":1,"href":"https:\/\/vocesdeveracruz.com.mx\/index.php?rest_route=\/wp\/v2\/posts\/5387\/revisions"}],"predecessor-version":[{"id":5389,"href":"https:\/\/vocesdeveracruz.com.mx\/index.php?rest_route=\/wp\/v2\/posts\/5387\/revisions\/5389"}],"wp:featuredmedia":[{"embeddable":true,"href":"https:\/\/vocesdeveracruz.com.mx\/index.php?rest_route=\/wp\/v2\/media\/5388"}],"wp:attachment":[{"href":"https:\/\/vocesdeveracruz.com.mx\/index.php?rest_route=%2Fwp%2Fv2%2Fmedia&parent=5387"}],"wp:term":[{"taxonomy":"category","embeddable":true,"href":"https:\/\/vocesdeveracruz.com.mx\/index.php?rest_route=%2Fwp%2Fv2%2Fcategories&post=5387"},{"taxonomy":"post_tag","embeddable":true,"href":"https:\/\/vocesdeveracruz.com.mx\/index.php?rest_route=%2Fwp%2Fv2%2Ftags&post=5387"}],"curies":[{"name":"wp","href":"https:\/\/api.w.org\/{rel}","templated":true}]}}