{"id":5377,"date":"2026-03-25T15:26:51","date_gmt":"2026-03-25T21:26:51","guid":{"rendered":"https:\/\/vocesdeveracruz.com.mx\/?p=5377"},"modified":"2026-03-25T15:26:51","modified_gmt":"2026-03-25T21:26:51","slug":"iniciativa-para-eliminar-pensiones-doradas-es-aprobada-en-diputados-pasa-a-congresos-locales","status":"publish","type":"post","link":"https:\/\/vocesdeveracruz.com.mx\/?p=5377","title":{"rendered":"Iniciativa para eliminar pensiones \u2018doradas\u2019 es aprobada en Diputados; pasa a congresos locales"},"content":{"rendered":"\n<p>Morena y aliados ten\u00edan la mayor\u00eda calificada necesaria para aprobar la iniciativa que modifica el art\u00edculo 127 de la Constituci\u00f3n, pero la oposici\u00f3n se sum\u00f3 al voto positivo, pese a tener varias cr\u00edticas al proyecto.<\/p>\n\n\n\n<p>Con el voto incluso de la oposici\u00f3n,&nbsp;el Pleno de la C\u00e1mara de Diputados&nbsp;aval\u00f3 por unanimidad la reforma propuesta por Claudia Sheinbaum para eliminar las&nbsp;pensiones \u2018doradas\u2019 en la administraci\u00f3n p\u00fablica.<br>En total, fueron 458 votos en pro, lo que signific\u00f3 la mayor\u00eda calificada.<\/p>\n\n\n\n<p>La&nbsp;iniciativa, que ya fue aprobada por el Senado, necesita ahora del aval de al menos 17 congresos locales para pasar a la presidenta de M\u00e9xico para su firma y publicaci\u00f3n en el&nbsp;Diario Oficial de la Federaci\u00f3n (DOF).<br>El proyecto modifica el&nbsp;art\u00edculo 127&nbsp;de la Constituci\u00f3n para que los trabajadores de confianza de organismos descentralizados y empresas productivas no tengan&nbsp;pensiones \u2018doradas\u2019&nbsp;de&nbsp;hasta un mill\u00f3n de pesos&nbsp;al mes.<\/p>\n\n\n\n<p>La iniciativa marca que ahora el tope de las pensiones para trabajadores del Gobierno ser\u00e1 de&nbsp;70 mil pesos al mes.<br>De acuerdo con el Gobierno de M\u00e9xico, la eliminaci\u00f3n de las pensiones \u2018doradas\u2019 representa un ahorro de 5 mil millones de pesos en el presupuesto.<\/p>\n\n\n\n<p>\u00bfQu\u00e9 organismos del Gobierno tienen pensiones \u2018doradas\u2019?<br>La reforma va dirigida a \u201cpensiones exorbitantes\u201d que, de acuerdo con una presentaci\u00f3n del gobierno, reciben altos funcionarios de:<br>\u2022 Petr\u00f3leos Mexicanos.<br>\u2022 Comisi\u00f3n Federal de Electricidad.<br>\u2022 Luz y Fuerza del Centro (en liquidaci\u00f3n).<br>\u2022 Nacional Financiera.<br>\u2022 Banco Nacional de Obras y Servicios P\u00fablicos.<br>Raquel Buenrostro, secretaria Anticorrupci\u00f3n y de Buen Gobierno, destac\u00f3 el caso de&nbsp;Luz y Fuerza del Centro. \u201cHay 9 mil 457 extrabajadores, casi el 70 por ciento, que reciben una pensi\u00f3n de&nbsp;100 mil a un mill\u00f3n de pesos. Tenemos una persona que recibe poquito m\u00e1s de un mill\u00f3n de pesos mensuales\u00bb, denunci\u00f3 en la&nbsp;\u2018ma\u00f1anera\u2019 de Claudia Sheinbaum del 18 de febrero.<\/p>\n","protected":false},"excerpt":{"rendered":"<p>Morena y aliados ten\u00edan la mayor\u00eda calificada necesaria para aprobar la iniciativa que modifica el art\u00edculo 127 de la Constituci\u00f3n, pero la oposici\u00f3n se sum\u00f3 al voto positivo, pese a&hellip;<\/p>\n","protected":false},"author":1,"featured_media":5378,"comment_status":"open","ping_status":"closed","sticky":false,"template":"","format":"standard","meta":{"footnotes":""},"categories":[73],"tags":[],"class_list":["post-5377","post","type-post","status-publish","format-standard","has-post-thumbnail","hentry","category-nacional"],"magazineBlocksPostFeaturedMedia":{"thumbnail":"https:\/\/vocesdeveracruz.com.mx\/wp-content\/uploads\/2026\/03\/20260325_131905-150x150.jpg","medium":"https:\/\/vocesdeveracruz.com.mx\/wp-content\/uploads\/2026\/03\/20260325_131905-300x169.jpg","medium_large":"https:\/\/vocesdeveracruz.com.mx\/wp-content\/uploads\/2026\/03\/20260325_131905-768x432.jpg","large":"https:\/\/vocesdeveracruz.com.mx\/wp-content\/uploads\/2026\/03\/20260325_131905-1024x577.jpg","1536x1536":"https:\/\/vocesdeveracruz.com.mx\/wp-content\/uploads\/2026\/03\/20260325_131905-1536x865.jpg","2048x2048":"https:\/\/vocesdeveracruz.com.mx\/wp-content\/uploads\/2026\/03\/20260325_131905-2048x1153.jpg"},"magazineBlocksPostAuthor":{"name":"admin","avatar":"https:\/\/secure.gravatar.com\/avatar\/9d5013f9042ef2dfeb4122e9609da41e1858252ad644b84f2ec3a64ab59cceaf?s=96&d=mm&r=g"},"magazineBlocksPostCommentsNumber":"0","magazineBlocksPostExcerpt":"Morena y aliados ten\u00edan la mayor\u00eda calificada necesaria para aprobar la iniciativa que modifica el art\u00edculo 127 de la Constituci\u00f3n, pero la oposici\u00f3n se sum\u00f3 al voto positivo, pese a&hellip;","magazineBlocksPostCategories":["NACIONAL"],"magazineBlocksPostViewCount":67,"magazineBlocksPostReadTime":2,"magazine_blocks_featured_image_url":{"full":["https:\/\/vocesdeveracruz.com.mx\/wp-content\/uploads\/2026\/03\/20260325_131905-scaled.jpg",2560,1441,false],"medium":["https:\/\/vocesdeveracruz.com.mx\/wp-content\/uploads\/2026\/03\/20260325_131905-300x169.jpg",300,169,true],"thumbnail":["https:\/\/vocesdeveracruz.com.mx\/wp-content\/uploads\/2026\/03\/20260325_131905-150x150.jpg",150,150,true]},"magazine_blocks_author":{"display_name":"admin","author_link":"https:\/\/vocesdeveracruz.com.mx\/?author=1"},"magazine_blocks_comment":0,"magazine_blocks_author_image":"https:\/\/secure.gravatar.com\/avatar\/9d5013f9042ef2dfeb4122e9609da41e1858252ad644b84f2ec3a64ab59cceaf?s=96&d=mm&r=g","magazine_blocks_category":"<a href=\"https:\/\/vocesdeveracruz.com.mx\/?cat=73\" rel=\"category\">NACIONAL<\/a>","_links":{"self":[{"href":"https:\/\/vocesdeveracruz.com.mx\/index.php?rest_route=\/wp\/v2\/posts\/5377","targetHints":{"allow":["GET"]}}],"collection":[{"href":"https:\/\/vocesdeveracruz.com.mx\/index.php?rest_route=\/wp\/v2\/posts"}],"about":[{"href":"https:\/\/vocesdeveracruz.com.mx\/index.php?rest_route=\/wp\/v2\/types\/post"}],"author":[{"embeddable":true,"href":"https:\/\/vocesdeveracruz.com.mx\/index.php?rest_route=\/wp\/v2\/users\/1"}],"replies":[{"embeddable":true,"href":"https:\/\/vocesdeveracruz.com.mx\/index.php?rest_route=%2Fwp%2Fv2%2Fcomments&post=5377"}],"version-history":[{"count":1,"href":"https:\/\/vocesdeveracruz.com.mx\/index.php?rest_route=\/wp\/v2\/posts\/5377\/revisions"}],"predecessor-version":[{"id":5379,"href":"https:\/\/vocesdeveracruz.com.mx\/index.php?rest_route=\/wp\/v2\/posts\/5377\/revisions\/5379"}],"wp:featuredmedia":[{"embeddable":true,"href":"https:\/\/vocesdeveracruz.com.mx\/index.php?rest_route=\/wp\/v2\/media\/5378"}],"wp:attachment":[{"href":"https:\/\/vocesdeveracruz.com.mx\/index.php?rest_route=%2Fwp%2Fv2%2Fmedia&parent=5377"}],"wp:term":[{"taxonomy":"category","embeddable":true,"href":"https:\/\/vocesdeveracruz.com.mx\/index.php?rest_route=%2Fwp%2Fv2%2Fcategories&post=5377"},{"taxonomy":"post_tag","embeddable":true,"href":"https:\/\/vocesdeveracruz.com.mx\/index.php?rest_route=%2Fwp%2Fv2%2Ftags&post=5377"}],"curies":[{"name":"wp","href":"https:\/\/api.w.org\/{rel}","templated":true}]}}