{"id":5257,"date":"2026-02-23T19:32:28","date_gmt":"2026-02-24T01:32:28","guid":{"rendered":"https:\/\/vocesdeveracruz.com.mx\/?p=5257"},"modified":"2026-02-23T19:32:28","modified_gmt":"2026-02-24T01:32:28","slug":"tecnm-campus-panuco-destaca-en-el-encuentro-nacional-de-robotica-tecnm-2026-con-el-proyecto-anikilador","status":"publish","type":"post","link":"https:\/\/vocesdeveracruz.com.mx\/?p=5257","title":{"rendered":"TECNM CAMPUS P\u00c1NUCO DESTACA EN EL ENCUENTRO NACIONAL DE ROB\u00d3TICA TECNM 2026 CON EL PROYECTO \u201cANIKILADOR\u201d"},"content":{"rendered":"\n<p>P\u00e1nuco, Ver.\u2013 El Instituto Tecnol\u00f3gico Superior de P\u00e1nuco tuvo una destacada participaci\u00f3n en el\u00a0Encuentro Nacional de Rob\u00f3tica TecNM 2026, celebrado en el\u00a0Instituto Tecnol\u00f3gico de Tlalnepantla.<\/p>\n\n\n\n<p>&nbsp;En este importante evento acad\u00e9mico y tecnol\u00f3gico, que re\u00fane a los mejores talentos en el \u00e1rea de la rob\u00f3tica de los distintos campus del pa\u00eds, el TecNM Campus P\u00e1nuco estuvo representado por los estudiantes de la carrera de Ingenier\u00eda Electr\u00f3nica:&nbsp;Luis P\u00e9rez Avenda\u00f1o, Kevin Hern\u00e1ndez P\u00e9rez y Adriel Hern\u00e1ndez P\u00e9rez, bajo la asesor\u00eda del&nbsp;Mtro. Manuel Antonio Arenas M\u00e9ndez.<\/p>\n\n\n\n<p>El equipo particip\u00f3 en la categor\u00eda&nbsp;Robots Sumo&nbsp;con el proyecto denominado&nbsp;\u201cANIKILADOR\u201d, un robot perteneciente a la categor\u00eda&nbsp;Minisumo Aut\u00f3nomo, dise\u00f1ado para competir de manera independiente dentro del dohyo, aplicando estrategias de detecci\u00f3n, velocidad y empuje para superar a su oponente.<\/p>\n\n\n\n<p>\u201cANIKILADOR\u201d destaca por cumplir con las especificaciones t\u00e9cnicas de la categor\u00eda, contando con un tama\u00f1o compacto de&nbsp;10 x 10 cent\u00edmetros&nbsp;y un peso m\u00e1ximo de&nbsp;500 gramos, caracter\u00edsticas que demandan alta precisi\u00f3n en su dise\u00f1o mec\u00e1nico, electr\u00f3nico y de programaci\u00f3n.<\/p>\n\n\n\n<p>La participaci\u00f3n en este encuentro nacional fortalece la formaci\u00f3n integral de los estudiantes, al permitirles poner en pr\u00e1ctica sus conocimientos en electr\u00f3nica, programaci\u00f3n y dise\u00f1o de sistemas embebidos, adem\u00e1s de fomentar el trabajo en equipo, la innovaci\u00f3n y el esp\u00edritu competitivo.<\/p>\n\n\n\n<p>Con este tipo de experiencias, el TecNM Campus P\u00e1nuco reafirma su compromiso con el impulso de la ciencia, la tecnolog\u00eda y el desarrollo del talento joven, posicion\u00e1ndose como un referente en la formaci\u00f3n de ingenieros capaces de enfrentar los retos tecnol\u00f3gicos actuales.<a href=\"https:\/\/www.panuco.tecnm.mx\/author\/comunicacion\/\"><\/a><\/p>\n","protected":false},"excerpt":{"rendered":"<p>P\u00e1nuco, Ver.\u2013 El Instituto Tecnol\u00f3gico Superior de P\u00e1nuco tuvo una destacada participaci\u00f3n en el\u00a0Encuentro Nacional de Rob\u00f3tica TecNM 2026, celebrado en el\u00a0Instituto Tecnol\u00f3gico de Tlalnepantla. &nbsp;En este importante evento acad\u00e9mico&hellip;<\/p>\n","protected":false},"author":1,"featured_media":5258,"comment_status":"open","ping_status":"closed","sticky":false,"template":"","format":"standard","meta":{"footnotes":""},"categories":[72],"tags":[],"class_list":["post-5257","post","type-post","status-publish","format-standard","has-post-thumbnail","hentry","category-local"],"magazineBlocksPostFeaturedMedia":{"thumbnail":"https:\/\/vocesdeveracruz.com.mx\/wp-content\/uploads\/2026\/02\/WhatsApp-Image-2026-02-19-at-13.02.19-1-150x150.jpg","medium":"https:\/\/vocesdeveracruz.com.mx\/wp-content\/uploads\/2026\/02\/WhatsApp-Image-2026-02-19-at-13.02.19-1-300x232.jpg","medium_large":"https:\/\/vocesdeveracruz.com.mx\/wp-content\/uploads\/2026\/02\/WhatsApp-Image-2026-02-19-at-13.02.19-1-768x593.jpg","large":"https:\/\/vocesdeveracruz.com.mx\/wp-content\/uploads\/2026\/02\/WhatsApp-Image-2026-02-19-at-13.02.19-1-1024x791.jpg","1536x1536":"https:\/\/vocesdeveracruz.com.mx\/wp-content\/uploads\/2026\/02\/WhatsApp-Image-2026-02-19-at-13.02.19-1-1536x1187.jpg","2048x2048":"https:\/\/vocesdeveracruz.com.mx\/wp-content\/uploads\/2026\/02\/WhatsApp-Image-2026-02-19-at-13.02.19-1.jpg"},"magazineBlocksPostAuthor":{"name":"admin","avatar":"https:\/\/secure.gravatar.com\/avatar\/9d5013f9042ef2dfeb4122e9609da41e1858252ad644b84f2ec3a64ab59cceaf?s=96&d=mm&r=g"},"magazineBlocksPostCommentsNumber":"0","magazineBlocksPostExcerpt":"P\u00e1nuco, Ver.\u2013 El Instituto Tecnol\u00f3gico Superior de P\u00e1nuco tuvo una destacada participaci\u00f3n en el\u00a0Encuentro Nacional de Rob\u00f3tica TecNM 2026, celebrado en el\u00a0Instituto Tecnol\u00f3gico de Tlalnepantla. &nbsp;En este importante evento acad\u00e9mico&hellip;","magazineBlocksPostCategories":["LOCAL"],"magazineBlocksPostViewCount":118,"magazineBlocksPostReadTime":2,"magazine_blocks_featured_image_url":{"full":["https:\/\/vocesdeveracruz.com.mx\/wp-content\/uploads\/2026\/02\/WhatsApp-Image-2026-02-19-at-13.02.19-1.jpg",1600,1236,false],"medium":["https:\/\/vocesdeveracruz.com.mx\/wp-content\/uploads\/2026\/02\/WhatsApp-Image-2026-02-19-at-13.02.19-1-300x232.jpg",300,232,true],"thumbnail":["https:\/\/vocesdeveracruz.com.mx\/wp-content\/uploads\/2026\/02\/WhatsApp-Image-2026-02-19-at-13.02.19-1-150x150.jpg",150,150,true]},"magazine_blocks_author":{"display_name":"admin","author_link":"https:\/\/vocesdeveracruz.com.mx\/?author=1"},"magazine_blocks_comment":0,"magazine_blocks_author_image":"https:\/\/secure.gravatar.com\/avatar\/9d5013f9042ef2dfeb4122e9609da41e1858252ad644b84f2ec3a64ab59cceaf?s=96&d=mm&r=g","magazine_blocks_category":"<a href=\"https:\/\/vocesdeveracruz.com.mx\/?cat=72\" rel=\"category\">LOCAL<\/a>","_links":{"self":[{"href":"https:\/\/vocesdeveracruz.com.mx\/index.php?rest_route=\/wp\/v2\/posts\/5257","targetHints":{"allow":["GET"]}}],"collection":[{"href":"https:\/\/vocesdeveracruz.com.mx\/index.php?rest_route=\/wp\/v2\/posts"}],"about":[{"href":"https:\/\/vocesdeveracruz.com.mx\/index.php?rest_route=\/wp\/v2\/types\/post"}],"author":[{"embeddable":true,"href":"https:\/\/vocesdeveracruz.com.mx\/index.php?rest_route=\/wp\/v2\/users\/1"}],"replies":[{"embeddable":true,"href":"https:\/\/vocesdeveracruz.com.mx\/index.php?rest_route=%2Fwp%2Fv2%2Fcomments&post=5257"}],"version-history":[{"count":1,"href":"https:\/\/vocesdeveracruz.com.mx\/index.php?rest_route=\/wp\/v2\/posts\/5257\/revisions"}],"predecessor-version":[{"id":5259,"href":"https:\/\/vocesdeveracruz.com.mx\/index.php?rest_route=\/wp\/v2\/posts\/5257\/revisions\/5259"}],"wp:featuredmedia":[{"embeddable":true,"href":"https:\/\/vocesdeveracruz.com.mx\/index.php?rest_route=\/wp\/v2\/media\/5258"}],"wp:attachment":[{"href":"https:\/\/vocesdeveracruz.com.mx\/index.php?rest_route=%2Fwp%2Fv2%2Fmedia&parent=5257"}],"wp:term":[{"taxonomy":"category","embeddable":true,"href":"https:\/\/vocesdeveracruz.com.mx\/index.php?rest_route=%2Fwp%2Fv2%2Fcategories&post=5257"},{"taxonomy":"post_tag","embeddable":true,"href":"https:\/\/vocesdeveracruz.com.mx\/index.php?rest_route=%2Fwp%2Fv2%2Ftags&post=5257"}],"curies":[{"name":"wp","href":"https:\/\/api.w.org\/{rel}","templated":true}]}}