{"id":5254,"date":"2026-02-23T18:23:23","date_gmt":"2026-02-24T00:23:23","guid":{"rendered":"https:\/\/vocesdeveracruz.com.mx\/?p=5254"},"modified":"2026-02-23T18:23:23","modified_gmt":"2026-02-24T00:23:23","slug":"presentan-comite-organizador-de-la-expoferia-tantoyuca-2026-tras-aprobacion-unanime-del-cabildo","status":"publish","type":"post","link":"https:\/\/vocesdeveracruz.com.mx\/?p=5254","title":{"rendered":"Presentan Comit\u00e9 Organizador de la ExpoFeria Tantoyuca 2026 tras aprobaci\u00f3n un\u00e1nime del Cabildo"},"content":{"rendered":"\n<p><\/p>\n\n\n\n<p>Tantoyuca, Veracruz. \u2014 Luego de ser aprobada por unanimidad la integraci\u00f3n del Comit\u00e9 Organizador de la ExpoFeria Tantoyuca 2026 durante Sesi\u00f3n Extraordinaria de Cabildo, el Ayuntamiento de Tantoyuca llev\u00f3 a cabo la presentaci\u00f3n oficial del Comit\u00e9 en los terrenos de la feria.<\/p>\n\n\n\n<p>La sesi\u00f3n fue encabezada por el presidente municipal constitucional, Roberto Francisco San Rom\u00e1n Solana, con la participaci\u00f3n de las y los integrantes del Honorable Cabildo, quienes verificaron el qu\u00f3rum legal conforme a la Ley Org\u00e1nica del Municipio Libre.<\/p>\n\n\n\n<p>Tras la aprobaci\u00f3n del Comit\u00e9 de Feria, autoridades municipales y las personas designadas realizaron un recorrido por el recinto ferial, donde se revisaron las condiciones del espacio, \u00e1reas operativas y necesidades prioritarias para la adecuada planeaci\u00f3n del evento.<\/p>\n\n\n\n<p>El Comit\u00e9 Organizador qued\u00f3 integrado por: Joaqu\u00edn Ju\u00e1rez Alarc\u00f3n, Presidente, Gilberto Ezequiel Barrag\u00e1n Medell\u00edn, Tesorero y Roberto de Jes\u00fas San Rom\u00e1n Vera, Vocal.<\/p>\n\n\n\n<p>Los cargos ser\u00e1n desempe\u00f1ados con car\u00e1cter honor\u00edfico y voluntario, fortaleciendo la participaci\u00f3n ciudadana y la corresponsabilidad en la organizaci\u00f3n de esta celebraci\u00f3n emblem\u00e1tica.<\/p>\n\n\n\n<p>Asimismo, se inform\u00f3 que el Comit\u00e9 trabajar\u00e1 de manera coordinada con el Ing. Bonifacio D\u00edaz Montiel, encargado del \u00e1rea de ganader\u00eda, la Mtra. Adriana Paredes Vera, titular de la Direcci\u00f3n de Comercio y Alcoholes, as\u00ed como con las distintas \u00e1reas administrativas y operativas del Ayuntamiento.<\/p>\n\n\n\n<p>Durante la presentaci\u00f3n, el Gobierno Municipal destac\u00f3 que este acto representa el arranque formal de los trabajos organizativos, enfocados en garantizar una feria ordenada, segura y a la altura de las expectativas de la ciudadan\u00eda.<\/p>\n\n\n\n<p>Aunado a los artistas ya confirmados para esta edici\u00f3n, se revel\u00f3 que el pr\u00f3ximo 29 de marzo se presentar\u00e1 el show original de Bely y Beto, espect\u00e1culo dirigido especialmente a las ni\u00f1as y ni\u00f1os del municipio.<\/p>\n\n\n\n<p>La ExpoFeria Tantoyuca es reconocida como un evento de alta relevancia social, cultural y econ\u00f3mica, cuya tradici\u00f3n se ha mantenido vigente por m\u00e1s de medio siglo, consolid\u00e1ndose como un referente regional.<\/p>\n\n\n\n<p>Con estas acciones, el Ayuntamiento de Tantoyuca reafirma su compromiso de impulsar eventos que fortalecen la identidad, la convivencia social y el desarrollo del municipio.<\/p>\n","protected":false},"excerpt":{"rendered":"<p>Tantoyuca, Veracruz. \u2014 Luego de ser aprobada por unanimidad la integraci\u00f3n del Comit\u00e9 Organizador de la ExpoFeria Tantoyuca 2026 durante Sesi\u00f3n Extraordinaria de Cabildo, el Ayuntamiento de Tantoyuca llev\u00f3 a&hellip;<\/p>\n","protected":false},"author":1,"featured_media":5255,"comment_status":"open","ping_status":"closed","sticky":false,"template":"","format":"standard","meta":{"footnotes":""},"categories":[75],"tags":[],"class_list":["post-5254","post","type-post","status-publish","format-standard","has-post-thumbnail","hentry","category-regional"],"magazineBlocksPostFeaturedMedia":{"thumbnail":"https:\/\/vocesdeveracruz.com.mx\/wp-content\/uploads\/2026\/02\/99503504-7883-4346-81d0-fd2d060ea918-150x150.jpg","medium":"https:\/\/vocesdeveracruz.com.mx\/wp-content\/uploads\/2026\/02\/99503504-7883-4346-81d0-fd2d060ea918-300x225.jpg","medium_large":"https:\/\/vocesdeveracruz.com.mx\/wp-content\/uploads\/2026\/02\/99503504-7883-4346-81d0-fd2d060ea918-768x576.jpg","large":"https:\/\/vocesdeveracruz.com.mx\/wp-content\/uploads\/2026\/02\/99503504-7883-4346-81d0-fd2d060ea918-1024x768.jpg","1536x1536":"https:\/\/vocesdeveracruz.com.mx\/wp-content\/uploads\/2026\/02\/99503504-7883-4346-81d0-fd2d060ea918.jpg","2048x2048":"https:\/\/vocesdeveracruz.com.mx\/wp-content\/uploads\/2026\/02\/99503504-7883-4346-81d0-fd2d060ea918.jpg"},"magazineBlocksPostAuthor":{"name":"admin","avatar":"https:\/\/secure.gravatar.com\/avatar\/9d5013f9042ef2dfeb4122e9609da41e1858252ad644b84f2ec3a64ab59cceaf?s=96&d=mm&r=g"},"magazineBlocksPostCommentsNumber":"0","magazineBlocksPostExcerpt":"Tantoyuca, Veracruz. \u2014 Luego de ser aprobada por unanimidad la integraci\u00f3n del Comit\u00e9 Organizador de la ExpoFeria Tantoyuca 2026 durante Sesi\u00f3n Extraordinaria de Cabildo, el Ayuntamiento de Tantoyuca llev\u00f3 a&hellip;","magazineBlocksPostCategories":["REGIONAL"],"magazineBlocksPostViewCount":182,"magazineBlocksPostReadTime":2,"magazine_blocks_featured_image_url":{"full":["https:\/\/vocesdeveracruz.com.mx\/wp-content\/uploads\/2026\/02\/99503504-7883-4346-81d0-fd2d060ea918.jpg",1280,960,false],"medium":["https:\/\/vocesdeveracruz.com.mx\/wp-content\/uploads\/2026\/02\/99503504-7883-4346-81d0-fd2d060ea918-300x225.jpg",300,225,true],"thumbnail":["https:\/\/vocesdeveracruz.com.mx\/wp-content\/uploads\/2026\/02\/99503504-7883-4346-81d0-fd2d060ea918-150x150.jpg",150,150,true]},"magazine_blocks_author":{"display_name":"admin","author_link":"https:\/\/vocesdeveracruz.com.mx\/?author=1"},"magazine_blocks_comment":0,"magazine_blocks_author_image":"https:\/\/secure.gravatar.com\/avatar\/9d5013f9042ef2dfeb4122e9609da41e1858252ad644b84f2ec3a64ab59cceaf?s=96&d=mm&r=g","magazine_blocks_category":"<a href=\"https:\/\/vocesdeveracruz.com.mx\/?cat=75\" rel=\"category\">REGIONAL<\/a>","_links":{"self":[{"href":"https:\/\/vocesdeveracruz.com.mx\/index.php?rest_route=\/wp\/v2\/posts\/5254","targetHints":{"allow":["GET"]}}],"collection":[{"href":"https:\/\/vocesdeveracruz.com.mx\/index.php?rest_route=\/wp\/v2\/posts"}],"about":[{"href":"https:\/\/vocesdeveracruz.com.mx\/index.php?rest_route=\/wp\/v2\/types\/post"}],"author":[{"embeddable":true,"href":"https:\/\/vocesdeveracruz.com.mx\/index.php?rest_route=\/wp\/v2\/users\/1"}],"replies":[{"embeddable":true,"href":"https:\/\/vocesdeveracruz.com.mx\/index.php?rest_route=%2Fwp%2Fv2%2Fcomments&post=5254"}],"version-history":[{"count":1,"href":"https:\/\/vocesdeveracruz.com.mx\/index.php?rest_route=\/wp\/v2\/posts\/5254\/revisions"}],"predecessor-version":[{"id":5256,"href":"https:\/\/vocesdeveracruz.com.mx\/index.php?rest_route=\/wp\/v2\/posts\/5254\/revisions\/5256"}],"wp:featuredmedia":[{"embeddable":true,"href":"https:\/\/vocesdeveracruz.com.mx\/index.php?rest_route=\/wp\/v2\/media\/5255"}],"wp:attachment":[{"href":"https:\/\/vocesdeveracruz.com.mx\/index.php?rest_route=%2Fwp%2Fv2%2Fmedia&parent=5254"}],"wp:term":[{"taxonomy":"category","embeddable":true,"href":"https:\/\/vocesdeveracruz.com.mx\/index.php?rest_route=%2Fwp%2Fv2%2Fcategories&post=5254"},{"taxonomy":"post_tag","embeddable":true,"href":"https:\/\/vocesdeveracruz.com.mx\/index.php?rest_route=%2Fwp%2Fv2%2Ftags&post=5254"}],"curies":[{"name":"wp","href":"https:\/\/api.w.org\/{rel}","templated":true}]}}