{"id":5248,"date":"2026-02-18T10:53:32","date_gmt":"2026-02-18T16:53:32","guid":{"rendered":"https:\/\/vocesdeveracruz.com.mx\/?p=5248"},"modified":"2026-02-18T10:53:32","modified_gmt":"2026-02-18T16:53:32","slug":"ong-pide-no-ridiculizar-a-infancias-therians","status":"publish","type":"post","link":"https:\/\/vocesdeveracruz.com.mx\/?p=5248","title":{"rendered":"ONG pide no ridiculizar a infancias \u201cTherians\u201d"},"content":{"rendered":"\n<p style=\"font-size:28px\"><strong>Advierten riesgos de violencia digital<\/strong><\/p>\n\n\n\n<p><strong>CIUDAD DE M\u00c9XICO.<\/strong>&nbsp;\u2014 La organizaci\u00f3n&nbsp;<strong>Tejiendo Redes Infancia<\/strong>&nbsp;hizo un llamado urgente a la sociedad, autoridades y medios de comunicaci\u00f3n para evitar la ridiculizaci\u00f3n y estigmatizaci\u00f3n de ni\u00f1as, ni\u00f1os y adolescentes que se identifican como \u201c<strong>Therians<\/strong>\u201c. La ONG advirti\u00f3 que los prejuicios \u201cadultocentristas\u201d y la exposici\u00f3n p\u00fablica de estas identidades incrementan los riesgos de&nbsp;<strong>ciberacoso, acoso escolar y discriminaci\u00f3n<\/strong>.<\/p>\n\n\n\n<h3 class=\"wp-block-heading\"><strong>\u00bfQu\u00e9 son los \u201cTherians\u201d?<\/strong><\/h3>\n\n\n\n<p>Los \u201cTherians\u201d son personas que se identifican y act\u00faan como animales, adoptando comportamientos, movimientos y, en ocasiones, vestimentas como m\u00e1scaras de perros, gatos o zorros. Esta tendencia ha cobrado relevancia en plataformas como&nbsp;<strong>TikTok e Instagram<\/strong>, donde j\u00f3venes comparten videos expresando esta identidad, a menudo vinculada a culturas juveniles como el&nbsp;<em>cosplay<\/em>&nbsp;o el&nbsp;<em>fandom furry<\/em>.<\/p>\n\n\n\n<h3 class=\"wp-block-heading\"><strong>Riesgos de estigmatizaci\u00f3n y patologizaci\u00f3n<\/strong><\/h3>\n\n\n\n<p>Juan Mart\u00edn P\u00e9rez Garc\u00eda, coordinador de Tejiendo Redes Infancia, se\u00f1al\u00f3 que el principal peligro no es la conducta en s\u00ed, sino el&nbsp;<strong>estigma social<\/strong>. La organizaci\u00f3n destac\u00f3 varios puntos cr\u00edticos:<\/p>\n\n\n\n<ul class=\"wp-block-list\">\n<li><strong>No es un padecimiento:<\/strong>\u00a0Se aclar\u00f3 que estas vivencias \u201cno humanas\u201d no significan necesariamente un trastorno psiqui\u00e1trico o una disociaci\u00f3n con la realidad.<\/li>\n\n\n\n<li><strong>Evitar titulares sensacionalistas:<\/strong>\u00a0Se exhort\u00f3 a los medios a no utilizar t\u00e9rminos \u201cpatologizantes\u201d ni analog\u00edas de peligro que conviertan este fen\u00f3meno en un espect\u00e1culo humillante.<\/li>\n\n\n\n<li><strong>Protecci\u00f3n de datos:<\/strong>\u00a0La ONG inst\u00f3 a proteger la identidad de los menores, evitando el\u00a0<em>doxxing<\/em>\u00a0(publicar nombres, escuelas o ubicaciones) al citar videos virales.<\/li>\n<\/ul>\n\n\n\n<h3 class=\"wp-block-heading\"><strong>El llamado al acompa\u00f1amiento<\/strong><\/h3>\n\n\n\n<p>La organizaci\u00f3n recomend\u00f3 a padres y docentes realizar un acompa\u00f1amiento&nbsp;<strong>no invasivo y libre de estigmas<\/strong>. El objetivo es observar si existen se\u00f1ales de aislamiento, autolesiones o acoso escolar, priorizando el di\u00e1logo y la alfabetizaci\u00f3n digital sobre la censura o el castigo identitario.<\/p>\n\n\n\n<p>Finalmente, recordaron que, seg\u00fan el Comit\u00e9 de los Derechos del Ni\u00f1o, los Estados deben garantizar que la seguridad en el entorno digital no se convierta en una herramienta para vulnerar el derecho a la participaci\u00f3n y la libre expresi\u00f3n de la personalidad de las juventudes.<\/p>\n","protected":false},"excerpt":{"rendered":"<p>Advierten riesgos de violencia digital CIUDAD DE M\u00c9XICO.&nbsp;\u2014 La organizaci\u00f3n&nbsp;Tejiendo Redes Infancia&nbsp;hizo un llamado urgente a la sociedad, autoridades y medios de comunicaci\u00f3n para evitar la ridiculizaci\u00f3n y estigmatizaci\u00f3n de&hellip;<\/p>\n","protected":false},"author":1,"featured_media":5249,"comment_status":"open","ping_status":"closed","sticky":false,"template":"","format":"standard","meta":{"footnotes":""},"categories":[73],"tags":[],"class_list":["post-5248","post","type-post","status-publish","format-standard","has-post-thumbnail","hentry","category-nacional"],"magazineBlocksPostFeaturedMedia":{"thumbnail":"https:\/\/vocesdeveracruz.com.mx\/wp-content\/uploads\/2026\/02\/therians-150x150.png","medium":"https:\/\/vocesdeveracruz.com.mx\/wp-content\/uploads\/2026\/02\/therians-300x170.png","medium_large":"https:\/\/vocesdeveracruz.com.mx\/wp-content\/uploads\/2026\/02\/therians-768x435.png","large":"https:\/\/vocesdeveracruz.com.mx\/wp-content\/uploads\/2026\/02\/therians.png","1536x1536":"https:\/\/vocesdeveracruz.com.mx\/wp-content\/uploads\/2026\/02\/therians.png","2048x2048":"https:\/\/vocesdeveracruz.com.mx\/wp-content\/uploads\/2026\/02\/therians.png"},"magazineBlocksPostAuthor":{"name":"admin","avatar":"https:\/\/secure.gravatar.com\/avatar\/9d5013f9042ef2dfeb4122e9609da41e1858252ad644b84f2ec3a64ab59cceaf?s=96&d=mm&r=g"},"magazineBlocksPostCommentsNumber":"0","magazineBlocksPostExcerpt":"Advierten riesgos de violencia digital CIUDAD DE M\u00c9XICO.&nbsp;\u2014 La organizaci\u00f3n&nbsp;Tejiendo Redes Infancia&nbsp;hizo un llamado urgente a la sociedad, autoridades y medios de comunicaci\u00f3n para evitar la ridiculizaci\u00f3n y estigmatizaci\u00f3n de&hellip;","magazineBlocksPostCategories":["NACIONAL"],"magazineBlocksPostViewCount":174,"magazineBlocksPostReadTime":2,"magazine_blocks_featured_image_url":{"full":["https:\/\/vocesdeveracruz.com.mx\/wp-content\/uploads\/2026\/02\/therians.png",1000,567,false],"medium":["https:\/\/vocesdeveracruz.com.mx\/wp-content\/uploads\/2026\/02\/therians-300x170.png",300,170,true],"thumbnail":["https:\/\/vocesdeveracruz.com.mx\/wp-content\/uploads\/2026\/02\/therians-150x150.png",150,150,true]},"magazine_blocks_author":{"display_name":"admin","author_link":"https:\/\/vocesdeveracruz.com.mx\/?author=1"},"magazine_blocks_comment":0,"magazine_blocks_author_image":"https:\/\/secure.gravatar.com\/avatar\/9d5013f9042ef2dfeb4122e9609da41e1858252ad644b84f2ec3a64ab59cceaf?s=96&d=mm&r=g","magazine_blocks_category":"<a href=\"https:\/\/vocesdeveracruz.com.mx\/?cat=73\" rel=\"category\">NACIONAL<\/a>","_links":{"self":[{"href":"https:\/\/vocesdeveracruz.com.mx\/index.php?rest_route=\/wp\/v2\/posts\/5248","targetHints":{"allow":["GET"]}}],"collection":[{"href":"https:\/\/vocesdeveracruz.com.mx\/index.php?rest_route=\/wp\/v2\/posts"}],"about":[{"href":"https:\/\/vocesdeveracruz.com.mx\/index.php?rest_route=\/wp\/v2\/types\/post"}],"author":[{"embeddable":true,"href":"https:\/\/vocesdeveracruz.com.mx\/index.php?rest_route=\/wp\/v2\/users\/1"}],"replies":[{"embeddable":true,"href":"https:\/\/vocesdeveracruz.com.mx\/index.php?rest_route=%2Fwp%2Fv2%2Fcomments&post=5248"}],"version-history":[{"count":1,"href":"https:\/\/vocesdeveracruz.com.mx\/index.php?rest_route=\/wp\/v2\/posts\/5248\/revisions"}],"predecessor-version":[{"id":5250,"href":"https:\/\/vocesdeveracruz.com.mx\/index.php?rest_route=\/wp\/v2\/posts\/5248\/revisions\/5250"}],"wp:featuredmedia":[{"embeddable":true,"href":"https:\/\/vocesdeveracruz.com.mx\/index.php?rest_route=\/wp\/v2\/media\/5249"}],"wp:attachment":[{"href":"https:\/\/vocesdeveracruz.com.mx\/index.php?rest_route=%2Fwp%2Fv2%2Fmedia&parent=5248"}],"wp:term":[{"taxonomy":"category","embeddable":true,"href":"https:\/\/vocesdeveracruz.com.mx\/index.php?rest_route=%2Fwp%2Fv2%2Fcategories&post=5248"},{"taxonomy":"post_tag","embeddable":true,"href":"https:\/\/vocesdeveracruz.com.mx\/index.php?rest_route=%2Fwp%2Fv2%2Ftags&post=5248"}],"curies":[{"name":"wp","href":"https:\/\/api.w.org\/{rel}","templated":true}]}}