{"id":5243,"date":"2026-02-18T10:25:23","date_gmt":"2026-02-18T16:25:23","guid":{"rendered":"https:\/\/vocesdeveracruz.com.mx\/?p=5243"},"modified":"2026-02-18T10:25:23","modified_gmt":"2026-02-18T16:25:23","slug":"egresados-de-ingenieria-industrial-celebran-su-titulacion-en-el-tecnm-campus-panuco","status":"publish","type":"post","link":"https:\/\/vocesdeveracruz.com.mx\/?p=5243","title":{"rendered":"EGRESADOS DE INGENIER\u00cdA INDUSTRIAL CELEBRAN SU TITULACI\u00d3N EN EL TECNM CAMPUS P\u00c1NUCO"},"content":{"rendered":"\n<p>\u00a0P\u00e1nuco, Ver \u2013 En un escenario colmado de alegr\u00eda, orgullo y grandes expectativas, 20 estudiantes de la carrera de Ingenier\u00eda Industrial del TecNM Campus P\u00e1nuco concluyeron formalmente su formaci\u00f3n profesional en una significativa ceremonia de titulaci\u00f3n realizada en la Sala Audiovisual de la instituci\u00f3n. La ocasi\u00f3n represent\u00f3 la culminaci\u00f3n de a\u00f1os de disciplina, entrega y perseverancia, as\u00ed como el punto de partida hacia nuevas metas dentro del \u00e1mbito laboral.<\/p>\n\n\n\n<p>El pres\u00eddium estuvo conformado por la Mtra. Argia Lili Paz Molina, Directora Acad\u00e9mica del TecNM Campus P\u00e1nuco; el Ing. Joel Estuardo L\u00f3pez Mondrag\u00f3n, Subdirector Acad\u00e9mico; la Ing. Catalina Mej\u00eda Barrios, Jefa de la Divisi\u00f3n de Ingenier\u00eda Industrial; y el Ing. Celso Francisco Valdez Guzm\u00e1n, Presidente de la Academia de la carrera, quienes dirigieron un mensaje de reconocimiento a las y los ahora profesionistas, destacando su constancia y compromiso a lo largo de su trayectoria acad\u00e9mica. En compa\u00f1\u00eda de docentes, asesores, integrantes del jurado, familiares y amistades, las y los egresados recibieron el documento oficial que acredita su preparaci\u00f3n profesional, en un momento lleno de emotividad.<\/p>\n\n\n\n<div class=\"wp-block-columns is-layout-flex wp-container-core-columns-is-layout-9d6595d7 wp-block-columns-is-layout-flex\">\n<div class=\"wp-block-column is-layout-flow wp-block-column-is-layout-flow\">\n<figure class=\"wp-block-image size-large\"><img loading=\"lazy\" decoding=\"async\" width=\"1024\" height=\"571\" src=\"https:\/\/vocesdeveracruz.com.mx\/wp-content\/uploads\/2026\/02\/637936198_942665195389072_5025890299706887028_n-1024x571.jpg\" alt=\"\" class=\"wp-image-5245\" srcset=\"https:\/\/vocesdeveracruz.com.mx\/wp-content\/uploads\/2026\/02\/637936198_942665195389072_5025890299706887028_n-1024x571.jpg 1024w, https:\/\/vocesdeveracruz.com.mx\/wp-content\/uploads\/2026\/02\/637936198_942665195389072_5025890299706887028_n-300x167.jpg 300w, https:\/\/vocesdeveracruz.com.mx\/wp-content\/uploads\/2026\/02\/637936198_942665195389072_5025890299706887028_n-768x428.jpg 768w, https:\/\/vocesdeveracruz.com.mx\/wp-content\/uploads\/2026\/02\/637936198_942665195389072_5025890299706887028_n-1536x856.jpg 1536w, https:\/\/vocesdeveracruz.com.mx\/wp-content\/uploads\/2026\/02\/637936198_942665195389072_5025890299706887028_n.jpg 2048w\" sizes=\"auto, (max-width: 1024px) 100vw, 1024px\" \/><\/figure>\n<\/div>\n\n\n\n<div class=\"wp-block-column is-layout-flow wp-block-column-is-layout-flow\">\n<figure class=\"wp-block-image size-large\"><img loading=\"lazy\" decoding=\"async\" width=\"1024\" height=\"568\" src=\"https:\/\/vocesdeveracruz.com.mx\/wp-content\/uploads\/2026\/02\/636555548_942665112055747_285347700861409036_n-1024x568.jpg\" alt=\"\" class=\"wp-image-5246\" srcset=\"https:\/\/vocesdeveracruz.com.mx\/wp-content\/uploads\/2026\/02\/636555548_942665112055747_285347700861409036_n-1024x568.jpg 1024w, https:\/\/vocesdeveracruz.com.mx\/wp-content\/uploads\/2026\/02\/636555548_942665112055747_285347700861409036_n-300x166.jpg 300w, https:\/\/vocesdeveracruz.com.mx\/wp-content\/uploads\/2026\/02\/636555548_942665112055747_285347700861409036_n-768x426.jpg 768w, https:\/\/vocesdeveracruz.com.mx\/wp-content\/uploads\/2026\/02\/636555548_942665112055747_285347700861409036_n-1536x851.jpg 1536w, https:\/\/vocesdeveracruz.com.mx\/wp-content\/uploads\/2026\/02\/636555548_942665112055747_285347700861409036_n.jpg 2048w\" sizes=\"auto, (max-width: 1024px) 100vw, 1024px\" \/><\/figure>\n<\/div>\n<\/div>\n\n\n\n<p>Integran esta generaci\u00f3n: Arnaud Vel\u00e1zquez Lilia; Barrios Gonz\u00e1lez Deysi Arely; Cobos Ramos Edgar Marcial; Costantino P\u00e1rez Ricardo; Covarrubias Bautista Isis; D\u00edaz Ya\u00f1ez Ariana Isabel; Escalante Ram\u00edrez Jes\u00fas Arturo; Estrada Mart\u00ednez Juan Daniel; Fern\u00e1ndez Valdez Sully Danai; Franco Castillo Pedro Jaime; Gonz\u00e1lez Barrios Esthefani; Gonz\u00e1lez Soto Israel; Guzm\u00e1n Armenta \u00c1ngel Yair; Hern\u00e1ndez Ahumada Gisela Isabel; Hern\u00e1ndez Garc\u00eda Cristian Yahir; Hern\u00e1ndez Salvador Geraldin; Orta G\u00f3mez Mar\u00eda Isabel; Ponce Hern\u00e1ndez Deniz Esmeralda; Rivera De Le\u00f3n Azael; y Rodr\u00edguez Cruz Jessica, quienes desde este d\u00eda asumen el compromiso de desempe\u00f1arse con \u00e9tica y profesionalismo, llevando en alto el nombre de su instituci\u00f3n.<\/p>\n\n\n\n<p>&nbsp;Con este logro, las y los nuevos ingenieros industriales del Tecnol\u00f3gico de P\u00e1nuco se proyectan hacia un futuro prometedor, preparados para aportar sus conocimientos, habilidades y valores al desarrollo social y econ\u00f3mico de la regi\u00f3n, consolidando as\u00ed el impacto positivo de su formaci\u00f3n acad\u00e9mica.<a href=\"https:\/\/www.panuco.tecnm.mx\/author\/comunicacion\/\"><\/a><\/p>\n","protected":false},"excerpt":{"rendered":"<p>\u00a0P\u00e1nuco, Ver \u2013 En un escenario colmado de alegr\u00eda, orgullo y grandes expectativas, 20 estudiantes de la carrera de Ingenier\u00eda Industrial del TecNM Campus P\u00e1nuco concluyeron formalmente su formaci\u00f3n profesional&hellip;<\/p>\n","protected":false},"author":1,"featured_media":5244,"comment_status":"open","ping_status":"closed","sticky":false,"template":"","format":"standard","meta":{"footnotes":""},"categories":[72],"tags":[],"class_list":["post-5243","post","type-post","status-publish","format-standard","has-post-thumbnail","hentry","category-local"],"magazineBlocksPostFeaturedMedia":{"thumbnail":"https:\/\/vocesdeveracruz.com.mx\/wp-content\/uploads\/2026\/02\/637921101_942665115389080_3064116968274904876_n-150x150.jpg","medium":"https:\/\/vocesdeveracruz.com.mx\/wp-content\/uploads\/2026\/02\/637921101_942665115389080_3064116968274904876_n-300x163.jpg","medium_large":"https:\/\/vocesdeveracruz.com.mx\/wp-content\/uploads\/2026\/02\/637921101_942665115389080_3064116968274904876_n-768x418.jpg","large":"https:\/\/vocesdeveracruz.com.mx\/wp-content\/uploads\/2026\/02\/637921101_942665115389080_3064116968274904876_n-1024x557.jpg","1536x1536":"https:\/\/vocesdeveracruz.com.mx\/wp-content\/uploads\/2026\/02\/637921101_942665115389080_3064116968274904876_n-1536x836.jpg","2048x2048":"https:\/\/vocesdeveracruz.com.mx\/wp-content\/uploads\/2026\/02\/637921101_942665115389080_3064116968274904876_n.jpg"},"magazineBlocksPostAuthor":{"name":"admin","avatar":"https:\/\/secure.gravatar.com\/avatar\/9d5013f9042ef2dfeb4122e9609da41e1858252ad644b84f2ec3a64ab59cceaf?s=96&d=mm&r=g"},"magazineBlocksPostCommentsNumber":"0","magazineBlocksPostExcerpt":"\u00a0P\u00e1nuco, Ver \u2013 En un escenario colmado de alegr\u00eda, orgullo y grandes expectativas, 20 estudiantes de la carrera de Ingenier\u00eda Industrial del TecNM Campus P\u00e1nuco concluyeron formalmente su formaci\u00f3n profesional&hellip;","magazineBlocksPostCategories":["LOCAL"],"magazineBlocksPostViewCount":182,"magazineBlocksPostReadTime":2,"magazine_blocks_featured_image_url":{"full":["https:\/\/vocesdeveracruz.com.mx\/wp-content\/uploads\/2026\/02\/637921101_942665115389080_3064116968274904876_n.jpg",2048,1114,false],"medium":["https:\/\/vocesdeveracruz.com.mx\/wp-content\/uploads\/2026\/02\/637921101_942665115389080_3064116968274904876_n-300x163.jpg",300,163,true],"thumbnail":["https:\/\/vocesdeveracruz.com.mx\/wp-content\/uploads\/2026\/02\/637921101_942665115389080_3064116968274904876_n-150x150.jpg",150,150,true]},"magazine_blocks_author":{"display_name":"admin","author_link":"https:\/\/vocesdeveracruz.com.mx\/?author=1"},"magazine_blocks_comment":0,"magazine_blocks_author_image":"https:\/\/secure.gravatar.com\/avatar\/9d5013f9042ef2dfeb4122e9609da41e1858252ad644b84f2ec3a64ab59cceaf?s=96&d=mm&r=g","magazine_blocks_category":"<a href=\"https:\/\/vocesdeveracruz.com.mx\/?cat=72\" rel=\"category\">LOCAL<\/a>","_links":{"self":[{"href":"https:\/\/vocesdeveracruz.com.mx\/index.php?rest_route=\/wp\/v2\/posts\/5243","targetHints":{"allow":["GET"]}}],"collection":[{"href":"https:\/\/vocesdeveracruz.com.mx\/index.php?rest_route=\/wp\/v2\/posts"}],"about":[{"href":"https:\/\/vocesdeveracruz.com.mx\/index.php?rest_route=\/wp\/v2\/types\/post"}],"author":[{"embeddable":true,"href":"https:\/\/vocesdeveracruz.com.mx\/index.php?rest_route=\/wp\/v2\/users\/1"}],"replies":[{"embeddable":true,"href":"https:\/\/vocesdeveracruz.com.mx\/index.php?rest_route=%2Fwp%2Fv2%2Fcomments&post=5243"}],"version-history":[{"count":1,"href":"https:\/\/vocesdeveracruz.com.mx\/index.php?rest_route=\/wp\/v2\/posts\/5243\/revisions"}],"predecessor-version":[{"id":5247,"href":"https:\/\/vocesdeveracruz.com.mx\/index.php?rest_route=\/wp\/v2\/posts\/5243\/revisions\/5247"}],"wp:featuredmedia":[{"embeddable":true,"href":"https:\/\/vocesdeveracruz.com.mx\/index.php?rest_route=\/wp\/v2\/media\/5244"}],"wp:attachment":[{"href":"https:\/\/vocesdeveracruz.com.mx\/index.php?rest_route=%2Fwp%2Fv2%2Fmedia&parent=5243"}],"wp:term":[{"taxonomy":"category","embeddable":true,"href":"https:\/\/vocesdeveracruz.com.mx\/index.php?rest_route=%2Fwp%2Fv2%2Fcategories&post=5243"},{"taxonomy":"post_tag","embeddable":true,"href":"https:\/\/vocesdeveracruz.com.mx\/index.php?rest_route=%2Fwp%2Fv2%2Ftags&post=5243"}],"curies":[{"name":"wp","href":"https:\/\/api.w.org\/{rel}","templated":true}]}}