{"id":5236,"date":"2026-02-16T19:14:16","date_gmt":"2026-02-17T01:14:16","guid":{"rendered":"https:\/\/vocesdeveracruz.com.mx\/?p=5236"},"modified":"2026-02-16T19:14:16","modified_gmt":"2026-02-17T01:14:16","slug":"jovenes-se-identifican-como-therians-moda-digital-o-busqueda-de-identidad","status":"publish","type":"post","link":"https:\/\/vocesdeveracruz.com.mx\/?p=5236","title":{"rendered":"J\u00f3venes se identifican como \u201cTherians\u201d: \u00bfmoda digital o b\u00fasqueda de identidad?"},"content":{"rendered":"\n<p>P\u00e1nuco,&nbsp; Ver.- En los \u00faltimos meses ha cobrado fuerza en redes sociales una tendencia juvenil conocida como therian, un t\u00e9rmino que ha generado debate entre padres de familia, docentes y especialistas en cultura digital. Cada vez son m\u00e1s los adolescentes que aseguran sentirse identificados espiritual o psicol\u00f3gicamente con un animal, principalmente lobos, zorros o felinos.<\/p>\n\n\n\n<p>El concepto proviene de la teriantrop\u00eda (therianthropy), que describe a personas que consideran tener una conexi\u00f3n identitaria con un animal no humano. Quienes forman parte de este movimiento se\u00f1alan que no se trata de un disfraz ni de un juego de rol, sino de una expresi\u00f3n personal. Algunos j\u00f3venes realizan actividades como correr en cuatro patas, pr\u00e1ctica conocida en redes como \u201cquadrobics\u201d, usar m\u00e1scaras o colas artificiales y reunirse en parques con otros que comparten la misma afinidad.<\/p>\n\n\n\n<p>Aunque el fen\u00f3meno surgi\u00f3 en foros de internet en la d\u00e9cada de los noventa, principalmente en comunidades angloparlantes que discut\u00edan espiritualidad y culturas alternativas, su popularidad creci\u00f3 recientemente gracias a plataformas como TikTok, donde adolescentes comparten videos explicando su identidad o recreando movimientos animales.<\/p>\n\n\n\n<p>Especialistas en cultura digital se\u00f1alan que este auge puede estar relacionado con la b\u00fasqueda de pertenencia en comunidades virtuales y con nuevas formas de construcci\u00f3n de identidad en la juventud. El debate contin\u00faa abierto: \u00bfse trata de una moda pasajera impulsada por redes sociales o de una manifestaci\u00f3n m\u00e1s profunda sobre c\u00f3mo las nuevas generaciones exploran qui\u00e9nes son?<\/p>\n","protected":false},"excerpt":{"rendered":"<p>P\u00e1nuco,&nbsp; Ver.- En los \u00faltimos meses ha cobrado fuerza en redes sociales una tendencia juvenil conocida como therian, un t\u00e9rmino que ha generado debate entre padres de familia, docentes y&hellip;<\/p>\n","protected":false},"author":1,"featured_media":5237,"comment_status":"open","ping_status":"closed","sticky":false,"template":"","format":"standard","meta":{"footnotes":""},"categories":[72],"tags":[],"class_list":["post-5236","post","type-post","status-publish","format-standard","has-post-thumbnail","hentry","category-local"],"magazineBlocksPostFeaturedMedia":{"thumbnail":"https:\/\/vocesdeveracruz.com.mx\/wp-content\/uploads\/2026\/02\/FB_IMG_1771289919768-150x150.jpg","medium":"https:\/\/vocesdeveracruz.com.mx\/wp-content\/uploads\/2026\/02\/FB_IMG_1771289919768-300x169.jpg","medium_large":"https:\/\/vocesdeveracruz.com.mx\/wp-content\/uploads\/2026\/02\/FB_IMG_1771289919768-768x434.jpg","large":"https:\/\/vocesdeveracruz.com.mx\/wp-content\/uploads\/2026\/02\/FB_IMG_1771289919768.jpg","1536x1536":"https:\/\/vocesdeveracruz.com.mx\/wp-content\/uploads\/2026\/02\/FB_IMG_1771289919768.jpg","2048x2048":"https:\/\/vocesdeveracruz.com.mx\/wp-content\/uploads\/2026\/02\/FB_IMG_1771289919768.jpg"},"magazineBlocksPostAuthor":{"name":"admin","avatar":"https:\/\/secure.gravatar.com\/avatar\/9d5013f9042ef2dfeb4122e9609da41e1858252ad644b84f2ec3a64ab59cceaf?s=96&d=mm&r=g"},"magazineBlocksPostCommentsNumber":"0","magazineBlocksPostExcerpt":"P\u00e1nuco,&nbsp; Ver.- En los \u00faltimos meses ha cobrado fuerza en redes sociales una tendencia juvenil conocida como therian, un t\u00e9rmino que ha generado debate entre padres de familia, docentes y&hellip;","magazineBlocksPostCategories":["LOCAL"],"magazineBlocksPostViewCount":525,"magazineBlocksPostReadTime":2,"magazine_blocks_featured_image_url":{"full":["https:\/\/vocesdeveracruz.com.mx\/wp-content\/uploads\/2026\/02\/FB_IMG_1771289919768.jpg",942,532,false],"medium":["https:\/\/vocesdeveracruz.com.mx\/wp-content\/uploads\/2026\/02\/FB_IMG_1771289919768-300x169.jpg",300,169,true],"thumbnail":["https:\/\/vocesdeveracruz.com.mx\/wp-content\/uploads\/2026\/02\/FB_IMG_1771289919768-150x150.jpg",150,150,true]},"magazine_blocks_author":{"display_name":"admin","author_link":"https:\/\/vocesdeveracruz.com.mx\/?author=1"},"magazine_blocks_comment":0,"magazine_blocks_author_image":"https:\/\/secure.gravatar.com\/avatar\/9d5013f9042ef2dfeb4122e9609da41e1858252ad644b84f2ec3a64ab59cceaf?s=96&d=mm&r=g","magazine_blocks_category":"<a href=\"https:\/\/vocesdeveracruz.com.mx\/?cat=72\" rel=\"category\">LOCAL<\/a>","_links":{"self":[{"href":"https:\/\/vocesdeveracruz.com.mx\/index.php?rest_route=\/wp\/v2\/posts\/5236","targetHints":{"allow":["GET"]}}],"collection":[{"href":"https:\/\/vocesdeveracruz.com.mx\/index.php?rest_route=\/wp\/v2\/posts"}],"about":[{"href":"https:\/\/vocesdeveracruz.com.mx\/index.php?rest_route=\/wp\/v2\/types\/post"}],"author":[{"embeddable":true,"href":"https:\/\/vocesdeveracruz.com.mx\/index.php?rest_route=\/wp\/v2\/users\/1"}],"replies":[{"embeddable":true,"href":"https:\/\/vocesdeveracruz.com.mx\/index.php?rest_route=%2Fwp%2Fv2%2Fcomments&post=5236"}],"version-history":[{"count":1,"href":"https:\/\/vocesdeveracruz.com.mx\/index.php?rest_route=\/wp\/v2\/posts\/5236\/revisions"}],"predecessor-version":[{"id":5238,"href":"https:\/\/vocesdeveracruz.com.mx\/index.php?rest_route=\/wp\/v2\/posts\/5236\/revisions\/5238"}],"wp:featuredmedia":[{"embeddable":true,"href":"https:\/\/vocesdeveracruz.com.mx\/index.php?rest_route=\/wp\/v2\/media\/5237"}],"wp:attachment":[{"href":"https:\/\/vocesdeveracruz.com.mx\/index.php?rest_route=%2Fwp%2Fv2%2Fmedia&parent=5236"}],"wp:term":[{"taxonomy":"category","embeddable":true,"href":"https:\/\/vocesdeveracruz.com.mx\/index.php?rest_route=%2Fwp%2Fv2%2Fcategories&post=5236"},{"taxonomy":"post_tag","embeddable":true,"href":"https:\/\/vocesdeveracruz.com.mx\/index.php?rest_route=%2Fwp%2Fv2%2Ftags&post=5236"}],"curies":[{"name":"wp","href":"https:\/\/api.w.org\/{rel}","templated":true}]}}