{"id":5231,"date":"2026-02-10T21:57:22","date_gmt":"2026-02-11T03:57:22","guid":{"rendered":"https:\/\/vocesdeveracruz.com.mx\/?p=5231"},"modified":"2026-02-10T21:57:22","modified_gmt":"2026-02-11T03:57:22","slug":"alcalde-baltazar-avendano-reafirma-compromiso-con-la-comunidad-de-organos","status":"publish","type":"post","link":"https:\/\/vocesdeveracruz.com.mx\/?p=5231","title":{"rendered":"Alcalde Baltazar Avenda\u00f1o reafirma compromiso con la comunidad de \u00d3rganos"},"content":{"rendered":"\n<p><\/p>\n\n\n\n<p>Chinampa de Gorostiza, Ver.- El alcalde Baltazar Avenda\u00f1o Delgado realiz\u00f3 una visita a la comunidad de \u00d3rganos, donde sostuvo un encuentro con las y los habitantes, particularmente con integrantes del programa Sembrando Vida, con el objetivo de reafirmar su compromiso de trabajar de manera cercana con la ciudadan\u00eda y atender sus principales necesidades.<\/p>\n\n\n\n<figure class=\"wp-block-image size-large\"><img loading=\"lazy\" decoding=\"async\" width=\"1024\" height=\"499\" src=\"https:\/\/vocesdeveracruz.com.mx\/wp-content\/uploads\/2026\/02\/163372-1024x499.jpg\" alt=\"\" class=\"wp-image-5233\" srcset=\"https:\/\/vocesdeveracruz.com.mx\/wp-content\/uploads\/2026\/02\/163372-1024x499.jpg 1024w, https:\/\/vocesdeveracruz.com.mx\/wp-content\/uploads\/2026\/02\/163372-300x146.jpg 300w, https:\/\/vocesdeveracruz.com.mx\/wp-content\/uploads\/2026\/02\/163372-768x374.jpg 768w, https:\/\/vocesdeveracruz.com.mx\/wp-content\/uploads\/2026\/02\/163372-1536x748.jpg 1536w, https:\/\/vocesdeveracruz.com.mx\/wp-content\/uploads\/2026\/02\/163372.jpg 2042w\" sizes=\"auto, (max-width: 1024px) 100vw, 1024px\" \/><\/figure>\n\n\n\n<p>Durante la reuni\u00f3n, las y los asistentes expusieron diversas inquietudes, destacando como prioridad la rehabilitaci\u00f3n de las calles principales de la comunidad.<\/p>\n\n\n\n<p>Asimismo, se inform\u00f3 que en los pr\u00f3ximos d\u00edas se llevar\u00e1 a cabo el mantenimiento del campo de f\u00fatbol y del sistema de alumbrado, acciones que permitir\u00e1n mejorar los espacios p\u00fablicos y reforzar la seguridad de quienes los utilizan.<\/p>\n\n\n\n<figure class=\"wp-block-image size-large\"><img loading=\"lazy\" decoding=\"async\" width=\"1024\" height=\"553\" src=\"https:\/\/vocesdeveracruz.com.mx\/wp-content\/uploads\/2026\/02\/163371-1024x553.jpg\" alt=\"\" class=\"wp-image-5234\" srcset=\"https:\/\/vocesdeveracruz.com.mx\/wp-content\/uploads\/2026\/02\/163371-1024x553.jpg 1024w, https:\/\/vocesdeveracruz.com.mx\/wp-content\/uploads\/2026\/02\/163371-300x162.jpg 300w, https:\/\/vocesdeveracruz.com.mx\/wp-content\/uploads\/2026\/02\/163371-768x415.jpg 768w, https:\/\/vocesdeveracruz.com.mx\/wp-content\/uploads\/2026\/02\/163371-1536x830.jpg 1536w, https:\/\/vocesdeveracruz.com.mx\/wp-content\/uploads\/2026\/02\/163371.jpg 2048w\" sizes=\"auto, (max-width: 1024px) 100vw, 1024px\" \/><\/figure>\n","protected":false},"excerpt":{"rendered":"<p>Chinampa de Gorostiza, Ver.- El alcalde Baltazar Avenda\u00f1o Delgado realiz\u00f3 una visita a la comunidad de \u00d3rganos, donde sostuvo un encuentro con las y los habitantes, particularmente con integrantes del&hellip;<\/p>\n","protected":false},"author":1,"featured_media":5232,"comment_status":"open","ping_status":"closed","sticky":false,"template":"","format":"standard","meta":{"footnotes":""},"categories":[75],"tags":[],"class_list":["post-5231","post","type-post","status-publish","format-standard","has-post-thumbnail","hentry","category-regional"],"magazineBlocksPostFeaturedMedia":{"thumbnail":"https:\/\/vocesdeveracruz.com.mx\/wp-content\/uploads\/2026\/02\/FB_IMG_1770781961311-150x150.jpg","medium":"https:\/\/vocesdeveracruz.com.mx\/wp-content\/uploads\/2026\/02\/FB_IMG_1770781961311-300x168.jpg","medium_large":"https:\/\/vocesdeveracruz.com.mx\/wp-content\/uploads\/2026\/02\/FB_IMG_1770781961311-768x431.jpg","large":"https:\/\/vocesdeveracruz.com.mx\/wp-content\/uploads\/2026\/02\/FB_IMG_1770781961311-1024x575.jpg","1536x1536":"https:\/\/vocesdeveracruz.com.mx\/wp-content\/uploads\/2026\/02\/FB_IMG_1770781961311-1536x863.jpg","2048x2048":"https:\/\/vocesdeveracruz.com.mx\/wp-content\/uploads\/2026\/02\/FB_IMG_1770781961311.jpg"},"magazineBlocksPostAuthor":{"name":"admin","avatar":"https:\/\/secure.gravatar.com\/avatar\/9d5013f9042ef2dfeb4122e9609da41e1858252ad644b84f2ec3a64ab59cceaf?s=96&d=mm&r=g"},"magazineBlocksPostCommentsNumber":"0","magazineBlocksPostExcerpt":"Chinampa de Gorostiza, Ver.- El alcalde Baltazar Avenda\u00f1o Delgado realiz\u00f3 una visita a la comunidad de \u00d3rganos, donde sostuvo un encuentro con las y los habitantes, particularmente con integrantes del&hellip;","magazineBlocksPostCategories":["REGIONAL"],"magazineBlocksPostViewCount":202,"magazineBlocksPostReadTime":1,"magazine_blocks_featured_image_url":{"full":["https:\/\/vocesdeveracruz.com.mx\/wp-content\/uploads\/2026\/02\/FB_IMG_1770781961311.jpg",2048,1150,false],"medium":["https:\/\/vocesdeveracruz.com.mx\/wp-content\/uploads\/2026\/02\/FB_IMG_1770781961311-300x168.jpg",300,168,true],"thumbnail":["https:\/\/vocesdeveracruz.com.mx\/wp-content\/uploads\/2026\/02\/FB_IMG_1770781961311-150x150.jpg",150,150,true]},"magazine_blocks_author":{"display_name":"admin","author_link":"https:\/\/vocesdeveracruz.com.mx\/?author=1"},"magazine_blocks_comment":0,"magazine_blocks_author_image":"https:\/\/secure.gravatar.com\/avatar\/9d5013f9042ef2dfeb4122e9609da41e1858252ad644b84f2ec3a64ab59cceaf?s=96&d=mm&r=g","magazine_blocks_category":"<a href=\"https:\/\/vocesdeveracruz.com.mx\/?cat=75\" rel=\"category\">REGIONAL<\/a>","_links":{"self":[{"href":"https:\/\/vocesdeveracruz.com.mx\/index.php?rest_route=\/wp\/v2\/posts\/5231","targetHints":{"allow":["GET"]}}],"collection":[{"href":"https:\/\/vocesdeveracruz.com.mx\/index.php?rest_route=\/wp\/v2\/posts"}],"about":[{"href":"https:\/\/vocesdeveracruz.com.mx\/index.php?rest_route=\/wp\/v2\/types\/post"}],"author":[{"embeddable":true,"href":"https:\/\/vocesdeveracruz.com.mx\/index.php?rest_route=\/wp\/v2\/users\/1"}],"replies":[{"embeddable":true,"href":"https:\/\/vocesdeveracruz.com.mx\/index.php?rest_route=%2Fwp%2Fv2%2Fcomments&post=5231"}],"version-history":[{"count":1,"href":"https:\/\/vocesdeveracruz.com.mx\/index.php?rest_route=\/wp\/v2\/posts\/5231\/revisions"}],"predecessor-version":[{"id":5235,"href":"https:\/\/vocesdeveracruz.com.mx\/index.php?rest_route=\/wp\/v2\/posts\/5231\/revisions\/5235"}],"wp:featuredmedia":[{"embeddable":true,"href":"https:\/\/vocesdeveracruz.com.mx\/index.php?rest_route=\/wp\/v2\/media\/5232"}],"wp:attachment":[{"href":"https:\/\/vocesdeveracruz.com.mx\/index.php?rest_route=%2Fwp%2Fv2%2Fmedia&parent=5231"}],"wp:term":[{"taxonomy":"category","embeddable":true,"href":"https:\/\/vocesdeveracruz.com.mx\/index.php?rest_route=%2Fwp%2Fv2%2Fcategories&post=5231"},{"taxonomy":"post_tag","embeddable":true,"href":"https:\/\/vocesdeveracruz.com.mx\/index.php?rest_route=%2Fwp%2Fv2%2Ftags&post=5231"}],"curies":[{"name":"wp","href":"https:\/\/api.w.org\/{rel}","templated":true}]}}