{"id":5223,"date":"2026-02-10T21:47:16","date_gmt":"2026-02-11T03:47:16","guid":{"rendered":"https:\/\/vocesdeveracruz.com.mx\/?p=5223"},"modified":"2026-02-10T21:48:20","modified_gmt":"2026-02-11T03:48:20","slug":"impulsan-acciones-de-prevencion-contra-incendios-en-platon-sanchez","status":"publish","type":"post","link":"https:\/\/vocesdeveracruz.com.mx\/?p=5223","title":{"rendered":"Impulsan acciones de prevenci\u00f3n contra incendios en Plat\u00f3n S\u00e1nchez"},"content":{"rendered":"\n<p>Plat\u00f3n S\u00e1nchez, Ver.- Protecci\u00f3n Civil Municipal, llev\u00f3 a cabo la difusi\u00f3n de material informativo con el objetivo de fortalecer la cultura de la prevenci\u00f3n en las actividades agropecuarias.<\/p>\n\n\n\n<p>Estas acciones buscan concientizar a la poblaci\u00f3n sobre los riesgos que implican las quemas agr\u00edcolas y de pastizales, las cuales pueden generar afectaciones considerables a la sociedad y al medio ambiente.<\/p>\n\n\n\n<figure class=\"wp-block-image size-large\"><img loading=\"lazy\" decoding=\"async\" width=\"768\" height=\"1024\" src=\"https:\/\/vocesdeveracruz.com.mx\/wp-content\/uploads\/2026\/02\/163363-768x1024.jpg\" alt=\"\" class=\"wp-image-5225\" srcset=\"https:\/\/vocesdeveracruz.com.mx\/wp-content\/uploads\/2026\/02\/163363-768x1024.jpg 768w, https:\/\/vocesdeveracruz.com.mx\/wp-content\/uploads\/2026\/02\/163363-225x300.jpg 225w, https:\/\/vocesdeveracruz.com.mx\/wp-content\/uploads\/2026\/02\/163363-1152x1536.jpg 1152w, https:\/\/vocesdeveracruz.com.mx\/wp-content\/uploads\/2026\/02\/163363.jpg 1200w\" sizes=\"auto, (max-width: 768px) 100vw, 768px\" \/><\/figure>\n\n\n\n<p>Las autoridades reiteraron que prevenir incendios es responsabilidad de todas y todos, e hicieron un llamado a actuar con conciencia y responsabilidad.<\/p>\n\n\n\n<figure class=\"wp-block-image size-large\"><img loading=\"lazy\" decoding=\"async\" width=\"575\" height=\"1024\" src=\"https:\/\/vocesdeveracruz.com.mx\/wp-content\/uploads\/2026\/02\/163362-575x1024.jpg\" alt=\"\" class=\"wp-image-5229\" srcset=\"https:\/\/vocesdeveracruz.com.mx\/wp-content\/uploads\/2026\/02\/163362-575x1024.jpg 575w, https:\/\/vocesdeveracruz.com.mx\/wp-content\/uploads\/2026\/02\/163362-169x300.jpg 169w, https:\/\/vocesdeveracruz.com.mx\/wp-content\/uploads\/2026\/02\/163362-768x1367.jpg 768w, https:\/\/vocesdeveracruz.com.mx\/wp-content\/uploads\/2026\/02\/163362-863x1536.jpg 863w, https:\/\/vocesdeveracruz.com.mx\/wp-content\/uploads\/2026\/02\/163362.jpg 898w\" sizes=\"auto, (max-width: 575px) 100vw, 575px\" \/><\/figure>\n\n\n\n<p><\/p>\n","protected":false},"excerpt":{"rendered":"<p>Plat\u00f3n S\u00e1nchez, Ver.- Protecci\u00f3n Civil Municipal, llev\u00f3 a cabo la difusi\u00f3n de material informativo con el objetivo de fortalecer la cultura de la prevenci\u00f3n en las actividades agropecuarias. Estas acciones&hellip;<\/p>\n","protected":false},"author":1,"featured_media":5224,"comment_status":"open","ping_status":"closed","sticky":false,"template":"","format":"standard","meta":{"footnotes":""},"categories":[75],"tags":[],"class_list":["post-5223","post","type-post","status-publish","format-standard","has-post-thumbnail","hentry","category-regional"],"magazineBlocksPostFeaturedMedia":{"thumbnail":"https:\/\/vocesdeveracruz.com.mx\/wp-content\/uploads\/2026\/02\/FB_IMG_1770781421182-150x150.jpg","medium":"https:\/\/vocesdeveracruz.com.mx\/wp-content\/uploads\/2026\/02\/FB_IMG_1770781421182-300x226.jpg","medium_large":"https:\/\/vocesdeveracruz.com.mx\/wp-content\/uploads\/2026\/02\/FB_IMG_1770781421182-768x578.jpg","large":"https:\/\/vocesdeveracruz.com.mx\/wp-content\/uploads\/2026\/02\/FB_IMG_1770781421182-1024x771.jpg","1536x1536":"https:\/\/vocesdeveracruz.com.mx\/wp-content\/uploads\/2026\/02\/FB_IMG_1770781421182-1536x1156.jpg","2048x2048":"https:\/\/vocesdeveracruz.com.mx\/wp-content\/uploads\/2026\/02\/FB_IMG_1770781421182.jpg"},"magazineBlocksPostAuthor":{"name":"admin","avatar":"https:\/\/secure.gravatar.com\/avatar\/9d5013f9042ef2dfeb4122e9609da41e1858252ad644b84f2ec3a64ab59cceaf?s=96&d=mm&r=g"},"magazineBlocksPostCommentsNumber":"0","magazineBlocksPostExcerpt":"Plat\u00f3n S\u00e1nchez, Ver.- Protecci\u00f3n Civil Municipal, llev\u00f3 a cabo la difusi\u00f3n de material informativo con el objetivo de fortalecer la cultura de la prevenci\u00f3n en las actividades agropecuarias. Estas acciones&hellip;","magazineBlocksPostCategories":["REGIONAL"],"magazineBlocksPostViewCount":116,"magazineBlocksPostReadTime":1,"magazine_blocks_featured_image_url":{"full":["https:\/\/vocesdeveracruz.com.mx\/wp-content\/uploads\/2026\/02\/FB_IMG_1770781421182.jpg",1600,1204,false],"medium":["https:\/\/vocesdeveracruz.com.mx\/wp-content\/uploads\/2026\/02\/FB_IMG_1770781421182-300x226.jpg",300,226,true],"thumbnail":["https:\/\/vocesdeveracruz.com.mx\/wp-content\/uploads\/2026\/02\/FB_IMG_1770781421182-150x150.jpg",150,150,true]},"magazine_blocks_author":{"display_name":"admin","author_link":"https:\/\/vocesdeveracruz.com.mx\/?author=1"},"magazine_blocks_comment":0,"magazine_blocks_author_image":"https:\/\/secure.gravatar.com\/avatar\/9d5013f9042ef2dfeb4122e9609da41e1858252ad644b84f2ec3a64ab59cceaf?s=96&d=mm&r=g","magazine_blocks_category":"<a href=\"https:\/\/vocesdeveracruz.com.mx\/?cat=75\" rel=\"category\">REGIONAL<\/a>","_links":{"self":[{"href":"https:\/\/vocesdeveracruz.com.mx\/index.php?rest_route=\/wp\/v2\/posts\/5223","targetHints":{"allow":["GET"]}}],"collection":[{"href":"https:\/\/vocesdeveracruz.com.mx\/index.php?rest_route=\/wp\/v2\/posts"}],"about":[{"href":"https:\/\/vocesdeveracruz.com.mx\/index.php?rest_route=\/wp\/v2\/types\/post"}],"author":[{"embeddable":true,"href":"https:\/\/vocesdeveracruz.com.mx\/index.php?rest_route=\/wp\/v2\/users\/1"}],"replies":[{"embeddable":true,"href":"https:\/\/vocesdeveracruz.com.mx\/index.php?rest_route=%2Fwp%2Fv2%2Fcomments&post=5223"}],"version-history":[{"count":2,"href":"https:\/\/vocesdeveracruz.com.mx\/index.php?rest_route=\/wp\/v2\/posts\/5223\/revisions"}],"predecessor-version":[{"id":5230,"href":"https:\/\/vocesdeveracruz.com.mx\/index.php?rest_route=\/wp\/v2\/posts\/5223\/revisions\/5230"}],"wp:featuredmedia":[{"embeddable":true,"href":"https:\/\/vocesdeveracruz.com.mx\/index.php?rest_route=\/wp\/v2\/media\/5224"}],"wp:attachment":[{"href":"https:\/\/vocesdeveracruz.com.mx\/index.php?rest_route=%2Fwp%2Fv2%2Fmedia&parent=5223"}],"wp:term":[{"taxonomy":"category","embeddable":true,"href":"https:\/\/vocesdeveracruz.com.mx\/index.php?rest_route=%2Fwp%2Fv2%2Fcategories&post=5223"},{"taxonomy":"post_tag","embeddable":true,"href":"https:\/\/vocesdeveracruz.com.mx\/index.php?rest_route=%2Fwp%2Fv2%2Ftags&post=5223"}],"curies":[{"name":"wp","href":"https:\/\/api.w.org\/{rel}","templated":true}]}}