{"id":5217,"date":"2026-02-09T10:50:58","date_gmt":"2026-02-09T16:50:58","guid":{"rendered":"https:\/\/vocesdeveracruz.com.mx\/?p=5217"},"modified":"2026-02-09T10:50:58","modified_gmt":"2026-02-09T16:50:58","slug":"alcaldesa-mayra-anel-delgado-castillo-acude-al-tecnologico-campus-panuco","status":"publish","type":"post","link":"https:\/\/vocesdeveracruz.com.mx\/?p=5217","title":{"rendered":"Alcaldesa Mayra Anel Delgado Castillo acude al Tecnol\u00f3gico Campus P\u00e1nuco"},"content":{"rendered":"\n<p>P\u00e1nuco, veracruz. &#8211; La alcaldesa Mayra Anel Delgado Castillo asisti\u00f3 al Tecnol\u00f3gico Nacional de M\u00e9xico campus P\u00e1nuco para el inicio de semestre y honores a la bandera, invitaci\u00f3n realizada por el director de la instituci\u00f3n, Joseph Cruz Mart\u00ednez.<\/p>\n\n\n\n<p>En compa\u00f1\u00eda de la maestra Maritza Gonz\u00e1lez Ortiz y regidores del cabildo acompa\u00f1aron a los alumnos del Tecnol\u00f3gico as\u00ed como al personal docente para realizar los honores a la bandera asi como a la entrega de reconocimientos a los j\u00f3venes que participaron en danza a nivel nacional.<\/p>\n\n\n\n<div class=\"wp-block-columns is-layout-flex wp-container-core-columns-is-layout-9d6595d7 wp-block-columns-is-layout-flex\">\n<div class=\"wp-block-column is-layout-flow wp-block-column-is-layout-flow\">\n<figure class=\"wp-block-image size-large\"><img loading=\"lazy\" decoding=\"async\" width=\"768\" height=\"1024\" src=\"https:\/\/vocesdeveracruz.com.mx\/wp-content\/uploads\/2026\/02\/161768-768x1024.jpg\" alt=\"\" class=\"wp-image-5219\" srcset=\"https:\/\/vocesdeveracruz.com.mx\/wp-content\/uploads\/2026\/02\/161768-768x1024.jpg 768w, https:\/\/vocesdeveracruz.com.mx\/wp-content\/uploads\/2026\/02\/161768-225x300.jpg 225w, https:\/\/vocesdeveracruz.com.mx\/wp-content\/uploads\/2026\/02\/161768-1152x1536.jpg 1152w, https:\/\/vocesdeveracruz.com.mx\/wp-content\/uploads\/2026\/02\/161768-1536x2048.jpg 1536w, https:\/\/vocesdeveracruz.com.mx\/wp-content\/uploads\/2026\/02\/161768-scaled.jpg 1920w\" sizes=\"auto, (max-width: 768px) 100vw, 768px\" \/><\/figure>\n<\/div>\n\n\n\n<div class=\"wp-block-column is-layout-flow wp-block-column-is-layout-flow\">\n<figure class=\"wp-block-image size-large\"><img loading=\"lazy\" decoding=\"async\" width=\"768\" height=\"1024\" src=\"https:\/\/vocesdeveracruz.com.mx\/wp-content\/uploads\/2026\/02\/161764-768x1024.jpg\" alt=\"\" class=\"wp-image-5220\" srcset=\"https:\/\/vocesdeveracruz.com.mx\/wp-content\/uploads\/2026\/02\/161764-768x1024.jpg 768w, https:\/\/vocesdeveracruz.com.mx\/wp-content\/uploads\/2026\/02\/161764-225x300.jpg 225w, https:\/\/vocesdeveracruz.com.mx\/wp-content\/uploads\/2026\/02\/161764-1152x1536.jpg 1152w, https:\/\/vocesdeveracruz.com.mx\/wp-content\/uploads\/2026\/02\/161764-1536x2048.jpg 1536w, https:\/\/vocesdeveracruz.com.mx\/wp-content\/uploads\/2026\/02\/161764-scaled.jpg 1920w\" sizes=\"auto, (max-width: 768px) 100vw, 768px\" \/><\/figure>\n<\/div>\n\n\n\n<div class=\"wp-block-column is-layout-flow wp-block-column-is-layout-flow\">\n<figure class=\"wp-block-image size-large\"><img loading=\"lazy\" decoding=\"async\" width=\"1024\" height=\"768\" src=\"https:\/\/vocesdeveracruz.com.mx\/wp-content\/uploads\/2026\/02\/161767-1024x768.jpg\" alt=\"\" class=\"wp-image-5221\" srcset=\"https:\/\/vocesdeveracruz.com.mx\/wp-content\/uploads\/2026\/02\/161767-1024x768.jpg 1024w, https:\/\/vocesdeveracruz.com.mx\/wp-content\/uploads\/2026\/02\/161767-300x225.jpg 300w, https:\/\/vocesdeveracruz.com.mx\/wp-content\/uploads\/2026\/02\/161767-768x576.jpg 768w, https:\/\/vocesdeveracruz.com.mx\/wp-content\/uploads\/2026\/02\/161767-1536x1152.jpg 1536w, https:\/\/vocesdeveracruz.com.mx\/wp-content\/uploads\/2026\/02\/161767-2048x1536.jpg 2048w\" sizes=\"auto, (max-width: 1024px) 100vw, 1024px\" \/><\/figure>\n<\/div>\n<\/div>\n\n\n\n<p>Durante su mensaje, la alcaldesa Mayra Anel Delgado Castillo agradeci\u00f3 a la gobernadora Roc\u00edo Nahle Garc\u00eda por brindar las facilidades a las y los alumnos para que puedan cursar sus estudios.<\/p>\n","protected":false},"excerpt":{"rendered":"<p>P\u00e1nuco, veracruz. &#8211; La alcaldesa Mayra Anel Delgado Castillo asisti\u00f3 al Tecnol\u00f3gico Nacional de M\u00e9xico campus P\u00e1nuco para el inicio de semestre y honores a la bandera, invitaci\u00f3n realizada por&hellip;<\/p>\n","protected":false},"author":1,"featured_media":5218,"comment_status":"open","ping_status":"closed","sticky":false,"template":"","format":"standard","meta":{"footnotes":""},"categories":[72],"tags":[],"class_list":["post-5217","post","type-post","status-publish","format-standard","has-post-thumbnail","hentry","category-local"],"magazineBlocksPostFeaturedMedia":{"thumbnail":"https:\/\/vocesdeveracruz.com.mx\/wp-content\/uploads\/2026\/02\/IMG-20260209-WA0024-150x150.jpg","medium":"https:\/\/vocesdeveracruz.com.mx\/wp-content\/uploads\/2026\/02\/IMG-20260209-WA0024-300x225.jpg","medium_large":"https:\/\/vocesdeveracruz.com.mx\/wp-content\/uploads\/2026\/02\/IMG-20260209-WA0024-768x576.jpg","large":"https:\/\/vocesdeveracruz.com.mx\/wp-content\/uploads\/2026\/02\/IMG-20260209-WA0024-1024x768.jpg","1536x1536":"https:\/\/vocesdeveracruz.com.mx\/wp-content\/uploads\/2026\/02\/IMG-20260209-WA0024-1536x1152.jpg","2048x2048":"https:\/\/vocesdeveracruz.com.mx\/wp-content\/uploads\/2026\/02\/IMG-20260209-WA0024-2048x1536.jpg"},"magazineBlocksPostAuthor":{"name":"admin","avatar":"https:\/\/secure.gravatar.com\/avatar\/9d5013f9042ef2dfeb4122e9609da41e1858252ad644b84f2ec3a64ab59cceaf?s=96&d=mm&r=g"},"magazineBlocksPostCommentsNumber":"0","magazineBlocksPostExcerpt":"P\u00e1nuco, veracruz. &#8211; La alcaldesa Mayra Anel Delgado Castillo asisti\u00f3 al Tecnol\u00f3gico Nacional de M\u00e9xico campus P\u00e1nuco para el inicio de semestre y honores a la bandera, invitaci\u00f3n realizada por&hellip;","magazineBlocksPostCategories":["LOCAL"],"magazineBlocksPostViewCount":127,"magazineBlocksPostReadTime":1,"magazine_blocks_featured_image_url":{"full":["https:\/\/vocesdeveracruz.com.mx\/wp-content\/uploads\/2026\/02\/IMG-20260209-WA0024-scaled.jpg",2560,1920,false],"medium":["https:\/\/vocesdeveracruz.com.mx\/wp-content\/uploads\/2026\/02\/IMG-20260209-WA0024-300x225.jpg",300,225,true],"thumbnail":["https:\/\/vocesdeveracruz.com.mx\/wp-content\/uploads\/2026\/02\/IMG-20260209-WA0024-150x150.jpg",150,150,true]},"magazine_blocks_author":{"display_name":"admin","author_link":"https:\/\/vocesdeveracruz.com.mx\/?author=1"},"magazine_blocks_comment":0,"magazine_blocks_author_image":"https:\/\/secure.gravatar.com\/avatar\/9d5013f9042ef2dfeb4122e9609da41e1858252ad644b84f2ec3a64ab59cceaf?s=96&d=mm&r=g","magazine_blocks_category":"<a href=\"https:\/\/vocesdeveracruz.com.mx\/?cat=72\" rel=\"category\">LOCAL<\/a>","_links":{"self":[{"href":"https:\/\/vocesdeveracruz.com.mx\/index.php?rest_route=\/wp\/v2\/posts\/5217","targetHints":{"allow":["GET"]}}],"collection":[{"href":"https:\/\/vocesdeveracruz.com.mx\/index.php?rest_route=\/wp\/v2\/posts"}],"about":[{"href":"https:\/\/vocesdeveracruz.com.mx\/index.php?rest_route=\/wp\/v2\/types\/post"}],"author":[{"embeddable":true,"href":"https:\/\/vocesdeveracruz.com.mx\/index.php?rest_route=\/wp\/v2\/users\/1"}],"replies":[{"embeddable":true,"href":"https:\/\/vocesdeveracruz.com.mx\/index.php?rest_route=%2Fwp%2Fv2%2Fcomments&post=5217"}],"version-history":[{"count":1,"href":"https:\/\/vocesdeveracruz.com.mx\/index.php?rest_route=\/wp\/v2\/posts\/5217\/revisions"}],"predecessor-version":[{"id":5222,"href":"https:\/\/vocesdeveracruz.com.mx\/index.php?rest_route=\/wp\/v2\/posts\/5217\/revisions\/5222"}],"wp:featuredmedia":[{"embeddable":true,"href":"https:\/\/vocesdeveracruz.com.mx\/index.php?rest_route=\/wp\/v2\/media\/5218"}],"wp:attachment":[{"href":"https:\/\/vocesdeveracruz.com.mx\/index.php?rest_route=%2Fwp%2Fv2%2Fmedia&parent=5217"}],"wp:term":[{"taxonomy":"category","embeddable":true,"href":"https:\/\/vocesdeveracruz.com.mx\/index.php?rest_route=%2Fwp%2Fv2%2Fcategories&post=5217"},{"taxonomy":"post_tag","embeddable":true,"href":"https:\/\/vocesdeveracruz.com.mx\/index.php?rest_route=%2Fwp%2Fv2%2Ftags&post=5217"}],"curies":[{"name":"wp","href":"https:\/\/api.w.org\/{rel}","templated":true}]}}