{"id":5210,"date":"2026-02-07T20:27:09","date_gmt":"2026-02-08T02:27:09","guid":{"rendered":"https:\/\/vocesdeveracruz.com.mx\/?p=5210"},"modified":"2026-02-07T20:27:09","modified_gmt":"2026-02-08T02:27:09","slug":"todo-listo-para-celebrar-el-dia-del-amor-y-la-amistad-en-tantoyuca","status":"publish","type":"post","link":"https:\/\/vocesdeveracruz.com.mx\/?p=5210","title":{"rendered":"Todo listo para celebrar el D\u00eda del Amor y la Amistad en Tantoyuca"},"content":{"rendered":"\n<p>Tantoyuca, Ver.- El H. Ayuntamiento de Tantoyuca, encabezado por el alcalde Roberto San Rom\u00e1n, tiene todo listo para celebrar este 14 de febrero el D\u00eda del Amor y la Amistad, con una noche especial que incluir\u00e1 la realizaci\u00f3n de las Bodas Colectivas, un evento que fomenta la uni\u00f3n familiar y fortalece los valores que distinguen a la comunidad.<\/p>\n\n\n\n<p>La celebraci\u00f3n se llevar\u00e1 a cabo en el Auditorio Luis Donaldo Colosio, a partir de las 7:00 de la noche, y contar\u00e1 con la participaci\u00f3n del invitado especial Nelson Kanzela, quien pondr\u00e1 el ambiente musical a esta significativa velada.<\/p>\n\n\n\n<figure class=\"wp-block-image size-large\"><img loading=\"lazy\" decoding=\"async\" width=\"1024\" height=\"683\" src=\"https:\/\/vocesdeveracruz.com.mx\/wp-content\/uploads\/2026\/02\/160324-1024x683.jpg\" alt=\"\" class=\"wp-image-5212\" srcset=\"https:\/\/vocesdeveracruz.com.mx\/wp-content\/uploads\/2026\/02\/160324-1024x683.jpg 1024w, https:\/\/vocesdeveracruz.com.mx\/wp-content\/uploads\/2026\/02\/160324-300x200.jpg 300w, https:\/\/vocesdeveracruz.com.mx\/wp-content\/uploads\/2026\/02\/160324-768x512.jpg 768w, https:\/\/vocesdeveracruz.com.mx\/wp-content\/uploads\/2026\/02\/160324.jpg 1440w\" sizes=\"auto, (max-width: 1024px) 100vw, 1024px\" \/><\/figure>\n\n\n\n<p>Las parejas interesadas en contraer matrimonio podr\u00e1n entregar su documentaci\u00f3n hasta el d\u00eda martes, acudiendo a las oficinas del DIF Tantoyuca 2026\u20132029 o del Registro Civil, donde recibir\u00e1n la orientaci\u00f3n correspondiente para formar parte de este importante evento.<\/p>\n\n\n\n<p>Como parte de la convivencia, las parejas participantes tendr\u00e1n la oportunidad de invitar a familiares y amigos, adem\u00e1s de participar en grandes rifas preparadas especialmente para hacer a\u00fan m\u00e1s memorable la celebraci\u00f3n.<\/p>\n\n\n\n<figure class=\"wp-block-image size-large\"><img loading=\"lazy\" decoding=\"async\" width=\"646\" height=\"1024\" src=\"https:\/\/vocesdeveracruz.com.mx\/wp-content\/uploads\/2026\/02\/160319-646x1024.jpg\" alt=\"\" class=\"wp-image-5213\" srcset=\"https:\/\/vocesdeveracruz.com.mx\/wp-content\/uploads\/2026\/02\/160319-646x1024.jpg 646w, https:\/\/vocesdeveracruz.com.mx\/wp-content\/uploads\/2026\/02\/160319-189x300.jpg 189w, https:\/\/vocesdeveracruz.com.mx\/wp-content\/uploads\/2026\/02\/160319-768x1218.jpg 768w, https:\/\/vocesdeveracruz.com.mx\/wp-content\/uploads\/2026\/02\/160319.jpg 908w\" sizes=\"auto, (max-width: 646px) 100vw, 646px\" \/><\/figure>\n\n\n\n<p>El Ayuntamiento de Tantoyuca refrenda su compromiso de seguir generando espacios de convivencia, celebraci\u00f3n y bienestar, fortaleciendo el tejido social y promoviendo acciones que beneficien a las familias del municipio.<\/p>\n","protected":false},"excerpt":{"rendered":"<p>Tantoyuca, Ver.- El H. Ayuntamiento de Tantoyuca, encabezado por el alcalde Roberto San Rom\u00e1n, tiene todo listo para celebrar este 14 de febrero el D\u00eda del Amor y la Amistad,&hellip;<\/p>\n","protected":false},"author":1,"featured_media":5211,"comment_status":"open","ping_status":"closed","sticky":false,"template":"","format":"standard","meta":{"footnotes":""},"categories":[75],"tags":[],"class_list":["post-5210","post","type-post","status-publish","format-standard","has-post-thumbnail","hentry","category-regional"],"magazineBlocksPostFeaturedMedia":{"thumbnail":"https:\/\/vocesdeveracruz.com.mx\/wp-content\/uploads\/2026\/02\/Screenshot_20260207_202420_Gallery-150x150.jpg","medium":"https:\/\/vocesdeveracruz.com.mx\/wp-content\/uploads\/2026\/02\/Screenshot_20260207_202420_Gallery-300x163.jpg","medium_large":"https:\/\/vocesdeveracruz.com.mx\/wp-content\/uploads\/2026\/02\/Screenshot_20260207_202420_Gallery-768x417.jpg","large":"https:\/\/vocesdeveracruz.com.mx\/wp-content\/uploads\/2026\/02\/Screenshot_20260207_202420_Gallery-1024x557.jpg","1536x1536":"https:\/\/vocesdeveracruz.com.mx\/wp-content\/uploads\/2026\/02\/Screenshot_20260207_202420_Gallery.jpg","2048x2048":"https:\/\/vocesdeveracruz.com.mx\/wp-content\/uploads\/2026\/02\/Screenshot_20260207_202420_Gallery.jpg"},"magazineBlocksPostAuthor":{"name":"admin","avatar":"https:\/\/secure.gravatar.com\/avatar\/9d5013f9042ef2dfeb4122e9609da41e1858252ad644b84f2ec3a64ab59cceaf?s=96&d=mm&r=g"},"magazineBlocksPostCommentsNumber":"0","magazineBlocksPostExcerpt":"Tantoyuca, Ver.- El H. Ayuntamiento de Tantoyuca, encabezado por el alcalde Roberto San Rom\u00e1n, tiene todo listo para celebrar este 14 de febrero el D\u00eda del Amor y la Amistad,&hellip;","magazineBlocksPostCategories":["REGIONAL"],"magazineBlocksPostViewCount":166,"magazineBlocksPostReadTime":2,"magazine_blocks_featured_image_url":{"full":["https:\/\/vocesdeveracruz.com.mx\/wp-content\/uploads\/2026\/02\/Screenshot_20260207_202420_Gallery.jpg",1080,587,false],"medium":["https:\/\/vocesdeveracruz.com.mx\/wp-content\/uploads\/2026\/02\/Screenshot_20260207_202420_Gallery-300x163.jpg",300,163,true],"thumbnail":["https:\/\/vocesdeveracruz.com.mx\/wp-content\/uploads\/2026\/02\/Screenshot_20260207_202420_Gallery-150x150.jpg",150,150,true]},"magazine_blocks_author":{"display_name":"admin","author_link":"https:\/\/vocesdeveracruz.com.mx\/?author=1"},"magazine_blocks_comment":0,"magazine_blocks_author_image":"https:\/\/secure.gravatar.com\/avatar\/9d5013f9042ef2dfeb4122e9609da41e1858252ad644b84f2ec3a64ab59cceaf?s=96&d=mm&r=g","magazine_blocks_category":"<a href=\"https:\/\/vocesdeveracruz.com.mx\/?cat=75\" rel=\"category\">REGIONAL<\/a>","_links":{"self":[{"href":"https:\/\/vocesdeveracruz.com.mx\/index.php?rest_route=\/wp\/v2\/posts\/5210","targetHints":{"allow":["GET"]}}],"collection":[{"href":"https:\/\/vocesdeveracruz.com.mx\/index.php?rest_route=\/wp\/v2\/posts"}],"about":[{"href":"https:\/\/vocesdeveracruz.com.mx\/index.php?rest_route=\/wp\/v2\/types\/post"}],"author":[{"embeddable":true,"href":"https:\/\/vocesdeveracruz.com.mx\/index.php?rest_route=\/wp\/v2\/users\/1"}],"replies":[{"embeddable":true,"href":"https:\/\/vocesdeveracruz.com.mx\/index.php?rest_route=%2Fwp%2Fv2%2Fcomments&post=5210"}],"version-history":[{"count":1,"href":"https:\/\/vocesdeveracruz.com.mx\/index.php?rest_route=\/wp\/v2\/posts\/5210\/revisions"}],"predecessor-version":[{"id":5214,"href":"https:\/\/vocesdeveracruz.com.mx\/index.php?rest_route=\/wp\/v2\/posts\/5210\/revisions\/5214"}],"wp:featuredmedia":[{"embeddable":true,"href":"https:\/\/vocesdeveracruz.com.mx\/index.php?rest_route=\/wp\/v2\/media\/5211"}],"wp:attachment":[{"href":"https:\/\/vocesdeveracruz.com.mx\/index.php?rest_route=%2Fwp%2Fv2%2Fmedia&parent=5210"}],"wp:term":[{"taxonomy":"category","embeddable":true,"href":"https:\/\/vocesdeveracruz.com.mx\/index.php?rest_route=%2Fwp%2Fv2%2Fcategories&post=5210"},{"taxonomy":"post_tag","embeddable":true,"href":"https:\/\/vocesdeveracruz.com.mx\/index.php?rest_route=%2Fwp%2Fv2%2Ftags&post=5210"}],"curies":[{"name":"wp","href":"https:\/\/api.w.org\/{rel}","templated":true}]}}