{"id":5207,"date":"2026-02-07T15:20:55","date_gmt":"2026-02-07T21:20:55","guid":{"rendered":"https:\/\/vocesdeveracruz.com.mx\/?p=5207"},"modified":"2026-02-07T15:20:55","modified_gmt":"2026-02-07T21:20:55","slug":"instalan-modulo-de-reclutamiento-de-la-guardia-nacional-en-panuco","status":"publish","type":"post","link":"https:\/\/vocesdeveracruz.com.mx\/?p=5207","title":{"rendered":"Instalan m\u00f3dulo de reclutamiento de la Guardia Nacional en P\u00e1nuco"},"content":{"rendered":"\n<p>P\u00e1nuco, Ver.- Con el objetivo de invitar a j\u00f3venes a integrarse a las filas de la Guardia Nacional, se inform\u00f3 sobre la instalaci\u00f3n de un m\u00f3dulo de reclutamiento en el municipio de P\u00e1nuco, donde los interesados podr\u00e1n recibir informaci\u00f3n directa sobre el proceso de ingreso.<\/p>\n\n\n\n<p>De acuerdo con la convocatoria, se ofrece un sueldo mensual desde los 22 mil pesos, adem\u00e1s de todas las prestaciones de ley y diversos beneficios, entre los que destacan estabilidad laboral, servicio m\u00e9dico integral, vacaciones pagadas, seguro de vida, aguinaldo, uniformes, vestuario y cr\u00e9ditos personales e hipotecarios.<\/p>\n\n\n\n<p>Los m\u00f3dulos estar\u00e1n ubicados en el parque principal y la propia instituci\u00f3n proporciona transporte para las evaluaciones, as\u00ed como alojamiento y alimentos durante el proceso de selecci\u00f3n.<\/p>\n\n\n\n<p>Entre los requisitos se encuentran tener entre 18 y 29 a\u00f1os, estatura m\u00ednima de 1.56 metros en mujeres y 1.63 metros en hombres, contar con secundaria terminada, no tener antecedentes penales y cumplir con las evaluaciones f\u00edsica, m\u00e9dica y psicol\u00f3gica. Asimismo, se solicita documentaci\u00f3n b\u00e1sica como acta de nacimiento, CURP, INE, RFC, comprobante de domicilio y fotograf\u00edas tama\u00f1o infantil.<\/p>\n\n\n\n<p>El reclutamiento corresponde al 40\/o Batall\u00f3n de la Guardia Nacional con sede en San Luis Potos\u00ed, y los interesados tambi\u00e9n pueden solicitar mayores informes a los n\u00fameros telef\u00f3nicos 481 157 1966, 481 155 7043 y 834 267 5143.<\/p>\n","protected":false},"excerpt":{"rendered":"<p>P\u00e1nuco, Ver.- Con el objetivo de invitar a j\u00f3venes a integrarse a las filas de la Guardia Nacional, se inform\u00f3 sobre la instalaci\u00f3n de un m\u00f3dulo de reclutamiento en el&hellip;<\/p>\n","protected":false},"author":1,"featured_media":5208,"comment_status":"open","ping_status":"closed","sticky":false,"template":"","format":"standard","meta":{"footnotes":""},"categories":[72],"tags":[],"class_list":["post-5207","post","type-post","status-publish","format-standard","has-post-thumbnail","hentry","category-local"],"magazineBlocksPostFeaturedMedia":{"thumbnail":"https:\/\/vocesdeveracruz.com.mx\/wp-content\/uploads\/2026\/02\/20260207_113932-150x150.jpg","medium":"https:\/\/vocesdeveracruz.com.mx\/wp-content\/uploads\/2026\/02\/20260207_113932-300x169.jpg","medium_large":"https:\/\/vocesdeveracruz.com.mx\/wp-content\/uploads\/2026\/02\/20260207_113932-768x432.jpg","large":"https:\/\/vocesdeveracruz.com.mx\/wp-content\/uploads\/2026\/02\/20260207_113932-1024x577.jpg","1536x1536":"https:\/\/vocesdeveracruz.com.mx\/wp-content\/uploads\/2026\/02\/20260207_113932-1536x865.jpg","2048x2048":"https:\/\/vocesdeveracruz.com.mx\/wp-content\/uploads\/2026\/02\/20260207_113932-2048x1153.jpg"},"magazineBlocksPostAuthor":{"name":"admin","avatar":"https:\/\/secure.gravatar.com\/avatar\/9d5013f9042ef2dfeb4122e9609da41e1858252ad644b84f2ec3a64ab59cceaf?s=96&d=mm&r=g"},"magazineBlocksPostCommentsNumber":"0","magazineBlocksPostExcerpt":"P\u00e1nuco, Ver.- Con el objetivo de invitar a j\u00f3venes a integrarse a las filas de la Guardia Nacional, se inform\u00f3 sobre la instalaci\u00f3n de un m\u00f3dulo de reclutamiento en el&hellip;","magazineBlocksPostCategories":["LOCAL"],"magazineBlocksPostViewCount":167,"magazineBlocksPostReadTime":2,"magazine_blocks_featured_image_url":{"full":["https:\/\/vocesdeveracruz.com.mx\/wp-content\/uploads\/2026\/02\/20260207_113932-scaled.jpg",2560,1441,false],"medium":["https:\/\/vocesdeveracruz.com.mx\/wp-content\/uploads\/2026\/02\/20260207_113932-300x169.jpg",300,169,true],"thumbnail":["https:\/\/vocesdeveracruz.com.mx\/wp-content\/uploads\/2026\/02\/20260207_113932-150x150.jpg",150,150,true]},"magazine_blocks_author":{"display_name":"admin","author_link":"https:\/\/vocesdeveracruz.com.mx\/?author=1"},"magazine_blocks_comment":0,"magazine_blocks_author_image":"https:\/\/secure.gravatar.com\/avatar\/9d5013f9042ef2dfeb4122e9609da41e1858252ad644b84f2ec3a64ab59cceaf?s=96&d=mm&r=g","magazine_blocks_category":"<a href=\"https:\/\/vocesdeveracruz.com.mx\/?cat=72\" rel=\"category\">LOCAL<\/a>","_links":{"self":[{"href":"https:\/\/vocesdeveracruz.com.mx\/index.php?rest_route=\/wp\/v2\/posts\/5207","targetHints":{"allow":["GET"]}}],"collection":[{"href":"https:\/\/vocesdeveracruz.com.mx\/index.php?rest_route=\/wp\/v2\/posts"}],"about":[{"href":"https:\/\/vocesdeveracruz.com.mx\/index.php?rest_route=\/wp\/v2\/types\/post"}],"author":[{"embeddable":true,"href":"https:\/\/vocesdeveracruz.com.mx\/index.php?rest_route=\/wp\/v2\/users\/1"}],"replies":[{"embeddable":true,"href":"https:\/\/vocesdeveracruz.com.mx\/index.php?rest_route=%2Fwp%2Fv2%2Fcomments&post=5207"}],"version-history":[{"count":1,"href":"https:\/\/vocesdeveracruz.com.mx\/index.php?rest_route=\/wp\/v2\/posts\/5207\/revisions"}],"predecessor-version":[{"id":5209,"href":"https:\/\/vocesdeveracruz.com.mx\/index.php?rest_route=\/wp\/v2\/posts\/5207\/revisions\/5209"}],"wp:featuredmedia":[{"embeddable":true,"href":"https:\/\/vocesdeveracruz.com.mx\/index.php?rest_route=\/wp\/v2\/media\/5208"}],"wp:attachment":[{"href":"https:\/\/vocesdeveracruz.com.mx\/index.php?rest_route=%2Fwp%2Fv2%2Fmedia&parent=5207"}],"wp:term":[{"taxonomy":"category","embeddable":true,"href":"https:\/\/vocesdeveracruz.com.mx\/index.php?rest_route=%2Fwp%2Fv2%2Fcategories&post=5207"},{"taxonomy":"post_tag","embeddable":true,"href":"https:\/\/vocesdeveracruz.com.mx\/index.php?rest_route=%2Fwp%2Fv2%2Ftags&post=5207"}],"curies":[{"name":"wp","href":"https:\/\/api.w.org\/{rel}","templated":true}]}}