{"id":5190,"date":"2026-02-05T16:57:46","date_gmt":"2026-02-05T22:57:46","guid":{"rendered":"https:\/\/vocesdeveracruz.com.mx\/?p=5190"},"modified":"2026-02-05T16:57:46","modified_gmt":"2026-02-05T22:57:46","slug":"%f0%9d%97%98%f0%9d%97%b9-%f0%9d%97%9b%f0%9d%97%b6%f0%9d%97%b4%f0%9d%97%bc-%f0%9d%97%b0%f0%9d%97%bc%f0%9d%97%bb%f0%9d%97%ba%f0%9d%97%b2%f0%9d%97%ba%f0%9d%97%bc%f0%9d%97%bf%f0%9d%97%ae-%f0%9d%97%b2","status":"publish","type":"post","link":"https:\/\/vocesdeveracruz.com.mx\/?p=5190","title":{"rendered":"\ud835\uddd8\ud835\uddf9 \ud835\udddb\ud835\uddf6\ud835\uddf4\ud835\uddfc \ud835\uddf0\ud835\uddfc\ud835\uddfb\ud835\uddfa\ud835\uddf2\ud835\uddfa\ud835\uddfc\ud835\uddff\ud835\uddee \ud835\uddf2\ud835\uddf9 \ud835\udfed\ud835\udfec\ud835\udff5 \ud835\uddee\ud835\uddfb\ud835\uddf6\ud835\ude03\ud835\uddf2\ud835\uddff\ud835\ude00\ud835\uddee\ud835\uddff\ud835\uddf6\ud835\uddfc \ud835\uddf1\ud835\uddf2 \ud835\uddf9\ud835\uddee \ud835\uddd6\ud835\uddfc\ud835\uddfb\ud835\ude00\ud835\ude01\ud835\uddf6\ud835\ude01\ud835\ude02\ud835\uddf0\ud835\uddf6\ud835\uddfc\u0301\ud835\uddfb \ud835\udde0\ud835\uddf2\ud835\ude05\ud835\uddf6\ud835\uddf0\ud835\uddee\ud835\uddfb\ud835\uddee \ud835\uddf0\ud835\uddfc\ud835\uddfb \ud835\uddee\ud835\uddf0\ud835\ude01\ud835\uddfc \ud835\uddf0\ud835\uddf6\u0301\ud835\ude03\ud835\uddf6\ud835\uddf0\ud835\uddfc"},"content":{"rendered":"\n<p>El Higo, Ver. &#8211;  En el marco del 109 aniversario de la promulgaci\u00f3n de la Constituci\u00f3n Pol\u00edtica de los Estados Unidos Mexicanos de 1917, el H. Ayuntamiento de El Higo, encabezado por la presidenta municipal Mary Mart\u00ednez, llev\u00f3 a cabo un acto c\u00edvico solemne en coordinaci\u00f3n con el Departamento de Actos C\u00edvicos, con el objetivo de honrar este acontecimiento hist\u00f3rico que sustenta la vida democr\u00e1tica y el Estado de Derecho en M\u00e9xico.<\/p>\n\n\n\n<p>Acompa\u00f1ada por los integrantes de su Cabildo, la alcaldesa destac\u00f3 la importancia de preservar los valores constitucionales y fortalecer la identidad nacional a trav\u00e9s de este tipo de ceremonias c\u00edvicas.<\/p>\n\n\n\n<div class=\"wp-block-columns is-layout-flex wp-container-core-columns-is-layout-9d6595d7 wp-block-columns-is-layout-flex\">\n<div class=\"wp-block-column is-layout-flow wp-block-column-is-layout-flow\">\n<figure class=\"wp-block-image size-large\"><img loading=\"lazy\" decoding=\"async\" width=\"1024\" height=\"683\" src=\"https:\/\/vocesdeveracruz.com.mx\/wp-content\/uploads\/2026\/02\/628003986_122112451593202840_4236282625154919702_n-1024x683.jpg\" alt=\"\" class=\"wp-image-5192\" srcset=\"https:\/\/vocesdeveracruz.com.mx\/wp-content\/uploads\/2026\/02\/628003986_122112451593202840_4236282625154919702_n-1024x683.jpg 1024w, https:\/\/vocesdeveracruz.com.mx\/wp-content\/uploads\/2026\/02\/628003986_122112451593202840_4236282625154919702_n-300x200.jpg 300w, https:\/\/vocesdeveracruz.com.mx\/wp-content\/uploads\/2026\/02\/628003986_122112451593202840_4236282625154919702_n-768x512.jpg 768w, https:\/\/vocesdeveracruz.com.mx\/wp-content\/uploads\/2026\/02\/628003986_122112451593202840_4236282625154919702_n-1536x1024.jpg 1536w, https:\/\/vocesdeveracruz.com.mx\/wp-content\/uploads\/2026\/02\/628003986_122112451593202840_4236282625154919702_n.jpg 2048w\" sizes=\"auto, (max-width: 1024px) 100vw, 1024px\" \/><\/figure>\n<\/div>\n\n\n\n<div class=\"wp-block-column is-layout-flow wp-block-column-is-layout-flow\">\n<figure class=\"wp-block-image size-large\"><img loading=\"lazy\" decoding=\"async\" width=\"1024\" height=\"683\" src=\"https:\/\/vocesdeveracruz.com.mx\/wp-content\/uploads\/2026\/02\/626422263_122112452121202840_4478284770112312667_n-1024x683.jpg\" alt=\"\" class=\"wp-image-5193\" srcset=\"https:\/\/vocesdeveracruz.com.mx\/wp-content\/uploads\/2026\/02\/626422263_122112452121202840_4478284770112312667_n-1024x683.jpg 1024w, https:\/\/vocesdeveracruz.com.mx\/wp-content\/uploads\/2026\/02\/626422263_122112452121202840_4478284770112312667_n-300x200.jpg 300w, https:\/\/vocesdeveracruz.com.mx\/wp-content\/uploads\/2026\/02\/626422263_122112452121202840_4478284770112312667_n-768x512.jpg 768w, https:\/\/vocesdeveracruz.com.mx\/wp-content\/uploads\/2026\/02\/626422263_122112452121202840_4478284770112312667_n-1536x1025.jpg 1536w, https:\/\/vocesdeveracruz.com.mx\/wp-content\/uploads\/2026\/02\/626422263_122112452121202840_4478284770112312667_n.jpg 2048w\" sizes=\"auto, (max-width: 1024px) 100vw, 1024px\" \/><\/figure>\n<\/div>\n\n\n\n<div class=\"wp-block-column is-layout-flow wp-block-column-is-layout-flow\">\n<figure class=\"wp-block-image size-large\"><img loading=\"lazy\" decoding=\"async\" width=\"1024\" height=\"683\" src=\"https:\/\/vocesdeveracruz.com.mx\/wp-content\/uploads\/2026\/02\/626425372_122112452181202840_9357652567758609_n-1024x683.jpg\" alt=\"\" class=\"wp-image-5194\" srcset=\"https:\/\/vocesdeveracruz.com.mx\/wp-content\/uploads\/2026\/02\/626425372_122112452181202840_9357652567758609_n-1024x683.jpg 1024w, https:\/\/vocesdeveracruz.com.mx\/wp-content\/uploads\/2026\/02\/626425372_122112452181202840_9357652567758609_n-300x200.jpg 300w, https:\/\/vocesdeveracruz.com.mx\/wp-content\/uploads\/2026\/02\/626425372_122112452181202840_9357652567758609_n-768x512.jpg 768w, https:\/\/vocesdeveracruz.com.mx\/wp-content\/uploads\/2026\/02\/626425372_122112452181202840_9357652567758609_n-1536x1025.jpg 1536w, https:\/\/vocesdeveracruz.com.mx\/wp-content\/uploads\/2026\/02\/626425372_122112452181202840_9357652567758609_n.jpg 2048w\" sizes=\"auto, (max-width: 1024px) 100vw, 1024px\" \/><\/figure>\n<\/div>\n<\/div>\n\n\n\n<p>El Gobierno Municipal reconoci\u00f3 de manera especial a la Escuela Primaria \u201cJos\u00e9 Mar\u00eda Morelos y Pav\u00f3n\u201d por la destacada organizaci\u00f3n del evento y por la conducci\u00f3n del programa c\u00edvico, reflejando compromiso, responsabilidad y amor por los valores patrios.<\/p>\n\n\n\n<p>Asimismo, se agradeci\u00f3 la participaci\u00f3n de las instituciones educativas que se sumaron a este acto conmemorativo, cuya presencia refuerza la educaci\u00f3n c\u00edvica y contribuye a mantener vivas las tradiciones y el respeto a los s\u00edmbolos nacionales.<\/p>\n\n\n\n<p>El H. Ayuntamiento de El Higo refrend\u00f3 su compromiso de continuar impulsando acciones que promuevan la cultura c\u00edvica y el amor por la historia nacional.<\/p>\n","protected":false},"excerpt":{"rendered":"<p>El Higo, Ver. &#8211; En el marco del 109 aniversario de la promulgaci\u00f3n de la Constituci\u00f3n Pol\u00edtica de los Estados Unidos Mexicanos de 1917, el H. Ayuntamiento de El Higo,&hellip;<\/p>\n","protected":false},"author":1,"featured_media":5191,"comment_status":"open","ping_status":"closed","sticky":false,"template":"","format":"standard","meta":{"footnotes":""},"categories":[75],"tags":[],"class_list":["post-5190","post","type-post","status-publish","format-standard","has-post-thumbnail","hentry","category-regional"],"magazineBlocksPostFeaturedMedia":{"thumbnail":"https:\/\/vocesdeveracruz.com.mx\/wp-content\/uploads\/2026\/02\/627704610_122112451521202840_6110731386456069505_n-150x150.jpg","medium":"https:\/\/vocesdeveracruz.com.mx\/wp-content\/uploads\/2026\/02\/627704610_122112451521202840_6110731386456069505_n-300x200.jpg","medium_large":"https:\/\/vocesdeveracruz.com.mx\/wp-content\/uploads\/2026\/02\/627704610_122112451521202840_6110731386456069505_n-768x512.jpg","large":"https:\/\/vocesdeveracruz.com.mx\/wp-content\/uploads\/2026\/02\/627704610_122112451521202840_6110731386456069505_n-1024x683.jpg","1536x1536":"https:\/\/vocesdeveracruz.com.mx\/wp-content\/uploads\/2026\/02\/627704610_122112451521202840_6110731386456069505_n-1536x1024.jpg","2048x2048":"https:\/\/vocesdeveracruz.com.mx\/wp-content\/uploads\/2026\/02\/627704610_122112451521202840_6110731386456069505_n.jpg"},"magazineBlocksPostAuthor":{"name":"admin","avatar":"https:\/\/secure.gravatar.com\/avatar\/9d5013f9042ef2dfeb4122e9609da41e1858252ad644b84f2ec3a64ab59cceaf?s=96&d=mm&r=g"},"magazineBlocksPostCommentsNumber":"0","magazineBlocksPostExcerpt":"El Higo, Ver. &#8211; En el marco del 109 aniversario de la promulgaci\u00f3n de la Constituci\u00f3n Pol\u00edtica de los Estados Unidos Mexicanos de 1917, el H. Ayuntamiento de El Higo,&hellip;","magazineBlocksPostCategories":["REGIONAL"],"magazineBlocksPostViewCount":81,"magazineBlocksPostReadTime":2,"magazine_blocks_featured_image_url":{"full":["https:\/\/vocesdeveracruz.com.mx\/wp-content\/uploads\/2026\/02\/627704610_122112451521202840_6110731386456069505_n.jpg",2048,1365,false],"medium":["https:\/\/vocesdeveracruz.com.mx\/wp-content\/uploads\/2026\/02\/627704610_122112451521202840_6110731386456069505_n-300x200.jpg",300,200,true],"thumbnail":["https:\/\/vocesdeveracruz.com.mx\/wp-content\/uploads\/2026\/02\/627704610_122112451521202840_6110731386456069505_n-150x150.jpg",150,150,true]},"magazine_blocks_author":{"display_name":"admin","author_link":"https:\/\/vocesdeveracruz.com.mx\/?author=1"},"magazine_blocks_comment":0,"magazine_blocks_author_image":"https:\/\/secure.gravatar.com\/avatar\/9d5013f9042ef2dfeb4122e9609da41e1858252ad644b84f2ec3a64ab59cceaf?s=96&d=mm&r=g","magazine_blocks_category":"<a href=\"https:\/\/vocesdeveracruz.com.mx\/?cat=75\" rel=\"category\">REGIONAL<\/a>","_links":{"self":[{"href":"https:\/\/vocesdeveracruz.com.mx\/index.php?rest_route=\/wp\/v2\/posts\/5190","targetHints":{"allow":["GET"]}}],"collection":[{"href":"https:\/\/vocesdeveracruz.com.mx\/index.php?rest_route=\/wp\/v2\/posts"}],"about":[{"href":"https:\/\/vocesdeveracruz.com.mx\/index.php?rest_route=\/wp\/v2\/types\/post"}],"author":[{"embeddable":true,"href":"https:\/\/vocesdeveracruz.com.mx\/index.php?rest_route=\/wp\/v2\/users\/1"}],"replies":[{"embeddable":true,"href":"https:\/\/vocesdeveracruz.com.mx\/index.php?rest_route=%2Fwp%2Fv2%2Fcomments&post=5190"}],"version-history":[{"count":1,"href":"https:\/\/vocesdeveracruz.com.mx\/index.php?rest_route=\/wp\/v2\/posts\/5190\/revisions"}],"predecessor-version":[{"id":5195,"href":"https:\/\/vocesdeveracruz.com.mx\/index.php?rest_route=\/wp\/v2\/posts\/5190\/revisions\/5195"}],"wp:featuredmedia":[{"embeddable":true,"href":"https:\/\/vocesdeveracruz.com.mx\/index.php?rest_route=\/wp\/v2\/media\/5191"}],"wp:attachment":[{"href":"https:\/\/vocesdeveracruz.com.mx\/index.php?rest_route=%2Fwp%2Fv2%2Fmedia&parent=5190"}],"wp:term":[{"taxonomy":"category","embeddable":true,"href":"https:\/\/vocesdeveracruz.com.mx\/index.php?rest_route=%2Fwp%2Fv2%2Fcategories&post=5190"},{"taxonomy":"post_tag","embeddable":true,"href":"https:\/\/vocesdeveracruz.com.mx\/index.php?rest_route=%2Fwp%2Fv2%2Ftags&post=5190"}],"curies":[{"name":"wp","href":"https:\/\/api.w.org\/{rel}","templated":true}]}}