{"id":5186,"date":"2026-02-05T16:48:01","date_gmt":"2026-02-05T22:48:01","guid":{"rendered":"https:\/\/vocesdeveracruz.com.mx\/?p=5186"},"modified":"2026-02-05T16:48:01","modified_gmt":"2026-02-05T22:48:01","slug":"tantoyuca-es-sede-de-la-mesa-de-trabajo-de-la-secretaria-de-turismo-y-se-consolida-como-referente-regional","status":"publish","type":"post","link":"https:\/\/vocesdeveracruz.com.mx\/?p=5186","title":{"rendered":"Tantoyuca es sede de la Mesa de Trabajo de la Secretar\u00eda de Turismo y se consolida como referente regional"},"content":{"rendered":"\n<p><\/p>\n\n\n\n<p>Tantoyuca, Ver.\u2013 Bajo el liderazgo del alcalde Roberto San Rom\u00e1n, acompa\u00f1ado de su Cabildo y la Presidenta del Sistema DIF Tantoyuca 2026\u20132029, el H. Ayuntamiento de Tantoyuca fue sede de la Mesa de Trabajo de la Secretar\u00eda de Turismo, realizada en la Casa de la Cultura, consolidando al municipio como un actor clave en la articulaci\u00f3n regional para el desarrollo tur\u00edstico y cultural.<\/p>\n\n\n\n<p>La mesa de trabajo cont\u00f3 con la presencia del Lic. Omar Enr\u00edquez Sol\u00eds, Director de Ferias, Tradiciones y Arte Popular de la Subsecretar\u00eda de Turismo, quien acudi\u00f3 en representaci\u00f3n del Secretario de Turismo del Estado, Igor Roj\u00ed L\u00f3pez, as\u00ed como con el respaldo del Gobierno del Estado que encabeza la Gobernadora Roc\u00edo Nahle, refrendando la coordinaci\u00f3n institucional entre el \u00e1mbito municipal y estatal para impulsar una agenda estrat\u00e9gica que proyecte a Veracruz.<\/p>\n\n\n\n<figure class=\"wp-block-image size-large is-resized\"><img loading=\"lazy\" decoding=\"async\" width=\"1024\" height=\"1024\" src=\"https:\/\/vocesdeveracruz.com.mx\/wp-content\/uploads\/2026\/02\/WhatsApp-Image-2026-02-05-at-3.04.37-PM-1024x1024.jpeg\" alt=\"\" class=\"wp-image-5188\" style=\"width:786px;height:auto\" srcset=\"https:\/\/vocesdeveracruz.com.mx\/wp-content\/uploads\/2026\/02\/WhatsApp-Image-2026-02-05-at-3.04.37-PM-1024x1024.jpeg 1024w, https:\/\/vocesdeveracruz.com.mx\/wp-content\/uploads\/2026\/02\/WhatsApp-Image-2026-02-05-at-3.04.37-PM-300x300.jpeg 300w, https:\/\/vocesdeveracruz.com.mx\/wp-content\/uploads\/2026\/02\/WhatsApp-Image-2026-02-05-at-3.04.37-PM-150x150.jpeg 150w, https:\/\/vocesdeveracruz.com.mx\/wp-content\/uploads\/2026\/02\/WhatsApp-Image-2026-02-05-at-3.04.37-PM-768x768.jpeg 768w, https:\/\/vocesdeveracruz.com.mx\/wp-content\/uploads\/2026\/02\/WhatsApp-Image-2026-02-05-at-3.04.37-PM.jpeg 1280w\" sizes=\"auto, (max-width: 1024px) 100vw, 1024px\" \/><\/figure>\n\n\n\n<p>Al fungir como sede de este encuentro, Tantoyuca reafirma su liderazgo regional, promoviendo la cooperaci\u00f3n entre los ayuntamientos de Zacualpan, Tlachichilco, P\u00e1nuco, \u00c1lamo, Poza Rica, Huayacocotla, Ixhuatl\u00e1n de Madero, Tamal\u00edn, Tepetzintla, Benito Ju\u00e1rez, Zontecomatl\u00e1n, Chicontepec, Chontla, Tuxpan, Citlalt\u00e9petl, Tancoco, Chiconamel, Tempoal, El Higo y Texcatepec, con una visi\u00f3n com\u00fan de desarrollo sustentado en la cultura, las tradiciones y el turismo.<\/p>\n\n\n\n<p>El Gobierno Municipal de Tantoyuca, encabezado por Roberto San Rom\u00e1n, reiter\u00f3 su compromiso de ejercer un gobierno con liderazgo, coordinaci\u00f3n institucional y visi\u00f3n regional, colocando a la cultura y al turismo como ejes estrat\u00e9gicos para el crecimiento econ\u00f3mico, la identidad social y el bienestar de las familias, en plena sinton\u00eda con el proyecto de desarrollo del Gobierno del Estado de Veracruz.<\/p>\n","protected":false},"excerpt":{"rendered":"<p>Tantoyuca, Ver.\u2013 Bajo el liderazgo del alcalde Roberto San Rom\u00e1n, acompa\u00f1ado de su Cabildo y la Presidenta del Sistema DIF Tantoyuca 2026\u20132029, el H. Ayuntamiento de Tantoyuca fue sede de&hellip;<\/p>\n","protected":false},"author":1,"featured_media":5187,"comment_status":"open","ping_status":"closed","sticky":false,"template":"","format":"standard","meta":{"footnotes":""},"categories":[75],"tags":[],"class_list":["post-5186","post","type-post","status-publish","format-standard","has-post-thumbnail","hentry","category-regional"],"magazineBlocksPostFeaturedMedia":{"thumbnail":"https:\/\/vocesdeveracruz.com.mx\/wp-content\/uploads\/2026\/02\/627240491_122112179397172044_8166575628661350358_n-150x150.jpg","medium":"https:\/\/vocesdeveracruz.com.mx\/wp-content\/uploads\/2026\/02\/627240491_122112179397172044_8166575628661350358_n-300x166.jpg","medium_large":"https:\/\/vocesdeveracruz.com.mx\/wp-content\/uploads\/2026\/02\/627240491_122112179397172044_8166575628661350358_n-768x426.jpg","large":"https:\/\/vocesdeveracruz.com.mx\/wp-content\/uploads\/2026\/02\/627240491_122112179397172044_8166575628661350358_n-1024x568.jpg","1536x1536":"https:\/\/vocesdeveracruz.com.mx\/wp-content\/uploads\/2026\/02\/627240491_122112179397172044_8166575628661350358_n.jpg","2048x2048":"https:\/\/vocesdeveracruz.com.mx\/wp-content\/uploads\/2026\/02\/627240491_122112179397172044_8166575628661350358_n.jpg"},"magazineBlocksPostAuthor":{"name":"admin","avatar":"https:\/\/secure.gravatar.com\/avatar\/9d5013f9042ef2dfeb4122e9609da41e1858252ad644b84f2ec3a64ab59cceaf?s=96&d=mm&r=g"},"magazineBlocksPostCommentsNumber":"0","magazineBlocksPostExcerpt":"Tantoyuca, Ver.\u2013 Bajo el liderazgo del alcalde Roberto San Rom\u00e1n, acompa\u00f1ado de su Cabildo y la Presidenta del Sistema DIF Tantoyuca 2026\u20132029, el H. Ayuntamiento de Tantoyuca fue sede de&hellip;","magazineBlocksPostCategories":["REGIONAL"],"magazineBlocksPostViewCount":225,"magazineBlocksPostReadTime":2,"magazine_blocks_featured_image_url":{"full":["https:\/\/vocesdeveracruz.com.mx\/wp-content\/uploads\/2026\/02\/627240491_122112179397172044_8166575628661350358_n.jpg",1320,732,false],"medium":["https:\/\/vocesdeveracruz.com.mx\/wp-content\/uploads\/2026\/02\/627240491_122112179397172044_8166575628661350358_n-300x166.jpg",300,166,true],"thumbnail":["https:\/\/vocesdeveracruz.com.mx\/wp-content\/uploads\/2026\/02\/627240491_122112179397172044_8166575628661350358_n-150x150.jpg",150,150,true]},"magazine_blocks_author":{"display_name":"admin","author_link":"https:\/\/vocesdeveracruz.com.mx\/?author=1"},"magazine_blocks_comment":0,"magazine_blocks_author_image":"https:\/\/secure.gravatar.com\/avatar\/9d5013f9042ef2dfeb4122e9609da41e1858252ad644b84f2ec3a64ab59cceaf?s=96&d=mm&r=g","magazine_blocks_category":"<a href=\"https:\/\/vocesdeveracruz.com.mx\/?cat=75\" rel=\"category\">REGIONAL<\/a>","_links":{"self":[{"href":"https:\/\/vocesdeveracruz.com.mx\/index.php?rest_route=\/wp\/v2\/posts\/5186","targetHints":{"allow":["GET"]}}],"collection":[{"href":"https:\/\/vocesdeveracruz.com.mx\/index.php?rest_route=\/wp\/v2\/posts"}],"about":[{"href":"https:\/\/vocesdeveracruz.com.mx\/index.php?rest_route=\/wp\/v2\/types\/post"}],"author":[{"embeddable":true,"href":"https:\/\/vocesdeveracruz.com.mx\/index.php?rest_route=\/wp\/v2\/users\/1"}],"replies":[{"embeddable":true,"href":"https:\/\/vocesdeveracruz.com.mx\/index.php?rest_route=%2Fwp%2Fv2%2Fcomments&post=5186"}],"version-history":[{"count":1,"href":"https:\/\/vocesdeveracruz.com.mx\/index.php?rest_route=\/wp\/v2\/posts\/5186\/revisions"}],"predecessor-version":[{"id":5189,"href":"https:\/\/vocesdeveracruz.com.mx\/index.php?rest_route=\/wp\/v2\/posts\/5186\/revisions\/5189"}],"wp:featuredmedia":[{"embeddable":true,"href":"https:\/\/vocesdeveracruz.com.mx\/index.php?rest_route=\/wp\/v2\/media\/5187"}],"wp:attachment":[{"href":"https:\/\/vocesdeveracruz.com.mx\/index.php?rest_route=%2Fwp%2Fv2%2Fmedia&parent=5186"}],"wp:term":[{"taxonomy":"category","embeddable":true,"href":"https:\/\/vocesdeveracruz.com.mx\/index.php?rest_route=%2Fwp%2Fv2%2Fcategories&post=5186"},{"taxonomy":"post_tag","embeddable":true,"href":"https:\/\/vocesdeveracruz.com.mx\/index.php?rest_route=%2Fwp%2Fv2%2Ftags&post=5186"}],"curies":[{"name":"wp","href":"https:\/\/api.w.org\/{rel}","templated":true}]}}